{"id":1361,"date":"2009-08-28T11:32:28","date_gmt":"2009-08-28T09:32:28","guid":{"rendered":"http:\/\/egophobia.ro\/?p=1361"},"modified":"2009-08-28T11:40:59","modified_gmt":"2009-08-28T09:40:59","slug":"mini-interviu-cu-vlad-nanca","status":"publish","type":"post","link":"https:\/\/egophobia.ro\/?p=1361","title":{"rendered":"Mini-interviu cu Vlad Nanc\u0103"},"content":{"rendered":"<p>[invitat @ <a href=\"http:\/\/www.egophobia.ro\/13\">EgoPHobia #13<\/a>]<\/p>\n<p align=right>\u00eentreb\u0103ri de Sorin-Mihai Grad &#038; \u015etefan Bolea<\/p>\n<p align=justify>1\/ Ce ai mai f\u0103cut\/publicat\/expus de c\u00e2nd ai fost invitat \u00een EgoPHobia?<br \/>\nAm continuat s\u0103 activez ca artist \u015fi am fost prezent \u00een cateva expozi\u0163ii de grup din Europa (majoritatea expozi\u0163ii cu tematic\u0103 \u2018geo\/politic\u0103\u2019, un tip de context de care sper s\u0103 m\u0103 pot debarasa \u00eencet \u00eencet). Primul pas \u00een acest sens a fost o expozi\u0163ie personal\u0103 \u2013 <i>My Space<\/i>, \u00een care \u00eencercam s\u0103 \u00eempachetez cumva \u00eentr-o ma\u015fin\u0103 a timpului lucr\u0103ri cu teme sociale sau politice, \u00een acela\u015fi timp f\u0103c\u00e2nd mici pa\u015fi catre un alt fel de abordare, unul \u00een care sunt mai interesat de materialitate \u015fi forme, nu doar de un anume tip de mesaj. Un alt proiect interesant pentru mine a fost un workshop \u0163inut \u00een Alexandria (Egipt), iar \u00een momentul de fa\u0163\u0103 m\u0103 aflu la Londra unde sunt g\u0103zduit \u00eentr-o reziden\u0163\u0103 artistic\u0103 de ICR timp de 2 luni \u015fi unde voi face un studiu al activit\u0103\u0163ii artistice \u015fi profesorale a lui Paul Neagu (studio \u00een care sunt sus\u0163inut de Paul Neagu Trust).<!--more--><\/p>\n<p align=justify>2\/ \u0162i-a produs apari\u0163ia \u00een EgoPHobia vreo nepl\u0103cere din punctul de vedere al carierei artistice?<br \/>\nEvident, nu.<\/p>\n<p align=justify>3\/ Procentual, cam c\u00e2t din timpul \u00een care munce\u015fti e alocat pasiunilor proprii \u015fi c\u00e2t &#8220;facturilor &#038; ratelor&#8221;?<br \/>\nAm marea \u015fans\u0103 s\u0103 m\u0103 pot dedica \u00een totalitate activit\u0103\u0163ii mele artistice \u015fi de a nu avea un alt fel de job. Exist\u0103 evident \u015fi momente \u00een care trebuie s\u0103 m\u0103 ocup de mici treburi care \u0163in de managamentul unei locuin\u0163e. <\/p>\n<p align=justify>4\/ Consideri c\u0103 existen\u0163a ta ar fi ratat\u0103 dac\u0103 nu ai reu\u015fi s\u0103 produci o mare oper\u0103?<br \/>\nDeja am produs o mare oper\u0103, fiul meu Victor care de curand a \u00eemplinit 6 ani, a\u015fa c\u0103 cel pu\u0163in din punctul \u0103sta de vedere existen\u0163a mea de p\u00e2n\u0103 acum a fost mai mult dec\u00e2t un succes. Din punct de vedere profesional, cred c\u0103 pe de o parte traseul meu artistic este \u00eenc\u0103 la \u00eenceput, dar \u015fi c\u0103 deja am c\u00e2teva lucr\u0103ri de care pot fi foarte m\u00e2ndru.<\/p>\n<p align=justify>5\/ Care e ultimul scriitor (sau ultima carte) care te-a impresionat?<br \/>\nContinu\u0103 s\u0103 m\u0103 impresioneze Panait Istrati \u015fi m\u0103 bucur c\u0103 am avut \u015fansa s\u0103 fiu \u00een Alexandria, iar de cur\u00e2nd am vizitat \u015fi Br\u0103ila. Mai am \u00eens\u0103 destule locuri de vizitat pentru a ajunge s\u0103 punctez toate ora\u015fele pe care le-a str\u0103batut Istrati.<\/p>\n","protected":false},"excerpt":{"rendered":"<p>[invitat @ EgoPHobia #13] \u00eentreb\u0103ri de Sorin-Mihai Grad &#038; \u015etefan Bolea 1\/ Ce ai mai f\u0103cut\/publicat\/expus de c\u00e2nd ai fost invitat \u00een EgoPHobia? Am continuat s\u0103 activez ca artist \u015fi am fost prezent \u00een cateva expozi\u0163ii de grup din Europa (majoritatea expozi\u0163ii cu tematic\u0103 \u2018geo\/politic\u0103\u2019, un tip de context de care sper s\u0103 m\u0103 pot [&hellip;]<\/p>\n","protected":false},"author":1,"featured_media":0,"comment_status":"open","ping_status":"open","sticky":false,"template":"","format":"standard","meta":{"jetpack_post_was_ever_published":false,"_jetpack_newsletter_access":"","_jetpack_dont_email_post_to_subs":false,"_jetpack_newsletter_tier_id":0,"_jetpack_memberships_contains_paywalled_content":false,"_jetpack_memberships_contains_paid_content":false,"footnotes":""},"categories":[315,125],"tags":[1132,132,1129,116,39,329],"class_list":["post-1361","post","type-post","status-publish","format-standard","hentry","category-egophobia-23","category-invitat","tag-egophobia-23","tag-interviu","tag-invitat","tag-sorin-mihai-grad","tag-stefan-bolea","tag-vlad-nanca"],"jetpack_featured_media_url":"","jetpack_sharing_enabled":true,"jetpack_shortlink":"https:\/\/wp.me\/p6DakB-lX","_links":{"self":[{"href":"https:\/\/egophobia.ro\/index.php?rest_route=\/wp\/v2\/posts\/1361","targetHints":{"allow":["GET"]}}],"collection":[{"href":"https:\/\/egophobia.ro\/index.php?rest_route=\/wp\/v2\/posts"}],"about":[{"href":"https:\/\/egophobia.ro\/index.php?rest_route=\/wp\/v2\/types\/post"}],"author":[{"embeddable":true,"href":"https:\/\/egophobia.ro\/index.php?rest_route=\/wp\/v2\/users\/1"}],"replies":[{"embeddable":true,"href":"https:\/\/egophobia.ro\/index.php?rest_route=%2Fwp%2Fv2%2Fcomments&post=1361"}],"version-history":[{"count":2,"href":"https:\/\/egophobia.ro\/index.php?rest_route=\/wp\/v2\/posts\/1361\/revisions"}],"predecessor-version":[{"id":1368,"href":"https:\/\/egophobia.ro\/index.php?rest_route=\/wp\/v2\/posts\/1361\/revisions\/1368"}],"wp:attachment":[{"href":"https:\/\/egophobia.ro\/index.php?rest_route=%2Fwp%2Fv2%2Fmedia&parent=1361"}],"wp:term":[{"taxonomy":"category","embeddable":true,"href":"https:\/\/egophobia.ro\/index.php?rest_route=%2Fwp%2Fv2%2Fcategories&post=1361"},{"taxonomy":"post_tag","embeddable":true,"href":"https:\/\/egophobia.ro\/index.php?rest_route=%2Fwp%2Fv2%2Ftags&post=1361"}],"curies":[{"name":"wp","href":"https:\/\/api.w.org\/{rel}","templated":true}]}}