{"id":1363,"date":"2009-08-28T11:36:24","date_gmt":"2009-08-28T09:36:24","guid":{"rendered":"http:\/\/egophobia.ro\/?p=1363"},"modified":"2009-08-28T11:41:23","modified_gmt":"2009-08-28T09:41:23","slug":"mini-interviu-cu-dan-coman","status":"publish","type":"post","link":"https:\/\/egophobia.ro\/?p=1363","title":{"rendered":"Mini-interviu cu Dan Coman"},"content":{"rendered":"<p>[invitat @ <a href=\"http:\/\/www.egophobia.ro\/14\">EgoPHobia #14<\/a>]<\/p>\n<p align=right>\u00eentreb\u0103ri de Sorin-Mihai Grad &#038; \u015etefan Bolea<\/p>\n<p align=justify>1\/ Ce-ai mai scris\/publicat de c\u00e2nd ai fost invitat \u00een EgoPHobia?<br \/>\nO c\u0103r\u0163ulie, <em>Dic\u0163ionarul Mara<\/em> (ghidul tat\u0103lui 0-2 ani), la Editura Cartier, Chi\u015fin\u0103u, 2009<!--more--><\/p>\n<p align=justify>2\/ \u0162i-a produs apari\u0163ia \u00een EgoPHobia vreo nepl\u0103cere din punctul de vedere al carierei literare?<br \/>\nNicidecum. <\/p>\n<p align=justify>3\/ Procentual, cam c\u00e2t din timpul \u00een care munce\u015fti e alocat literaturii proprii \u015fi c\u00e2t &#8220;facturilor &#038; ratelor&#8221;?<br \/>\nTot ce fac e \u00een strict\u0103 leg\u0103tur\u0103 cu literatura pe care o scriu.<\/p>\n<p align=justify>4\/ Consideri c\u0103 existen\u0163a ta ar fi ratat\u0103 dac\u0103 nu ai reu\u015fi s\u0103 scrii o mare oper\u0103?<br \/>\nNu m\u0103 intereseaz\u0103 marea oper\u0103. Vreau s\u0103 scriu pentru c\u0103-mi place mult de tot s\u0103 fac asta. Dac\u0103 scrisul ar deveni ceva chinuitor, atunci da, cred c-a\u015f sim\u0163i c\u0103 am ratat.<\/p>\n<p align=justify>5\/ Care e ultimul scriitor (sau ultima carte) care te-a impresionat?<br \/>\nRoberto Bolano, c\u00eeteva povestiri din <em>T\u00eerfe asasine<\/em>, excep\u0163ionale, da.<\/p>\n","protected":false},"excerpt":{"rendered":"<p>[invitat @ EgoPHobia #14] \u00eentreb\u0103ri de Sorin-Mihai Grad &#038; \u015etefan Bolea 1\/ Ce-ai mai scris\/publicat de c\u00e2nd ai fost invitat \u00een EgoPHobia? O c\u0103r\u0163ulie, Dic\u0163ionarul Mara (ghidul tat\u0103lui 0-2 ani), la Editura Cartier, Chi\u015fin\u0103u, 2009<\/p>\n","protected":false},"author":1,"featured_media":0,"comment_status":"open","ping_status":"open","sticky":false,"template":"","format":"standard","meta":{"jetpack_post_was_ever_published":false,"_jetpack_newsletter_access":"","_jetpack_dont_email_post_to_subs":false,"_jetpack_newsletter_tier_id":0,"_jetpack_memberships_contains_paywalled_content":false,"_jetpack_memberships_contains_paid_content":false,"footnotes":""},"categories":[315,125],"tags":[330,1132,132,1129,116,39],"class_list":["post-1363","post","type-post","status-publish","format-standard","hentry","category-egophobia-23","category-invitat","tag-dan-coman","tag-egophobia-23","tag-interviu","tag-invitat","tag-sorin-mihai-grad","tag-stefan-bolea"],"jetpack_featured_media_url":"","jetpack_sharing_enabled":true,"jetpack_shortlink":"https:\/\/wp.me\/p6DakB-lZ","_links":{"self":[{"href":"https:\/\/egophobia.ro\/index.php?rest_route=\/wp\/v2\/posts\/1363","targetHints":{"allow":["GET"]}}],"collection":[{"href":"https:\/\/egophobia.ro\/index.php?rest_route=\/wp\/v2\/posts"}],"about":[{"href":"https:\/\/egophobia.ro\/index.php?rest_route=\/wp\/v2\/types\/post"}],"author":[{"embeddable":true,"href":"https:\/\/egophobia.ro\/index.php?rest_route=\/wp\/v2\/users\/1"}],"replies":[{"embeddable":true,"href":"https:\/\/egophobia.ro\/index.php?rest_route=%2Fwp%2Fv2%2Fcomments&post=1363"}],"version-history":[{"count":2,"href":"https:\/\/egophobia.ro\/index.php?rest_route=\/wp\/v2\/posts\/1363\/revisions"}],"predecessor-version":[{"id":1370,"href":"https:\/\/egophobia.ro\/index.php?rest_route=\/wp\/v2\/posts\/1363\/revisions\/1370"}],"wp:attachment":[{"href":"https:\/\/egophobia.ro\/index.php?rest_route=%2Fwp%2Fv2%2Fmedia&parent=1363"}],"wp:term":[{"taxonomy":"category","embeddable":true,"href":"https:\/\/egophobia.ro\/index.php?rest_route=%2Fwp%2Fv2%2Fcategories&post=1363"},{"taxonomy":"post_tag","embeddable":true,"href":"https:\/\/egophobia.ro\/index.php?rest_route=%2Fwp%2Fv2%2Ftags&post=1363"}],"curies":[{"name":"wp","href":"https:\/\/api.w.org\/{rel}","templated":true}]}}