{"id":13684,"date":"2021-08-07T07:21:30","date_gmt":"2021-08-07T05:21:30","guid":{"rendered":"http:\/\/egophobia.ro\/?p=13684"},"modified":"2021-08-05T07:23:21","modified_gmt":"2021-08-05T05:23:21","slug":"status-1-12","status":"publish","type":"post","link":"https:\/\/egophobia.ro\/?p=13684","title":{"rendered":"status 1.12"},"content":{"rendered":"<p style=\"text-align: center;\" align=\"justify\"><span style=\"color: green;\">(ca prin oglind\u0103)<\/span><\/p>\n<p style=\"text-align: right;\">de Marius-Iulian Stancu<\/p>\n<p style=\"text-align: justify;\">cu fascismul e ca \u00een pilda sem\u0103n\u0103torului &#8211; semin\u021bele lui nu au c\u0103zut niciodat\u0103 pe p\u0103m\u00e2nt bun. hermann keyserling era ceva mai optimist: &#8220;cu siguran\u021b\u0103, dac\u0103 reprezint\u0103 ceva at\u00e2t de productiv pe c\u00e2t cred eu, atunci va disp\u0103rea \u00eentr-o zi, precum s\u0103m\u00e2n\u021ba. va face loc unei noi construc\u021bii, neb\u0103nuite \u0219i de neb\u0103nuit&#8230;&#8221;<!--more--><\/p>\n<p style=\"text-align: justify;\">ar fi p\u0103cat ca \u00een vara anului 64 d.hr. s\u0103 nu fi fost cre\u0219tini cei care au incendiat roma.<\/p>\n<p style=\"text-align: justify;\">f\u0103r\u0103 duhul care s\u0103 se poarte pe deasupra apelor, cei mai mul\u021bi dintre voi, nonconformi\u0219ti chiar [mai ales voi], nu sunte\u021bi altceva dec\u00e2t automate generatoare de, vorba lui michel clouscard, discursuri ma\u0219inale.<\/p>\n<p style=\"text-align: justify;\"><em>introducere \u00een metafizic\u0103<\/em> [vezi mai ales considera\u021biile privind r\u0103st\u0103lm\u0103cirile filosofiei] demonstreaz\u0103 c\u0103 filosofia heideggerian\u0103 este o filosofie a viitorului [timpul ei \u00eenc\u0103 nu a sosit]. cum ar fi putut s\u0103 se apropie studen\u021bii s\u0103i, \u00een vara anului 1935, de semnifica\u021bia filosofiei, f\u0103r\u0103 s\u0103 treac\u0103 prin r\u0103zboiul de care \u00eei mai desp\u0103r\u021beau patru veri? s\u0103 nu tr\u0103im, \u00eens\u0103, cu iluzia c\u0103 deznod\u0103m\u00e2ntul tragediei pe care a interpretat-o germania pe scena istoriei a reprezentat \u00een ce-l prive\u0219te pe om un moment ascendent, o clarificare \u00een raport cu \u00eentrebarea esen\u021bial\u0103 a filosofiei. filosofia moare, trebuie s\u0103 moar\u0103. &#8220;efectul filosofiei nu se poate face sim\u021bit dec\u00e2t \u00een chip mijlocit \u0219i pe trasee \u00eentortocheate, care nu pot fi niciodat\u0103 dirijate; pentru ca \u00een sf\u00e2r\u0219it, \u00eentr-o bun\u0103 zi, \u0219i c\u00e2nd a fost de mult dat\u0103 uit\u0103rii ca filosofie originar\u0103, ea s\u0103 ajung\u0103 s\u0103 se degradeze \u00eentr-un de-la-sine-\u00een\u021beles al <em>dasein<\/em>-ului.\u201d<\/p>\n<p style=\"text-align: justify;\">unul dintre principalele simptome ale decaden\u021bei unei epoci este importan\u021ba exclusiv\u0103 a comentatorilor. pe ruinele unei culturi \u00ee\u0219i fac un nume interpre\u021bii textelor canonice. apostolul pavel este primul decadent al unei ere pe care o \u00eentemeiaz\u0103. doar a\u0219a a putut lua na\u0219tere cu adev\u0103rat cre\u0219tinismul \u2013 principalul exponent al discursului \u00eempotriva lumii, la al c\u0103rei sf\u00e2r\u0219it \u00eenc\u0103 ne mai nevoim.<\/p>\n<p style=\"text-align: justify;\">nu po\u021bi comenta ce \u00ee\u021bi este superior. cu textul autorului de la care pretinzi s\u0103 \u00eenve\u021bi nu po\u021bi avea dec\u00e2t un dialog transformator, ca urmare a unei lipse, a unui dor. witold gombrowicz avea dreptate \u2013 este ceva imoral \u00een u\u0219ur\u0103tatea cu care cititorul, un inferior, crede c\u0103 poate s\u0103 judece cartea.<\/p>\n<p style=\"text-align: justify;\">ceea ce a reprezentat din punct de vedere politic <em>republica<\/em> lui platon \u2013 \u00eentemeierea cet\u0103\u021bii ideale \u2013 reprezint\u0103 din perspectiva form(ul\u0103)\u0103rii sinelui <em>a\u0219a gr\u0103it-a zarathustra <\/em>lui nietzsche.<\/p>\n","protected":false},"excerpt":{"rendered":"<p>(ca prin oglind\u0103) de Marius-Iulian Stancu cu fascismul e ca \u00een pilda sem\u0103n\u0103torului &#8211; semin\u021bele lui nu au c\u0103zut niciodat\u0103 pe p\u0103m\u00e2nt bun. hermann keyserling era ceva mai optimist: &#8220;cu siguran\u021b\u0103, dac\u0103 reprezint\u0103 ceva at\u00e2t de productiv pe c\u00e2t cred eu, atunci va disp\u0103rea \u00eentr-o zi, precum s\u0103m\u00e2n\u021ba. va face loc unei noi construc\u021bii, neb\u0103nuite [&hellip;]<\/p>\n","protected":false},"author":1,"featured_media":0,"comment_status":"open","ping_status":"open","sticky":false,"template":"","format":"standard","meta":{"jetpack_post_was_ever_published":false,"_jetpack_newsletter_access":"","_jetpack_dont_email_post_to_subs":false,"_jetpack_newsletter_tier_id":0,"_jetpack_memberships_contains_paywalled_content":false,"_jetpack_memberships_contains_paid_content":false,"footnotes":""},"categories":[48,1514,27],"tags":[30,1515,1117,60],"class_list":["post-13684","post","type-post","status-publish","format-standard","hentry","category-ca-prin-oglind","category-egophobia-68","category-filosofie","tag-ca-prin-oglinda","tag-egophobia-68","tag-filosofie","tag-marius-iulian-stancu"],"jetpack_featured_media_url":"","jetpack_sharing_enabled":true,"jetpack_shortlink":"https:\/\/wp.me\/p6DakB-3yI","_links":{"self":[{"href":"https:\/\/egophobia.ro\/index.php?rest_route=\/wp\/v2\/posts\/13684","targetHints":{"allow":["GET"]}}],"collection":[{"href":"https:\/\/egophobia.ro\/index.php?rest_route=\/wp\/v2\/posts"}],"about":[{"href":"https:\/\/egophobia.ro\/index.php?rest_route=\/wp\/v2\/types\/post"}],"author":[{"embeddable":true,"href":"https:\/\/egophobia.ro\/index.php?rest_route=\/wp\/v2\/users\/1"}],"replies":[{"embeddable":true,"href":"https:\/\/egophobia.ro\/index.php?rest_route=%2Fwp%2Fv2%2Fcomments&post=13684"}],"version-history":[{"count":1,"href":"https:\/\/egophobia.ro\/index.php?rest_route=\/wp\/v2\/posts\/13684\/revisions"}],"predecessor-version":[{"id":13685,"href":"https:\/\/egophobia.ro\/index.php?rest_route=\/wp\/v2\/posts\/13684\/revisions\/13685"}],"wp:attachment":[{"href":"https:\/\/egophobia.ro\/index.php?rest_route=%2Fwp%2Fv2%2Fmedia&parent=13684"}],"wp:term":[{"taxonomy":"category","embeddable":true,"href":"https:\/\/egophobia.ro\/index.php?rest_route=%2Fwp%2Fv2%2Fcategories&post=13684"},{"taxonomy":"post_tag","embeddable":true,"href":"https:\/\/egophobia.ro\/index.php?rest_route=%2Fwp%2Fv2%2Ftags&post=13684"}],"curies":[{"name":"wp","href":"https:\/\/api.w.org\/{rel}","templated":true}]}}