{"id":13704,"date":"2021-08-22T08:33:14","date_gmt":"2021-08-22T06:33:14","guid":{"rendered":"http:\/\/egophobia.ro\/?p=13704"},"modified":"2021-08-20T20:39:29","modified_gmt":"2021-08-20T18:39:29","slug":"poeme-de-gorun-manolescu","status":"publish","type":"post","link":"https:\/\/egophobia.ro\/?p=13704","title":{"rendered":"poeme de Gorun Manolescu"},"content":{"rendered":"<p><strong>1. Poezia<\/strong><\/p>\n<p>Ars Poetica<\/p>\n<p>&nbsp;<\/p>\n<p>Cine mi-a v\u0103zut fa\u021ba<\/p>\n<p>a orbit<\/p>\n<p>\u0219i s-a pierdut<!--more--><\/p>\n<p>\u00een Infern<\/p>\n<p>Cine mi-a v\u0103zut doar v\u0103lul<\/p>\n<p>a \u00eennebunit<\/p>\n<p>Cine m\u0103 v\u00e2neaz\u0103<\/p>\n<p>crede<\/p>\n<p>din c\u00e2nd \u00een c\u00e2nd<\/p>\n<p>c\u0103 m-a prins<\/p>\n<p>M\u0103 \u00eentinde goal\u0103<\/p>\n<p>pe o mas\u0103 de piatr\u0103<\/p>\n<p>\u00eencepe disec\u021bia<\/p>\n<p>apoi m\u0103 coase<\/p>\n<p>la loc<\/p>\n<p>fericit<\/p>\n<p>c\u0103 m\u0103 poate<\/p>\n<p>clona<\/p>\n<p>\u00eemb\u0103tat de identitate<\/p>\n<p>&#8211; mai nou &#8211;<\/p>\n<p>prin web-b\u00e2lciuri<\/p>\n<p>Dar z\u00e2mbetul meu sarcastic<\/p>\n<p>\u00eemi celebreaz\u0103<\/p>\n<p>absen\u021ba<\/p>\n<p>&nbsp;<\/p>\n<p>&nbsp;<\/p>\n<p><strong>2. Ne invit\u0103m mereu<\/strong><\/p>\n<p>&nbsp;<\/p>\n<p>Ne invit\u0103m mereu.<\/p>\n<p>De fiecare dat\u0103 c\u00e2nd ne \u00eent\u00e2lnim,<\/p>\n<p>unul dintre noi lipse\u0219te.<\/p>\n<p>Acum, \u00een sf\u00e2r\u0219it, suntem fa\u021b\u0103 \u00een fa\u021b\u0103.<\/p>\n<p>Dou\u0103 fe\u021be ale aceleia\u0219i monede.<\/p>\n<p>Identice. Dar diferite.<\/p>\n<p>\u00centre noi \u2013 Ianus.<\/p>\n<p>\u0218opte\u0219te ceva. Parc\u0103 despre<\/p>\n<p>moarte \u0219i via\u021b\u0103\u2026<\/p>\n<p>&nbsp;<\/p>\n<p>&nbsp;<\/p>\n<p>&nbsp;<\/p>\n<p><strong>3. Bizar<\/strong><\/p>\n<p>&nbsp;<\/p>\n<p>Pe prima treapt\u0103<\/p>\n<p>este o floare<\/p>\n<p>pe urm\u0103toarea<\/p>\n<p>\u0163i se taie capul<\/p>\n<p>pe a treia<\/p>\n<p>se pune la loc<\/p>\n<p>\u015fi uite-a\u015fa, din loc \u00een loc,<\/p>\n<p>se \u00eent\u00e2mpl\u0103 c\u00e2te ceva<\/p>\n<p>hilar.<\/p>\n<p>Dar ceea ce este<\/p>\n<p>de-a dreptul<\/p>\n<p>Bi-Zar:<\/p>\n<p>Universul pare<\/p>\n<p>uneori<\/p>\n<p>Absolut<\/p>\n<p>Circular<\/p>\n<p>&nbsp;<\/p>\n<p>&nbsp;<\/p>\n<p>&nbsp;<\/p>\n<p><strong>4. Self<\/strong><\/p>\n<p>&nbsp;<\/p>\n<p>I<\/p>\n<p>M\u0103 uit \u00een oglind\u0103:<\/p>\n<p>M\u0103 prive\u015fte cineva care r\u00e2nje\u015fte<\/p>\n<p>de\u015fi nu schi\u0163ez m\u0103car<\/p>\n<p>un z\u00e2mbet<\/p>\n<p>II<\/p>\n<p>M\u0103 uit \u00een oglind\u0103:<\/p>\n<p>Merg \u00een spate eu \u00eensumi<\/p>\n<p>d\u00e2ndu-mi<\/p>\n<p>\u015futuri<\/p>\n<p>III<\/p>\n<p>M\u0103 uit \u00een oglind\u0103:<\/p>\n<p>E plin\u0103 de praf<\/p>\n<p>\u00eentind m\u00e2na s-o \u015fterg<\/p>\n<p>nu exist\u0103 nici o<\/p>\n<p>oglind\u0103<\/p>\n<p>&nbsp;<\/p>\n<p><strong>5. Pentru c\u0103&#8230;<\/strong><\/p>\n<p>&nbsp;<\/p>\n<p style=\"text-align: justify;\">Cu toate c\u0103\u2026<\/p>\n<p style=\"text-align: justify;\">suntem pe aceea\u015fi strad\u0103 de\u015fi arhicunoscut\u0103 e alta o experiment\u0103m \u015fi ea ne experimenteaz\u0103 cuprinz\u00e2ndu-ne din toate p\u0103r\u0163ile cum al\u0163ii suntem \u015fi ea nu mai este \u2026<\/p>\n<p style=\"text-align: justify;\">Cu toate c\u0103\u2026<\/p>\n<p style=\"text-align: justify;\">ne \u00eent\u00e2lnim \u00een c\u00e2rciuma nenorocit\u0103 de ce dracu&#8217; ne d\u0103m \u00eent\u00e2lnire \u00een acela\u015fi loc infect care ne face grea\u0163\u0103 \u015fi pe care \u00eel c\u0103ut\u0103m totu\u015fi cu fervoare mereu \u015fi mereu pentru c\u0103 \u015fi grea\u0163a asta are alte nuan\u0163e mereu altele pe care fiecare dintre noi nu le putem defini \u00eentr-un fel anume \u015fi nici ele \u2026<\/p>\n<p style=\"text-align: justify;\">Cu toate c\u0103\u2026<\/p>\n<p style=\"text-align: justify;\">diminea\u0163a ne trezim \u00een pat cu altcineva dec\u00e2t noi de\u015fi noaptea \u00een somnul profund f\u0103r\u0103 vise am fost identici (cu cine?)\u2026<\/p>\n<p style=\"text-align: justify;\">Cu toate c\u0103\u2026<\/p>\n<p style=\"text-align: justify;\">am plecat \u00eempreun\u0103 c\u0103tre\u2026 de\u015fi ea a r\u0103mas acas\u0103 vis\u00e2ndu-se fericit-violat\u0103 ascunz\u00e2ndu-\u015fi pudic-pervers goliciunea sub plapum\u0103 c\u0103t\u00e2ndu-m\u0103 \u00een locul de l\u00e2ng\u0103 ea gol plin de somn\u2026<\/p>\n<p style=\"text-align: justify;\">\u015fi\u2026 etc.<\/p>\n<p style=\"text-align: justify;\">Pentru c\u0103\u2026<\/p>\n<p style=\"text-align: justify;\">uneori un poem orfan de singur\u0103tatea propriului \u00een\u0163eles cade ad\u00e2nc \u00een spa\u0163iul dintre cuvintele din care mu\u015fc\u0103m m\u00e2ntui\u0163i\u2026<\/p>\n<p>&nbsp;<\/p>\n<p><strong>6. Rugina cuielor<\/strong><\/p>\n<p>&nbsp;<\/p>\n<p>Ruga \u0219arpelui<\/p>\n<p>adoarme-n<\/p>\n<p>pas\u0103re<\/p>\n<p>A p\u0103s\u0103rii:<\/p>\n<p>\u0219arpe mu\u0219c\u0203ndu-\u0219i coada<\/p>\n<p>Lumin\u0103 neagr\u0103 a lini\u0219tii din Centrul ciclonului<\/p>\n<p>M\u0103 trezesc l\u0203ng\u0103 mine<\/p>\n<p>cu mine strig\u0203nd<\/p>\n<p>Str\u0103inule!<\/p>\n<p>Rugina cuielor<\/p>\n<p>\u00eenflore\u0219te \u00een<\/p>\n<p>palme\u2026<\/p>\n<p>&nbsp;<\/p>\n<p><strong>7. Viol consim\u021bit<\/strong><\/p>\n<p>&nbsp;<\/p>\n<p>Nimic nu poate fi<\/p>\n<p>mai frumos<\/p>\n<p>dec\u00e2t<\/p>\n<p>violul consim\u021bit<\/p>\n<p>al unui<\/p>\n<p>c\u00e2mp de<\/p>\n<p>narcise<\/p>\n<p>\u00een care<\/p>\n<p>am f\u0103cut<\/p>\n<p>dragoste<\/p>\n<p>Umbra noastr\u0103<\/p>\n<p>mai r\u0103t\u0103ce\u0219te<\/p>\n<p>un timp<\/p>\n<p>Ne reg\u0103sim<\/p>\n<p>\u00een oasele<\/p>\n<p>ce se dizolv\u0103<\/p>\n<p>\u00een rug\u0103ciunea<\/p>\n<p>mut\u0103<\/p>\n<p>a florilor<\/p>\n<p>ce au plecat<\/p>\n<p>capul<\/p>\n<p>&nbsp;<\/p>\n<p><strong>8. \u00cen vasta bibliotec\u0103 circular\u0103<\/strong><\/p>\n<p>&nbsp;<\/p>\n<p>\u00cen vasta bibliotec\u0103 circular\u0103<\/p>\n<p>c\u0103t\u00e2nd intens ie\u015firea singular\u0103<\/p>\n<p>prin spa\u0163iul ca o lini\u015fte de moarte<\/p>\n<p>m-am \u00eent\u00e2lnit cu Borges \u00eentr-o carte<\/p>\n<p>Mi-a ar\u0103tat un punct \u015fi mi-a spus Vezi,<\/p>\n<p>lucind speran\u0163a-n vagi creode verzi\u2026<\/p>\n<p>Prin spa\u0163iul ca o lini\u015fte de moarte<\/p>\n<p>am dat chepengul timpului de-o parte<\/p>\n<p>&nbsp;<\/p>\n<p><strong>9. De dragoste<\/strong><\/p>\n<p>&nbsp;<\/p>\n<p>I.<\/p>\n<p>Ce vrei s\u0103-\u021bi spun iubito<\/p>\n<p>nici tu nu \u0219tii<\/p>\n<p>cum am uitat \u0219i eu<\/p>\n<p>c\u0103 exi\u0219ti<\/p>\n<p>cum ai uitat \u0219i tu<\/p>\n<p>c\u0103 nu exist<\/p>\n<p>cum n-am existat am\u00e2ndoi<\/p>\n<p>c\u00e2nd ne \u00eent\u00e2lneam<\/p>\n<p>\u0219optindu-ne cuvinte<\/p>\n<p>de dragoste<\/p>\n<p>\u0219i ne s\u0103rutam f\u0103r\u0103<\/p>\n<p>s\u0103 fim acolo<\/p>\n<p>II.<\/p>\n<p>Dar merg acuma pe strad\u0103<\/p>\n<p>\u0219chiop\u0103t\u00e2nd din c\u00e2nd \u00een c\u00e2nd<\/p>\n<p>ca s\u0103 fiu recunoscut<\/p>\n<p>am \u00eenc\u0103run\u021bit am\u00e2ndoi<\/p>\n<p>\u0219i ne sprijinim unul de altul<\/p>\n<p>m-ai ajuns din urm\u0103<\/p>\n<p>form\u0103m un singur corp<\/p>\n<p>cu dou\u0103 capete<\/p>\n<p>cu dou\u0103 m\u00e2ini<\/p>\n<p>laterale<\/p>\n<p>cu un singur picior<\/p>\n<p>la mijloc<\/p>\n<p>cu dou\u0103 c\u00e2rje<\/p>\n<p>\u00een p\u0103r\u021bi<\/p>\n<p>sem\u0103n\u00e2nd at\u00e2t de bine<\/p>\n<p>unul cu altul<\/p>\n<p>\u00eenc\u00e2t nu ne mai<\/p>\n<p>recunoa\u0219tem<\/p>\n<p><strong>10. \u00cennebunim adesea fix la \u015fase<\/strong><\/p>\n<p>&nbsp;<\/p>\n<p>\u00cennebunim adesea fix la \u015fase<\/p>\n<p>c\u00e2nd \u00eengerii de ghips au \u00eenflorit<\/p>\n<p>mitraliind misterul de m\u0103tase<\/p>\n<p>din visul unor flori de m\u0103rg\u0103rint<\/p>\n<p>Se cerne fin o groaz\u0103 de argint<\/p>\n<p>ecoul se amplific\u0103 prin case<\/p>\n<p>duc\u00e2ndu-ne \u00een catedrale care mint<\/p>\n<p>\u015ei-nebunim atuncea fix la \u015fase<\/p>\n<p>&nbsp;<\/p>\n","protected":false},"excerpt":{"rendered":"<p>1. Poezia Ars Poetica &nbsp; Cine mi-a v\u0103zut fa\u021ba a orbit \u0219i s-a pierdut<\/p>\n","protected":false},"author":2,"featured_media":0,"comment_status":"open","ping_status":"open","sticky":false,"template":"","format":"standard","meta":{"jetpack_post_was_ever_published":false,"_jetpack_newsletter_access":"","_jetpack_dont_email_post_to_subs":false,"_jetpack_newsletter_tier_id":0,"_jetpack_memberships_contains_paywalled_content":false,"_jetpack_memberships_contains_paid_content":false,"footnotes":""},"categories":[1514,13],"tags":[1515,28,1114],"class_list":["post-13704","post","type-post","status-publish","format-standard","hentry","category-egophobia-68","category-poezie","tag-egophobia-68","tag-gorun-manolescu","tag-poezie"],"jetpack_featured_media_url":"","jetpack_sharing_enabled":true,"jetpack_shortlink":"https:\/\/wp.me\/p6DakB-3z2","_links":{"self":[{"href":"https:\/\/egophobia.ro\/index.php?rest_route=\/wp\/v2\/posts\/13704","targetHints":{"allow":["GET"]}}],"collection":[{"href":"https:\/\/egophobia.ro\/index.php?rest_route=\/wp\/v2\/posts"}],"about":[{"href":"https:\/\/egophobia.ro\/index.php?rest_route=\/wp\/v2\/types\/post"}],"author":[{"embeddable":true,"href":"https:\/\/egophobia.ro\/index.php?rest_route=\/wp\/v2\/users\/2"}],"replies":[{"embeddable":true,"href":"https:\/\/egophobia.ro\/index.php?rest_route=%2Fwp%2Fv2%2Fcomments&post=13704"}],"version-history":[{"count":2,"href":"https:\/\/egophobia.ro\/index.php?rest_route=\/wp\/v2\/posts\/13704\/revisions"}],"predecessor-version":[{"id":13706,"href":"https:\/\/egophobia.ro\/index.php?rest_route=\/wp\/v2\/posts\/13704\/revisions\/13706"}],"wp:attachment":[{"href":"https:\/\/egophobia.ro\/index.php?rest_route=%2Fwp%2Fv2%2Fmedia&parent=13704"}],"wp:term":[{"taxonomy":"category","embeddable":true,"href":"https:\/\/egophobia.ro\/index.php?rest_route=%2Fwp%2Fv2%2Fcategories&post=13704"},{"taxonomy":"post_tag","embeddable":true,"href":"https:\/\/egophobia.ro\/index.php?rest_route=%2Fwp%2Fv2%2Ftags&post=13704"}],"curies":[{"name":"wp","href":"https:\/\/api.w.org\/{rel}","templated":true}]}}