{"id":13880,"date":"2021-11-09T07:28:58","date_gmt":"2021-11-09T05:28:58","guid":{"rendered":"http:\/\/egophobia.ro\/?p=13880"},"modified":"2021-11-06T23:33:20","modified_gmt":"2021-11-06T21:33:20","slug":"poeme-de-daniela-toma","status":"publish","type":"post","link":"https:\/\/egophobia.ro\/?p=13880","title":{"rendered":"poeme de Daniela Toma"},"content":{"rendered":"<p style=\"text-align: center;\"><span style=\"color: green;\">(Lecturi potrivite\/recomandate de Alexandra)<\/span><\/p>\n<p style=\"text-align: justify;\">***<\/p>\n<p style=\"text-align: justify;\">uneori m\u0103 ascundeam sub birou, \u00een camera cu lambriuri<\/p>\n<p style=\"text-align: justify;\">care fusese a bunicului meu,<\/p>\n<p style=\"text-align: justify;\">dar mi-a d\u0103ruit-o \u00een schimbul celor trei bastona\u015fe<\/p>\n<p style=\"text-align: justify;\">care-mi reu\u015fiser\u0103 perfect \u00een clasa I<!--more--><\/p>\n<p style=\"text-align: justify;\">\n<p style=\"text-align: justify;\">eu a\u015f fi vrut un ceas, \u00eens\u0103 era mult\u0103 lume la petrecere,<\/p>\n<p style=\"text-align: justify;\">lucrurile se cam \u00eencurcaser\u0103 \u00eentre ele<\/p>\n<p style=\"text-align: justify;\">\u015fi m-au trimis la culcare<\/p>\n<p style=\"text-align: justify;\">\n<p style=\"text-align: justify;\">se zvonea c\u0103 rochia bunicii ar fi fost vopsit\u0103<\/p>\n<p style=\"text-align: justify;\">\u00een albastru electrizant \u015fi nervos<\/p>\n<p style=\"text-align: justify;\">iar ea urma s\u0103 c\u00e2nte o pies\u0103 acustic\u0103<\/p>\n<p style=\"text-align: justify;\">\n<p style=\"text-align: justify;\">m\u0103 uitam pe fereastr\u0103 \u2013 urme pe z\u0103pad\u0103 &#8211;<\/p>\n<p style=\"text-align: justify;\">cineva nev\u0103zut desena cu m\u00e2na mea pe geam<\/p>\n<p style=\"text-align: justify;\">o hart\u0103 a emo\u0163iilor \u015fi un vulcan,<\/p>\n<p style=\"text-align: justify;\">altcineva, mult mai \u00een v\u00e2rst\u0103, stropea semaforul ro\u015fu<\/p>\n<p style=\"text-align: justify;\">cu patimi pe la t\u00e2mple<\/p>\n<p style=\"text-align: justify;\">ca el s\u0103 se ridice cu piruete cu tot<\/p>\n<p style=\"text-align: justify;\">\u015fi s\u0103 fac\u0103 dragoste p\u00e2n\u0103 la epuizare cu toate inimile proaspete<\/p>\n<p style=\"text-align: justify;\">adunate \u00eentr-o singur\u0103 inim\u0103<\/p>\n<p style=\"text-align: justify;\">\n<p style=\"text-align: justify;\">acum, parc\u0103 bunicul meu se ascundea sub birou,<\/p>\n<p style=\"text-align: justify;\">iar eu m\u0103 \u00eempotriveam rochiei mele de z\u0103pad\u0103<\/p>\n<p style=\"text-align: justify;\">cu un c\u00e2mp care ar fi putut fi c\u0103prui<\/p>\n<p style=\"text-align: justify;\">\n<p style=\"text-align: justify;\">melodia bunicii devenise un strig\u0103t de lemn<\/p>\n<p style=\"text-align: justify;\">pe care l-au tot purtat al\u0163ii \u00eenaintea ei,<\/p>\n<p style=\"text-align: justify;\">ani de zile<\/p>\n<p style=\"text-align: justify;\">\n<p style=\"text-align: justify;\">\n<p style=\"text-align: justify;\">\n<p style=\"text-align: justify;\">\n<p style=\"text-align: justify;\">\n<p style=\"text-align: justify;\">\n<p style=\"text-align: justify;\">***<\/p>\n<p style=\"text-align: justify;\">ultima oar\u0103 am avut destul\u0103 r\u0103bdare cu amiaza lui joi<\/p>\n<p style=\"text-align: justify;\">sosit\u0103 pe nea\u015fteptate dintr-o complica\u0163ie \u015fi adormit\u0103 imediat<\/p>\n<p style=\"text-align: justify;\">\u00een picioare, \u00een dreptul u\u015fii<\/p>\n<p style=\"text-align: justify;\">am pus-o repede \u015fi destul de neglijent pe seama unui <em>trebuia s\u0103 se \u00eemt\u00e2mple<\/em>,<\/p>\n<p style=\"text-align: justify;\">am ridicat din umeri \u015fi am uitat de ea un timp<\/p>\n<p style=\"text-align: justify;\">\u00eens\u0103, \u00eentre aerul meu \u015fi aerul ei se \u00eencovoia spatele unei mici distan\u0163e,<\/p>\n<p style=\"text-align: justify;\">de la st\u00e2nga \u015fi p\u00e2n\u0103 la foarte aproapele \u015fi foarte mult doritul alb,<\/p>\n<p style=\"text-align: justify;\">apretat \u015fi c\u0103lcat \u00een picioarele mele frumoase<\/p>\n<p style=\"text-align: justify;\">dup\u0103 ce le balansasem \u00eendelung, \u015fti\u0163i voi deja, peste Crimeea<\/p>\n<p style=\"text-align: justify;\">a\u015fa c\u0103, i-am \u00eentrerupt brusc seara din cuprinsul smintelii,<\/p>\n<p style=\"text-align: justify;\">n-am mai \u0163inut-o niciun minut de vorb\u0103,<\/p>\n<p style=\"text-align: justify;\">am obligat-o s\u0103-\u015fi coas\u0103 singur\u0103 de m\u00e2n\u0103 gusturile,<\/p>\n<p style=\"text-align: justify;\">scrisul \u00eenclinat \u015fi diminea\u0163a mersului<\/p>\n<p style=\"text-align: justify;\">\u015fi i-am ar\u0103tat cu degetul locul de la parterul umbl\u00e2ndului<\/p>\n<p style=\"text-align: justify;\">cum altfel a\u015f mai fi putut sem\u0103na cu o biciclet\u0103 de infinit intens<\/p>\n<p style=\"text-align: justify;\">parcat\u0103 fix \u00een mijlocul cerului?<\/p>\n<p style=\"text-align: justify;\">\n<p style=\"text-align: justify;\">\n<p style=\"text-align: justify;\">\n<p style=\"text-align: justify;\">***<\/p>\n<p style=\"text-align: justify;\">chiar dac\u0103 nu mai zide\u015fti frumuse\u0163ea \u00een partea a doua a zilei<\/p>\n<p style=\"text-align: justify;\">lumina tot \u00eei va aprinde c\u0103ma\u015fa \u015fi-i va supune geam\u0103tul<\/p>\n<p style=\"text-align: justify;\">felul ei de a fi \u00eemprumut\u0103 nuan\u0163e \u00eempr\u0103\u015ftiate de la verdele t\u00e2n\u0103r<\/p>\n<p style=\"text-align: justify;\">aruncat \u00een miezul unei jum\u0103t\u0103\u0163i pe care o cuprinzi<\/p>\n<p style=\"text-align: justify;\">\u015fi-o hr\u0103ne\u015fti toat\u0103 noaptea<\/p>\n<p style=\"text-align: justify;\">\n<p style=\"text-align: justify;\">un semn de \u00eentrebare te \u00eent\u00e2mpin\u0103 cu p\u0103l\u0103ria \u00een m\u00e2n\u0103<\/p>\n<p style=\"text-align: justify;\">ridic\u00e2ndu-te pe v\u00e2rfuri p\u00e2n\u0103 la luna nou\u0103 a altui an<\/p>\n<p style=\"text-align: justify;\">pocne\u015fti din degete,<\/p>\n<p style=\"text-align: justify;\">flac\u0103ra cade peste timp \u015fi-l \u00eembat\u0103,<\/p>\n<p style=\"text-align: justify;\">gura lumii devine privighetoare<\/p>\n<p style=\"text-align: justify;\">fereastra se vindec\u0103 singur\u0103<\/p>\n<p style=\"text-align: justify;\">\n<p style=\"text-align: justify;\">\n<p style=\"text-align: justify;\">\n<p style=\"text-align: justify;\">\n<p style=\"text-align: justify;\">\n<p style=\"text-align: justify;\">\n<p style=\"text-align: justify;\">\n<p style=\"text-align: justify;\">\n<p style=\"text-align: justify;\">\n<p style=\"text-align: justify;\">***<\/p>\n<p style=\"text-align: justify;\">nu \u015ftiu dac\u0103 ai sim\u0163it vreodat\u0103 gustul dimine\u0163ii de luni<br \/>\ncu ferestre proaspete,<br \/>\naceea care tr\u0103ie\u015fte \u00een culoarea din obraji,<br \/>\n\u00ee\u0163i scrie despre frumuse\u0163e<br \/>\n\u015fi calc\u0103 \u00een v\u00e2rful picioarelor pe urmele unor statui<br \/>\nimediat apar cete de verde \u00een care p\u0103s\u0103rile las\u0103 urme<br \/>\n\u015fi-o cunun\u0103 ce se bucur\u0103<\/p>\n<p style=\"text-align: justify;\">dac\u0103 nu \u015ftii s\u0103 te aperi, instinctele merelor coapte<br \/>\n\u015fi nerisipite<br \/>\n\u00ee\u0163i p\u00e2ndesc semnele bune, le fur\u0103 c\u0103ma\u015fa de in<br \/>\n\u015fi-\u0163i pun g\u00e2ndul \u00een lan\u0163uri<\/p>\n<p style=\"text-align: justify;\">dar tu te rote\u015fti \u015fi le c\u00e2n\u0163i \u00eenalt maidanelor<\/p>\n<p style=\"text-align: justify;\">culoarea vag\u0103 \u015fi gulerul scrobit al omului<br \/>\nsunt \u00een alt\u0103 parte concentrate<\/p>\n<p style=\"text-align: justify;\">turta zilei de toat\u0103 frumuse\u0163ea te a\u015fteapt\u0103 p\u00e2n\u0103 m\u00e2ine<\/p>\n<p style=\"text-align: justify;\">\n<p style=\"text-align: justify;\">\n<p style=\"text-align: justify;\">***<\/p>\n<p style=\"text-align: justify;\">\n<p style=\"text-align: justify;\">\u00eemi plac ploile care \u00eencep diminea\u0163a<\/p>\n<p style=\"text-align: justify;\">\u015fi-mi tulbur\u0103 tot restul zilei<\/p>\n<p style=\"text-align: justify;\">atunci, a\u015fez tablourile \u00een alt loc din cas\u0103,<\/p>\n<p style=\"text-align: justify;\">dintr-unul cineva m\u0103 prive\u015fte p\u0103r\u00e2nd s\u0103 spun\u0103<\/p>\n<p style=\"text-align: justify;\">\u201etu ai ales!\u201d<\/p>\n<p style=\"text-align: justify;\">\u015fi eu ciupesc aerul umed \u015fi-mi bandajez apoi m\u00e2na<\/p>\n<p style=\"text-align: justify;\">cu o hart\u0103 a unui \u0163inut c\u0103lduros<\/p>\n<p style=\"text-align: justify;\">unde locuiesc dou\u0103 femei ce seam\u0103n\u0103 izbitor cu mine<\/p>\n<p style=\"text-align: justify;\">sunt ca dou\u0103 bufni\u0163e tinere,<\/p>\n<p style=\"text-align: justify;\">c\u00e2nt\u0103resc cerul c\u00e2nd cu un ochi, c\u00e2nd cu cel\u0103lalt<\/p>\n<p style=\"text-align: justify;\">\u015fi-mpr\u0103\u015ftie duhul ploii cu ciocul p\u00e2n\u0103 la u\u015f\u0103<\/p>\n<p style=\"text-align: justify;\">se spune c\u0103 femeile-bufni\u0163e aduc noroc de frunze verzi,<\/p>\n<p style=\"text-align: justify;\">fac dulcea\u0163\u0103 bun\u0103 de nuci \u015fi pun deoparte juc\u0103rii de plu\u015f pentru iulia<\/p>\n<p style=\"text-align: justify;\">dac\u0103 nu le-a\u015f cunoa\u015fte at\u00e2t de bine,<\/p>\n<p style=\"text-align: justify;\">a\u015f zice c\u0103 au o singur\u0103 inim\u0103 de aur ascuns\u0103 chiar de mine<\/p>\n<p style=\"text-align: justify;\">\u015fi-mpletesc \u00eenc\u0103 boto\u015fei \u00een timpul ceremoniei de \u00eenvestire<\/p>\n<p style=\"text-align: justify;\">a stelelor tinere<\/p>\n<p style=\"text-align: justify;\">-hei! le strig eu &#8230;<\/p>\n<p style=\"text-align: justify;\">nu vede\u0163i c\u0103 plou\u0103 de rupe?<\/p>\n<p style=\"text-align: justify;\">cara\u0163i-v\u0103 singure aripile \u015fi ceasul de\u015ftept\u0103tor,<\/p>\n<p style=\"text-align: justify;\">umfla\u0163i p\u00e2nzele \u015fi topi\u0163i aur pe ancor\u0103!<\/p>\n<p style=\"text-align: justify;\">numai azi ne mai plimb\u0103m f\u0103r\u0103 ciorapi,<\/p>\n<p style=\"text-align: justify;\">nu avem inel, nici e\u015farf\u0103<\/p>\n<p style=\"text-align: justify;\">\n<p style=\"text-align: justify;\">\n<p style=\"text-align: justify;\">DANIELA TOMA \u2013 SCRIITOR<\/p>\n<p><img data-recalc-dims=\"1\" decoding=\"async\" class=\"aligncenter\" src=\"https:\/\/i0.wp.com\/i.vgy.me\/g0YEME.jpg?w=812&#038;ssl=1\" \/><\/p>\n<p style=\"text-align: justify;\">absolvent\u0103 a Universit\u0103\u0163ii Lucian Blaga, Sibiu, Facultatea de Litere \u015fi Arte, profesor limba \u015fi literatura rom\u00e2n\u0103, scriitor rom\u00e2n<\/p>\n<p style=\"text-align: justify;\">debut literar: 1978, \u00een revista ASTRA, Bra\u015fov<\/p>\n<p style=\"text-align: justify;\">volume: <em>M\u0103 numesc Doi<\/em>, Editura Rovimed Publichers, Bac\u0103u, 2013; <em>Forma pa\u015filor pierdu\u0163i<\/em>, Editura Transilvania Publichers, 2013; <em>Evanghelia dup\u0103 mine \u00eens\u0103mi<\/em>, Editura Rovimed Publichers, Bac\u0103u, 2014; <em>Ziua c\u00e2nd am sem\u0103nat cu tine<\/em>, Editura Art Creativ, Bucure\u015fti, 2014, volum care ob\u0163ine locul III \u00een topul celor mai frumoase c\u0103r\u0163i ale anului 2015; <em>C\u00e2nd vorbesc \u00een numele meu<\/em>, Editura Art Creativ, Bucure\u015fti, 2016; <em>fragile,<\/em> Editura Art Creativ, 2017, poeme \u00een proz\u0103; <em>O alt\u0103 An\u0103\/ Una altra Anna,<\/em> poemes tradu\u00efts en catal\u00e0 per Pere Bess\u00f3, Editura Art Creativ, 2018, <em>Nunta n\u0103lucilor de h\u00e2rtie<\/em>, Editura Art Creativ, 2019; <em>Superba rochie neagr\u0103 a umbrei mele<\/em>, Editura Art Creativ, 2020, <em>Vremurile se scriu \u00een jurnalul unei pisici s\u0103lbatice<\/em>, poem teatral (incomod \u015fi chiar bizar), Editura Art Creativ, 2021; <em>Perspective critice<\/em> \u2013 mic discurs inclus (critic\u0103 literar\u0103), Editura Rafet, 2021 (Premiul Editurii Rafet pentru critic\u0103 literar\u0103 la Festivalul <em>Titel Constantinescu<\/em>, edi\u0163ia a XIII-a, 2021); <em>Ochi de lun\u0103<\/em>, Editura Universitar\u0103, 2021<\/p>\n<p style=\"text-align: justify;\">\n<p style=\"text-align: justify;\">poemele sale au fost traduse \u00een limbile: catalan\u0103, englez\u0103, francez\u0103, bulgar\u0103, ucrainean\u0103, italian\u0103, spaniol\u0103<\/p>\n<p style=\"text-align: justify;\">\n<p style=\"text-align: justify;\">Traduceri:<\/p>\n<p style=\"text-align: justify;\">\u00een limba latin\u0103, volumul SAECULUM \u2013 Cultur\u0103 \u015fi civiliza\u0163ie latin\u0103, 2002;<\/p>\n<p style=\"text-align: justify;\">poezii \u00een limba francez\u0103 din volumul <em>Manifest pentru globalizarea poeziei<\/em>, autor, Ionu\u0163 Calot\u0103<\/p>\n<p style=\"text-align: justify;\">poezii din limba englez\u0103 ale poetei Mariela Cordero (Venezuela) \u015fi ale poetului Debasish Parashar (<a href=\"https:\/\/www.facebook.com\/pages\/New-Delhi\/106517799384578?eid=ARA82n-Vs5gLMJmuTm2Rr8W-277lNvX5OoCEo5O72B0Yb9_TjyfvV5SL91wIgoMchvgEH0ttw-aYGcy9&amp;timeline_context_item_type=intro_card_current_city&amp;timeline_context_item_source=1252274273&amp;fref=tag\">New Delhi<\/a>, India)<\/p>\n<p style=\"text-align: justify;\">poezii din limba catalan\u0103 ale poetului \u015fi traduc\u0103torului, Pere Besso (Valencia)<\/p>\n<p style=\"text-align: justify;\">poezii din limba spaniol\u0103 ale poetului <a href=\"https:\/\/www.facebook.com\/andre.cruchaga?__tn__=%2CdlC-R-R&amp;eid=ARBOtL10GfcAtFs-XmE3aUlDP8YJkI-bgLoxVhV9js5PtM23OzMhtjoGMceIt0LPWzVOVGf520GkQxD8&amp;hc_ref=ARRrLAsgagVaAf59dFtKDu1AMtfo6LnRzLeIi38mCdP9qQbIvFzh9QfagYxunr6aro0\">Andr\u00e9 Cruchaga<\/a> (El Salvador, Am\u00e9rica Central)<\/p>\n<p style=\"text-align: justify;\">poezii din limba italian\u0103 \u015fi englez\u0103 ale poetei Anna Ferriero (<a href=\"https:\/\/www.facebook.com\/pages\/Torre-del-Greco\/109579139067631?eid=ARBSAp1U4D1S9xHuGlgIJi5-di-ZLwszH7Ala6dJ67iCLMJp5Kq5WLtQSNI_PlgVkj3Lovy-Eb41DH96&amp;timeline_context_item_type=intro_card_hometown&amp;timeline_context_item_source=100000073375579&amp;fref=tag\">Torre del Greco<\/a>, Italia)<\/p>\n<p style=\"text-align: justify;\">poezii ale poetului Samuel Trigueros Espino\u00a0 HONDURAS, ale poetului Frank Pereira Hennessey (Columbia)<\/p>\n<p style=\"text-align: justify;\">\n<p style=\"text-align: justify;\">A publicat \u00een toate revistele literare importante poezie, traduceri \u015fi critic\u0103 literar\u0103;<\/p>\n<p style=\"text-align: justify;\">Realizeaz\u0103 pentru <em>Revista Monitorul de Poezie<\/em> rubrica Star Art unde promoveaz\u0103 pictura, fiind ea \u00eens\u0103\u015fi pasionat\u0103 de aceasta;<\/p>\n<p style=\"text-align: justify;\">A primit premii importante dintre care amintim c\u00e2teva:\u00a0 Premiul revistei <em>Portal M\u0103iastra<\/em> la cea de-a XXXVII-A EDI\u0162IE a Festivalului Interna\u0163ional de Literatur\u0103 <em>Tudor Arghezi<\/em>, 2017; Premiul II la Festivalul Interna\u0163ional <em>Adrian P\u0103unescu<\/em>, edi\u0163ia a VII-a, Craiova, 2019; Premiul <em>Axis Libri<\/em> la Festivalul Interna\u0163ional al aforismului, edi\u0163ia a III-a, Tecuci, 2019; Premiul Editurii Rafet la Festivalul \u201e<em>Titel Constantinescu<\/em>\u201d, edi\u0163ia a XIII-a, 2021, pentru critic\u0103 literar\u0103 cu volumul <em>Perspective critice \u2013 mic discurs inclus<\/em><\/p>\n<p style=\"text-align: justify;\">este coator, scrie prefa\u0163a \u015fi \u00eengrije\u015fte volumele de versuri: <em>Poemia<\/em>, 2015, volum aniversar Cenaclul de urgen\u0163\u0103, 1 an; <em>Timpul pietrelor pre\u0163ioase<\/em>, 2016, volum aniversar Cenaclul de urgen\u0163\u0103, 2 ani; <em>Femeile cu flori ro\u015fii \u00een p\u0103r<\/em>, 2015, poezie feminine; <em>Preludii pentru fluturi,<\/em> 2015, (volum tip\u0103rit \u00een urma Galei poeziei de dragoste a c\u0103rei organizatoare este); <em>\u00cen dreptul luminii<\/em>, 2017, volum aniversar Cenaclul de urgen\u0163\u0103, 3 ani<em>; Cuvinte de leg\u0103tur\u0103<\/em>, voci tinere contemporane, 2017; <em>Jurnalul unui c\u00e2mp de aripi<\/em>, selec\u0163ie de poezie Art Creativ 2017; <em>Cele mai frumoase poezii de dragoste,<\/em> 2018 (volum tip\u0103rit \u00een urma Galei poeziei de dragoste, edi\u0163ia a II-a, 2018); <em>Starea de om \u2013 Substraturi, <\/em>antologie de poezie contemporan\u0103, 2018; <em>Poeme pe o frunz\u0103<\/em>, antologie de poezie nipon\u0103, coordonator, Maria Oprea; <em>Vina zilnic\u0103 a frumuse\u0163ii<\/em> \u2013 poezie feminin\u0103, 2018, <em>Charme<\/em>, selec\u0163ie de proz\u0103 scurt\u0103 contemporan\u0103, 2018, <em>Carusel cu simfonii tinere<\/em>, volum aniversar 4 ani Cenaclul de urgen\u0163\u0103, 2018, <em>Solda<\/em><em>\u0163i \u00een pia\u0163a soarelui<\/em>, selec\u0163ie din poezia domnilor, 2019, <em>Dincolo de Venus<\/em>, antologie de proz\u0103 contemporan\u0103, 2019, <em>Dare de seam\u0103<\/em>, volum aniversar 5 ani de poezie Art Creativ, 2019,\u00a0 <em>Ro\u015fu declarativ<\/em>, selec\u0163ie din poezia de dragoste contemporan\u0103, 2020, <em>Literatura rom\u00e2n\u0103 contemporan\u0103 \u2013 Poezia<\/em>, antologie, 2020, Literatura <em>rom\u00e2n\u0103 contemporan\u0103 \u2013 Proza<\/em>, antologie, 2020, <em>Poezia 2020<\/em>, antologie, <em>7 Esen<\/em><em>\u0163ial<\/em>, antologie de poezie Art Creativ, 2021, <em>Bazar de corali<\/em>, antologie de poezie contemporan\u0103, 2021; <em>Semne ale fratelui timp<\/em> \u2013 scrieri Art Creativ, 2021 &#8211; toate la Editura Art Creativ, Bucure\u015fti<\/p>\n<p style=\"text-align: justify;\">Realizeaz\u0103 interviuri cu poe\u0163i\/scriitori importan\u0163i, acestea sunt publicate \u00een mediul online, \u00een revista <em>Monitorul de poezie<\/em> \u015fi \u00een alte reviste, dintre intervieva\u0163i: Octavian Soviany, Robert \u015eerban, R\u0103zvan \u0162upa, George Mihalcea, Eugen Pohon\u0163u, Adrian Suciu, Ionu\u0163 Calot\u0103, Victor Martin, Emilian Mirea<\/p>\n<p style=\"text-align: justify;\">A sus\u0163inut recitaluri de poezie la: Festivalul Interna\u0163ional de Poezie Bucure\u015fti, 2018 \u015fi 2019, Festivalul Strada de C\u2019arte Bucure\u015fti, 2018 \u015fi 2019, Salonul c\u0103r\u0163ii arge\u015fene, 2018, Cenaclul de la Roma, 2018, Festivalul Teatru sub lun\u0103, 2019, Muzeul Literaturii Rom\u00e2ne etc.<\/p>\n<p style=\"text-align: justify;\">Despre c\u0103r\u0163ile Danielei Toma au scris criticii literari: Octavian Mihalcea, Victor Martin, Daniel Marian, Lucian Gruia, Raluca Faraon, Mihaela Meravei.<\/p>\n","protected":false},"excerpt":{"rendered":"<p>(Lecturi potrivite\/recomandate de Alexandra) *** uneori m\u0103 ascundeam sub birou, \u00een camera cu lambriuri care fusese a bunicului meu, dar mi-a d\u0103ruit-o \u00een schimbul celor trei bastona\u015fe care-mi reu\u015fiser\u0103 perfect \u00een clasa I<\/p>\n","protected":false},"author":1,"featured_media":0,"comment_status":"open","ping_status":"open","sticky":false,"template":"","format":"standard","meta":{"jetpack_post_was_ever_published":false,"_jetpack_newsletter_access":"","_jetpack_dont_email_post_to_subs":false,"_jetpack_newsletter_tier_id":0,"_jetpack_memberships_contains_paywalled_content":false,"_jetpack_memberships_contains_paid_content":false,"footnotes":""},"categories":[1516,1279,13],"tags":[1216,1527,1517,1280,1114],"class_list":["post-13880","post","type-post","status-publish","format-standard","hentry","category-egophobia-69","category-lecturi-potrivite","category-poezie","tag-alexandra-medaru","tag-daniela-toma","tag-egophobia-69-70","tag-lecturi-potrivite","tag-poezie"],"jetpack_featured_media_url":"","jetpack_sharing_enabled":true,"jetpack_shortlink":"https:\/\/wp.me\/p6DakB-3BS","_links":{"self":[{"href":"https:\/\/egophobia.ro\/index.php?rest_route=\/wp\/v2\/posts\/13880","targetHints":{"allow":["GET"]}}],"collection":[{"href":"https:\/\/egophobia.ro\/index.php?rest_route=\/wp\/v2\/posts"}],"about":[{"href":"https:\/\/egophobia.ro\/index.php?rest_route=\/wp\/v2\/types\/post"}],"author":[{"embeddable":true,"href":"https:\/\/egophobia.ro\/index.php?rest_route=\/wp\/v2\/users\/1"}],"replies":[{"embeddable":true,"href":"https:\/\/egophobia.ro\/index.php?rest_route=%2Fwp%2Fv2%2Fcomments&post=13880"}],"version-history":[{"count":1,"href":"https:\/\/egophobia.ro\/index.php?rest_route=\/wp\/v2\/posts\/13880\/revisions"}],"predecessor-version":[{"id":13881,"href":"https:\/\/egophobia.ro\/index.php?rest_route=\/wp\/v2\/posts\/13880\/revisions\/13881"}],"wp:attachment":[{"href":"https:\/\/egophobia.ro\/index.php?rest_route=%2Fwp%2Fv2%2Fmedia&parent=13880"}],"wp:term":[{"taxonomy":"category","embeddable":true,"href":"https:\/\/egophobia.ro\/index.php?rest_route=%2Fwp%2Fv2%2Fcategories&post=13880"},{"taxonomy":"post_tag","embeddable":true,"href":"https:\/\/egophobia.ro\/index.php?rest_route=%2Fwp%2Fv2%2Ftags&post=13880"}],"curies":[{"name":"wp","href":"https:\/\/api.w.org\/{rel}","templated":true}]}}