{"id":13884,"date":"2021-11-11T16:28:21","date_gmt":"2021-11-11T14:28:21","guid":{"rendered":"http:\/\/egophobia.ro\/?p=13884"},"modified":"2021-11-11T16:28:21","modified_gmt":"2021-11-11T14:28:21","slug":"poeme-de-victor-lobos-saavedra","status":"publish","type":"post","link":"https:\/\/egophobia.ro\/?p=13884","title":{"rendered":"poeme de Victor Lobos Saavedra"},"content":{"rendered":"<p style=\"text-align: right;\">traducere: Alice Valeria Micu<\/p>\n<ol start=\"9\">\n<li><strong> Sacrificiul<\/strong><\/li>\n<\/ol>\n<p><strong>Noaptea de 27-28 august 1938<\/strong><\/p>\n<p>&nbsp;<\/p>\n<p>Ciudat\u0103 caligrafie<\/p>\n<p>Curs\u0103 capricioas\u0103,<\/p>\n<p>Zg\u00e2rieturi electrizante<!--more--><\/p>\n<p>Precum spr\u00e2ncenele \u015fi ridurile \u015fi ad\u00e2nciturile sumbre<\/p>\n<p>De pe chipul furios al unui samurai.<\/p>\n<p>&nbsp;<\/p>\n<p>Nu vroia s\u0103 stea acolo.<\/p>\n<p>Nu trebuia s\u0103 fi stat acolo.<\/p>\n<p>La orele acelea de noapte ar fi trebuit s\u0103 doarm\u0103<\/p>\n<p>\u00cen pat cu Jacqueline.<\/p>\n<p>Erau be\u0163i \u015fi obosi\u0163i<\/p>\n<p>\u015ei unii p\u0103reau gata s\u0103 scoat\u0103 s\u0103biile din teac\u0103<\/p>\n<p>\u00cenainte de cel mai mic semn.<\/p>\n<p>&nbsp;<\/p>\n<p>Toate cafenelele ponosite din Paris<\/p>\n<p>Ne-au v\u0103zut trec\u00e2nd<\/p>\n<p>Zdrobind pahare,<\/p>\n<p>T\u00e2r\u00e2nd scaune,<\/p>\n<p>Jignind chelnerii<\/p>\n<p>Cu sfaturi meschine.<\/p>\n<p>Nu am f\u0103cut asta la Cafe de Flore nici La Cupole nici la Les Deux Magots ,<\/p>\n<p>Soart\u0103 profund obscur\u0103,<\/p>\n<p>Fierbinte \u015fi fetid\u0103,<\/p>\n<p>Unde nu am fost niciodat\u0103.<\/p>\n<p>&nbsp;<\/p>\n<p>Cortegiu de somnambuli zgomoto\u015fi<\/p>\n<p>Ne scurgeam la \u00eent\u00e2mplare<\/p>\n<p>P\u00e2n\u0103 la atelierul lui Dominguez<\/p>\n<p>La num\u0103rul 83 de pe bulevardul Montparnasse.<\/p>\n<p>P\u0103ream o turm\u0103 obosit\u0103<\/p>\n<p>De hiene \u015fi babuini.<\/p>\n<p>Dominguez, un Minotaur<\/p>\n<p>Electrizat \u015fi eu<\/p>\n<p>Patruzeci \u015fi opt de ore\u00a0 f\u0103r\u0103 somn.<\/p>\n<p>&nbsp;<\/p>\n<p>Mi-am petrecut multe nop\u0163i \u00een fa\u0163a p\u00e2nzei<\/p>\n<p>Repet\u00e2nd \u00een minte<\/p>\n<p>Obscurul ritual al sacrificiului:<\/p>\n<p>Conversa\u0163ia.<\/p>\n<p>Insultele \u00eentr-un dialect necunoscut<\/p>\n<p>Esteban Frances trecuse deja peste un comentariu ironic<\/p>\n<p>\u015ei Dominguez s\u0103rise de pe scaunul lui<\/p>\n<p>Ca \u00eempins de un resort.<\/p>\n<p>Dansul convulsiv.<\/p>\n<p>Taurul furios,<\/p>\n<p>Toreadorul,<\/p>\n<p>Purt\u0103torii de steaguri<\/p>\n<p>Spectatorii din jurul arenei.<\/p>\n<p>Spa\u0163iul gol cre\u015ftea \u00eemprejurul v\u00e2ltorii.<\/p>\n<p>Trepanatorii se \u00een\u015furubeaz\u0103 \u00een creier<\/p>\n<p>\u015ei sperie visele.<\/p>\n<p>Eu \u015fi al\u0163i doi am \u00eencercat s\u0103-i desp\u0103r\u0163im.<\/p>\n<p>S-a \u00eencins o lupt\u0103.<\/p>\n<p>Ceva a str\u0103lucit pe o mas\u0103<\/p>\n<p>\u015ei \u00eentr-o clip\u0103 a ajuns \u00een m\u00e2na lui,<\/p>\n<p>\u00cen m\u00e2na lui Dominguez<\/p>\n<p>Apoi a zburat ca o sc\u00e2nteie,<\/p>\n<p>Ca o binecuv\u00e2ntat\u0103 stea efemer\u0103<\/p>\n<p>Care a explodat pe fa\u0163a mea \u00een germeni<\/p>\n<p>Si chipuri\u00a0 familiare dispar<\/p>\n<p>O manta de \u00eentuneric s-a l\u0103sat<\/p>\n<p>Umed\u0103 \u015fi cald\u0103.<\/p>\n<p>&nbsp;<\/p>\n<p>V\u00e2n\u0103torul<\/p>\n<p>\u00cenchide ochiul s\u0103u st\u00e2ng<\/p>\n<p>Doar pentru o secund\u0103<\/p>\n<p>Pentru a-\u015fi \u0163inti mai bine prada.<\/p>\n<p>Soldatul,<\/p>\n<p>Pentru a dobor\u00ee \u015fi a ucide mai sigur<\/p>\n<p>\u00cenchide \u015fi el ochiul s\u0103u st\u00e2ng.<\/p>\n<p>Lansatorul de s\u0103ge\u0163i<\/p>\n<p>\u00cen jocuri de precizie<\/p>\n<p>\u00ce\u015fi \u00eenchide ochiul st\u00e2ng<\/p>\n<p>Pentru a-\u015fi \u0163inti proiectilul<\/p>\n<p>\u00cen centrul negru al plan\u015fei\u2026<\/p>\n<p>C\u00e2t m\u0103 prive\u015fte pe mine<\/p>\n<p>Ochiul meu st\u00e2ng s-a \u00eenchis pe vecie<\/p>\n<p>De c\u00e2nd Hazardul \u015fi Destinul<\/p>\n<p>Mi-au acordat ocazia<\/p>\n<p>De a observa fa\u0163\u0103 \u00een fa\u0163\u0103<\/p>\n<p>\u00censu\u015fi centrul Vie\u0163ii.<\/p>\n<p>&nbsp;<\/p>\n<p>O floare ciudat\u0103 \u0163\u00e2\u015fni din s\u0103m\u00e2n\u0163\u0103<\/p>\n<p>Udat\u0103 cu s\u00e2nge \u015fi sperm\u0103.<\/p>\n<p>Un ombilic obscen.<\/p>\n<p>Un arabesc pervers<\/p>\n<p>Care citea cele mai obtuze hieroglife<\/p>\n<p>\u015ei r\u0103nea precum s\u0103geata lui Chiron<\/p>\n<p>Zeii frigului,<\/p>\n<p>Sub ochiul de sticl\u0103<\/p>\n<p>\u00cen orbita goal\u0103.<\/p>\n<p>&nbsp;<\/p>\n<p>&nbsp;<\/p>\n<p>&nbsp;<\/p>\n<ol start=\"12\">\n<li><strong>Spune treizeci \u015fi trei<\/strong><\/li>\n<\/ol>\n<p><strong>(Post scriptum g\u00e2ndindu-m\u0103 la Arborele gesturilor, de Alfonso Calderon)<\/strong><\/p>\n<p>&nbsp;<\/p>\n<p>Ai cump\u0103rat cartea la o lun\u0103 dup\u0103 ce ai scris poemul<\/p>\n<p>Care a z\u0103cut adormit \u00een tine to\u0163i ace\u015fti ani.<\/p>\n<p>A curs ca s\u00e2ngele sufocat dup\u0103 primul vers:<\/p>\n<p>A n\u0103v\u0103lit peste crust\u0103,<\/p>\n<p>Peste serul g\u0103lbui,<\/p>\n<p>Peste cheagul negru<\/p>\n<p>\u015ei n\u0103p\u00e2rlirea ro\u015fie a s\u00e2ngelui.<\/p>\n<p>Era al t\u0103u \u015fi era perfectul rezumat al c\u0103r\u0163ii.<\/p>\n<p>Pe care o scrisese\u015fi \u00een mintea ta<\/p>\n<p>\u00cenc\u0103 de la \u00eenceput.<\/p>\n<p>\u00cens\u0103 acum ochiul t\u0103u<\/p>\n<p>\u00cent\u00e2lne\u015fte alt ochi<\/p>\n<p>Care te prive\u015fte fix \u015fi te p\u0103trunde<\/p>\n<p>\u015ei te face s\u0103 te ru\u015finezi.<\/p>\n<p>Ce vor g\u00e2ndi ceilal\u0163i c\u00e2nd \u00ee\u0163i vor citi poemul<\/p>\n<p>Dup\u0103 ce vor citi poemul lui?<\/p>\n<p>Ochiul cu ochi.<\/p>\n<p>Ochiul cu ochi falic al lui Bataille.<\/p>\n<p>Ochiul cu ochi din muzica lui Edgar Varese.<\/p>\n<p>Ochiul cu ochi \u00een sec\u0163iune(Bunel\/Dali).<\/p>\n<p>Ochiul cu to\u0163i ochii blefaritici<\/p>\n<p>R\u0103ma\u015fi fascina\u0163i \u015fi obosi\u0163i<\/p>\n<p>Semi \u00eenchi\u015fi complet epuiza\u0163i<\/p>\n<p>De suava intensitate a ceea ce vedeau<\/p>\n<p>Dar \u00een special Ochiul cu ochi al lui Alfonso Calderon.<\/p>\n<p>&nbsp;<\/p>\n<p>Ce are ochiul lui \u015fi nu are al t\u0103u?<\/p>\n<p>Mult mai scurt<\/p>\n<p>La fel de evident \u015fi\u00a0 de pedant<\/p>\n<p>Odat\u0103 ce era tastat<\/p>\n<p>(De\u015fi tu ai uitat<\/p>\n<p>Cel mai important prim plan al lui Bunuel<\/p>\n<p>C\u00e2nd el \u2013sau corectorul &#8211;<\/p>\n<p>Scrisese Brauning \u00een loc de Brauner)<\/p>\n<p>Ochiul lui te despoaie<\/p>\n<p>\u015ei tu \u00eentorci privirea<\/p>\n<p>Derutat\u0103 de felul \u00een care am intrat<\/p>\n<p>\u00cen vechiul joc de copii.<\/p>\n<p>Am t\u0103iat, \u0163i-am decuapt irisul<\/p>\n<p>Ca \u015fi cum ar fi fost o bucat\u0103 de carton<\/p>\n<p>\u015ei am legat-o ca o raz\u0103 laser<\/p>\n<p>Cu ajutorul nervului optic<\/p>\n<p>P\u00e2n\u0103 la umorile tale profunde.<\/p>\n<p>De ce \u0163i-e team\u0103?<\/p>\n<p>De ce nimeni nu crede \u00een coinciden\u0163e?<\/p>\n<p>Nici \u00een ideile platonice<\/p>\n<p>Ale literaturii universale?<\/p>\n<p>Te-au acuzat critcii de plagiat<\/p>\n<p>\u015ei te-au l\u0103sat \u00een afara zidurilor Parnasului?<\/p>\n<p>S\u00e2nge \u00een ochi,<\/p>\n<p>O a\u015fchie, un fir de nisip<\/p>\n<p>\u00cen ochiul<\/p>\n<p>Care \u00eencepe s\u0103 l\u0103crimeze.<\/p>\n<p>&nbsp;<\/p>\n<p>Prive\u015fti dezolat\u0103 de la fereastra ta<\/p>\n<p>Prin sticla dublu securizat\u0103.<\/p>\n<p>Pe strad\u0103 umbrele persoanelor<\/p>\n<p>Sunt quilturi culcate<\/p>\n<p>Care abia au \u00eenceput\u00a0 s\u0103 viseze<\/p>\n<p>La picioarele st\u0103p\u00e2nilor s\u0103i.<\/p>\n<p>Atunci tei g\u00e2nde\u015fti cu precizie la Ulise<\/p>\n<p>\u015ei la Telemach<\/p>\n<p>Care a plecat pe urmele lui.<\/p>\n<p>Te g\u00e2nde\u015fti la Leon Trotsky<\/p>\n<p>Creierul capcan\u0103<\/p>\n<p>Pentru t\u00e2rn\u0103copul lui Ramon Mercader<\/p>\n<p>V\u0103rs\u00e2ndu-se \u00eentr-un bocet s\u00e2ngeros<\/p>\n<p>\u00cen timp ce mama lui a\u015ftepta \u00een ma\u015fin\u0103<\/p>\n<p>Motorul \u00een fl\u0103c\u0103ri<\/p>\n<p>Anticip\u00e2nd medalia lui Stalin.<\/p>\n<p>Te g\u00e2nde\u015fti \u015fi la Victor Brauner<\/p>\n<p>\u015ei la tat\u0103l s\u0103u<\/p>\n<p>Care vorbea cu spiritele<\/p>\n<p>Fotografia mor\u0163ii<\/p>\n<p>\u015ei cuno\u015ftea viitorul.<\/p>\n<p>S\u0103 vezi cu claritate,<\/p>\n<p>Ochiul t\u0103u fix \u00een ochiul lui<\/p>\n<p>&#8211; Care se reflect\u0103 \u00een al t\u0103u<\/p>\n<p>care se reflect\u0103 \u00een al s\u0103u<\/p>\n<p>Care se reflect\u0103 \u00een al t\u0103u<\/p>\n<p>\u00centr-un infinit joc de oglinzi<\/p>\n<p>\u00cen care era dificil de suportat<\/p>\n<p>Faptul c\u0103 el venise deja<\/p>\n<p>C\u00e2nd tu nici nu<\/p>\n<p>\u00cencepuse\u015fi.<\/p>\n<p>&nbsp;<\/p>\n<p>&nbsp;<\/p>\n<p>&nbsp;<\/p>\n<ol start=\"15\">\n<li><strong> Moartea lunii<\/strong><\/li>\n<\/ol>\n<p>&nbsp;<\/p>\n<p>Moartea lunii.<\/p>\n<p>Coconul unei omizi.<\/p>\n<p>O mumie terestr\u0103.<\/p>\n<p>Filamente albe ies din corpul ei.<\/p>\n<p>Ectoplasm\u0103.<\/p>\n<p>Vene uscate de coral.<\/p>\n<p>Dendrite blestemate.<\/p>\n<p>Crengi cu spini \u00een plin\u0103 iarn\u0103.<\/p>\n<p>O m\u00e2n\u0103 uria\u015f\u0103 de piatr\u0103 calcaroas\u0103<\/p>\n<p>Care m\u0103 sus\u0163ine \u00een aer<\/p>\n<p>Precum fantoma unui c\u0103l\u0103tor mort.<\/p>\n<p>&nbsp;<\/p>\n<p>Von Aschenbach e sodomizat p\u00e2n\u0103 la moarte<\/p>\n<p>\u00cen mauzoleul fierbinte din Vene\u0163ia,<\/p>\n<p>Eu levitez, ag\u0103\u0163at de umbrelele mele<\/p>\n<p>Deasupra unui asteroid de b\u0103legar.<\/p>\n<p>Tronul Kabilinei<\/p>\n<p>\u00cencepe s\u0103 se materializeze<\/p>\n<p>\u00cen cealalt\u0103 margine.<\/p>\n<p>&nbsp;<\/p>\n<p>Decapitat\u0103 Jacqueline,<\/p>\n<p>G\u00e2tul t\u0103u s\u00e2ngera<\/p>\n<p>Pe pieptul meu.<\/p>\n<p>Te-am asasinat \u00een vis.<\/p>\n<p>Te purtam la piept<\/p>\n<p>ca pe o medalie.<\/p>\n<p>&nbsp;<\/p>\n<p>Sunt un costum negru<\/p>\n<p>Ce plute\u015fte deasupra unui c\u00e2mp de ghea\u0163\u0103.<\/p>\n<p>Chipul meu verde<\/p>\n<p>E prima \u00eencercare de avort.<\/p>\n<p>S\u00e2ngerai, s\u00e2ngerai,<\/p>\n<p>Frumoas\u0103 copil\u0103,<\/p>\n<p>\u00cen timp ce eu pluteam<\/p>\n<p>Pe c\u0103rarea din urm\u0103.<\/p>\n<p>##<\/p>\n<p>din volumul &#8220;Ochiul \u015fi alte puncte de vedere&#8221;, care poate fi comandat de <a href=\"https:\/\/www.edituracaietesilvane.ro\/produs\/ochiul-si-alte-puncte-de-vedere\/\">aici<\/a><\/p>\n","protected":false},"excerpt":{"rendered":"<p>traducere: Alice Valeria Micu Sacrificiul Noaptea de 27-28 august 1938 &nbsp; Ciudat\u0103 caligrafie Curs\u0103 capricioas\u0103, Zg\u00e2rieturi electrizante<\/p>\n","protected":false},"author":1,"featured_media":0,"comment_status":"open","ping_status":"open","sticky":false,"template":"","format":"standard","meta":{"jetpack_post_was_ever_published":false,"_jetpack_newsletter_access":"","_jetpack_dont_email_post_to_subs":false,"_jetpack_newsletter_tier_id":0,"_jetpack_memberships_contains_paywalled_content":false,"_jetpack_memberships_contains_paid_content":false,"footnotes":""},"categories":[1516,13],"tags":[1379,1517,1114,72,1528],"class_list":["post-13884","post","type-post","status-publish","format-standard","hentry","category-egophobia-69","category-poezie","tag-alice-valeria-micu","tag-egophobia-69-70","tag-poezie","tag-traducere","tag-victor-lobos-saavedra"],"jetpack_featured_media_url":"","jetpack_sharing_enabled":true,"jetpack_shortlink":"https:\/\/wp.me\/p6DakB-3BW","_links":{"self":[{"href":"https:\/\/egophobia.ro\/index.php?rest_route=\/wp\/v2\/posts\/13884","targetHints":{"allow":["GET"]}}],"collection":[{"href":"https:\/\/egophobia.ro\/index.php?rest_route=\/wp\/v2\/posts"}],"about":[{"href":"https:\/\/egophobia.ro\/index.php?rest_route=\/wp\/v2\/types\/post"}],"author":[{"embeddable":true,"href":"https:\/\/egophobia.ro\/index.php?rest_route=\/wp\/v2\/users\/1"}],"replies":[{"embeddable":true,"href":"https:\/\/egophobia.ro\/index.php?rest_route=%2Fwp%2Fv2%2Fcomments&post=13884"}],"version-history":[{"count":1,"href":"https:\/\/egophobia.ro\/index.php?rest_route=\/wp\/v2\/posts\/13884\/revisions"}],"predecessor-version":[{"id":13885,"href":"https:\/\/egophobia.ro\/index.php?rest_route=\/wp\/v2\/posts\/13884\/revisions\/13885"}],"wp:attachment":[{"href":"https:\/\/egophobia.ro\/index.php?rest_route=%2Fwp%2Fv2%2Fmedia&parent=13884"}],"wp:term":[{"taxonomy":"category","embeddable":true,"href":"https:\/\/egophobia.ro\/index.php?rest_route=%2Fwp%2Fv2%2Fcategories&post=13884"},{"taxonomy":"post_tag","embeddable":true,"href":"https:\/\/egophobia.ro\/index.php?rest_route=%2Fwp%2Fv2%2Ftags&post=13884"}],"curies":[{"name":"wp","href":"https:\/\/api.w.org\/{rel}","templated":true}]}}