{"id":13913,"date":"2021-12-01T07:55:24","date_gmt":"2021-12-01T05:55:24","guid":{"rendered":"http:\/\/egophobia.ro\/?p=13913"},"modified":"2022-05-01T18:43:22","modified_gmt":"2022-05-01T16:43:22","slug":"cezar-petrescu-si-misterul-fantasticului-interior-i","status":"publish","type":"post","link":"https:\/\/egophobia.ro\/?p=13913","title":{"rendered":"Cezar Petrescu \u0219i misterul \u201eFantasticului interior\u201d [I]"},"content":{"rendered":"<p style=\"text-align: center;\"><span style=\"color: green;\">(Studii fantastice)<\/span><\/p>\n<p style=\"text-align: right;\">de Oliviu Cr\u00e2znic<\/p>\n<p style=\"text-align: justify;\">O scurt\u0103 prezentare a scriitorului Cezar Petrescu \u0219i a operei sale am publicat \u00een <em>EgoPHobia #68<\/em> \u2013 a se vedea <a href=\"http:\/\/egophobia.ro\/?p=13697\"><em>Cezar Petrescu \u0219i motivul literar al \u201emoartei nelini\u0219tite\u201d<\/em><\/a>\u00a0\u2013, astfel \u00eenc\u00e2t nu o vom relua aici; \u00eel \u00eendemn\u0103m \u00eens\u0103 pe cititor s\u0103 parcurg\u0103 primele patru alineate ale textului men\u021bionat, pentru a \u00een\u021belege mai bine ceea ce urmeaz\u0103 s\u0103 explic\u0103m.<!--more--><\/p>\n<p style=\"text-align: justify;\">Componen\u021ba subciclului epic<em> Fantasticul interior<\/em> a ridicat de-a lungul timpului (\u0219i continu\u0103 s\u0103 ridice \u0219i ast\u0103zi) unele probleme de natur\u0103 teoretic\u0103, probleme c\u0103rora ne vom str\u0103dui s\u0103 le propunem o rezolvare prin intermediul prezentului studiu.<\/p>\n<p><img data-recalc-dims=\"1\" decoding=\"async\" class=\"aligncenter\" src=\"https:\/\/i0.wp.com\/i.vgy.me\/1yDej8.png?w=812&#038;ssl=1\" \/><\/p>\n<p style=\"text-align: center;\">[Caricatur\u0103 realizat\u0103 de Victor Ion Popa]<\/p>\n<p style=\"text-align: justify;\">Stabilirea respectivei componen\u021be este dificil de realizat, \u00een primul r\u00e2nd, din chiar pricina nehot\u0103r\u00e2rii autorului \u00een acest sens, manifestat\u0103, concret, prin:<\/p>\n<p style=\"text-align: justify;\">\u2013 transferul unor proze din subciclu \u00een alte subcicluri \u0219i viceversa, cu ocazia diverselor reedit\u0103ri;<\/p>\n<p style=\"text-align: justify;\">\u2013 operarea unor modific\u0103ri substan\u021biale \u00een cadrul reedit\u0103rilor respective, ajung\u00e2nd uneori p\u00e2n\u0103 la eliminarea elementelor fantastice din oper\u0103, dup\u0103 cum vom vedea (probabil sub influen\u021ba noii or\u00e2nduiri socialiste, care nu privea cu ochi buni abaterile livre\u0219ti de la materialismul dialectic, impun\u00e2nd curentul realist \u0219i curentul proletcultist, condamn\u00e2nd f\u0103\u021bi\u0219 decadentismul \u0219i romantismul macabru dezvoltate \u00een Rom\u00e2nia \u00een prima jum\u0103tate a veacului trecut);<\/p>\n<p style=\"text-align: justify;\">\u2013 utilizarea conceptului de \u201efantastic\u201d \u00eentr-un sens c\u00e2t se poate de lax (\u0219i, deci, impropriu), extins asupra unor cu totul alte categorii estetice (dup\u0103 cum, de asemenea, vom vedea).<\/p>\n<p style=\"text-align: justify;\">\u00cen al doilea r\u00e2nd, constat\u0103m lipsa unui consens \u00een critica \u0219i \u00een istoria noastr\u0103 literar\u0103 cu privire la scrierile cezarpetresciene care apar\u021bin cu adev\u0103rat <em>Fantasticului interior<\/em>, respectiv la prozele care au fost introduse de c\u0103tre autor \u00een mod nejustificat \u00een subciclu ori la crea\u021biile care au fost l\u0103sate \u00een afar\u0103 de c\u0103tre acesta \u00een mod nejustificat.<\/p>\n<p><img data-recalc-dims=\"1\" decoding=\"async\" class=\"aligncenter\" src=\"https:\/\/i0.wp.com\/i.vgy.me\/7qImTi.jpg?w=812&#038;ssl=1\" \/><\/p>\n<p style=\"text-align: justify;\">Cititorul \u0219tie deja, din studiul nostru publicat \u00een <em>EgoPHobia #45<\/em> \u0219i intitulat <a href=\"http:\/\/egophobia.ro\/?p=11067\"><em>Fantasticul delimitat (I)<\/em><\/a>, ce este fantasticul \u0219i prin ce anume se diferen\u021biaz\u0103 de al\u021bi termeni sinonimici. Pentru a \u00eei re\u00eemprosp\u0103ta memoria, vom relua aici doar defini\u021bia propriu-zis\u0103 (o recitire a \u00eentregului text la care am f\u0103cut referire nu ar fi, \u00eens\u0103, nici pe departe lipsit\u0103 de utilitate): \u201e\u00cen art\u0103, \u00abfantasticul\u00bb (gr. \u00abphantastikos\u00bb: \u00abexistent numai \u00een imagina\u021bie\u00bb) poate fi definit drept crearea deliberat\u0103 a unei realit\u0103\u021bi artistice, structural \u0219i semnificativ diferite de realitatea obiectiv\u0103, opera rezultat\u0103 \u00een urma procesului de crea\u021bie nemaicorespunz\u00e2nd, astfel, acestei din urm\u0103 realit\u0103\u021bi\u201d.<\/p>\n<p style=\"text-align: justify;\">Dar ce este \u201efantasticul interior\u201d?&#8230;<\/p>\n<p style=\"text-align: justify;\">Nu putem accepta explica\u021bia lui Cz. Petrescu, oferit\u0103 \u00eentr-o scrisoare din 1944, conform c\u0103reia ar fi grupat \u00een subciclu scrieri nu fantastice \u00een sensul strict al cuv\u00e2ntului, ci psihologice: numeroase alte texte de sondaj psihologic, \u00een special acelea publicate \u00een volumul <em>Drumul cu plopi<\/em>, nu au fost niciodat\u0103 asimilate de c\u0103tre autor <em>Fantasticului interior<\/em>, ceea ce contrazice flagrant afirma\u021bia de mai sus.<\/p>\n<p style=\"text-align: justify;\">\u00cen aceea\u0219i ordine de idei, \u00eentr-un interviu acordat \u00een 1929, scriitorul declara romanul aflat \u00een lucru \u2013 <em>Calea Victoriei<\/em>, un roman eminamente realist \u2013 \u0219i alte 7-8 pe care le preconiza \u00een acela\u0219i \u201eciclu\u201d (se referea, probabil, la subciclul <em>Capitala care ucide<\/em>) ca fiind nu romane de problematic\u0103 social\u0103, ci romane de analiz\u0103 \u0219i conflict psihologic, infirm\u00e2nd astfel teza echivalen\u021bei dintre \u201efantastic interior\u201d \u0219i \u201epsihologic\u201d.<\/p>\n<p><img data-recalc-dims=\"1\" decoding=\"async\" class=\"aligncenter\" src=\"https:\/\/i0.wp.com\/i.vgy.me\/S3ArKP.jpg?w=812&#038;ssl=1\" \/><\/p>\n<p style=\"text-align: justify;\">Prin urmare, de\u0219i componenta psihologic\u0103 a operelor subciclului nu poate fi negat\u0103 (rezult\u00e2nd \u0219i din termenul \u201einterior\u201d \u2013 existent \u00een titlu, dar aflat \u00een mod evident \u00eentr-o pozi\u021bie secundar\u0103, accesorie termenului v\u0103dit principal \u201efantastic\u201d), aceasta caracterizeaz\u0103, \u00een fapt, (aproape) \u00eentreaga oper\u0103 literar\u0103 a lui Cz. Petrescu \u0219i, prin urmare, nu poate constitui o diferen\u021b\u0103 specific\u0103 prin prisma c\u0103reia s\u0103 poat\u0103 fi definit un singur subciclu al crea\u021biei sale.<\/p>\n<p style=\"text-align: justify;\">Nici afirma\u021bia autorului conform c\u0103reia \u201efantasticul interior\u201d nu ar reflecta acela\u0219i tip de fantastic g\u0103sit \u00een scrierile lui E.T.A. Hoffmann ori E.A. Poe nu rezist\u0103 unei analize atente: similitudinile, at\u00e2t stilistice, c\u00e2t \u0219i tematice, cu (unele dintre) scrierile acestor doi autori sunt incontestabile. Mai mult dec\u00e2t at\u00e2t, \u00eens\u0103\u0219i denumirea \u201efantasticul interior\u201d ne poart\u0103 cu g\u00e2ndul, inevitabil, spre ceea ce E.A. Poe denumea, \u00eenc\u0103 din 1840, \u201eterror of the soul\u201d.<\/p>\n<p><img data-recalc-dims=\"1\" decoding=\"async\" class=\"aligncenter\" src=\"https:\/\/i0.wp.com\/i.vgy.me\/QQgiOc.jpg?w=812&#038;ssl=1\" \/><\/p>\n<p style=\"text-align: justify;\">Neput\u00e2ndu-ne, prin urmare, baza pe afirma\u021biile autorului, suntem nevoi\u021bi s\u0103 ne \u00eendrept\u0103m aten\u021bia spre unele opinii avansate, \u00een acest sens, \u00een critica literar\u0103:<\/p>\n<p style=\"text-align: justify;\">\u2013 Perpessicius identific\u0103 dou\u0103 categorii distincte de proze cezarpetresciene (c\u0103rora li s-ar putea atribui, dup\u0103 caz, unele sau altele dintre operele <em>Fantasticului interior<\/em>): prozele fantastice \u0219i, respectiv, prozele psihiatrice, ceea ce confirm\u0103 apropierea (pe care am semnalat-o mai sus) de E.T.A. Hoffmann \u0219i, mai ales, de volumele cu similar\u0103 dualitate structural\u0103 <em>Tales of the Grotesque and Arabesque, <\/em>respectiv<em> Tales of Mystery and Imagination<\/em>, semnate de E.A. Poe (chiar scriitorii de care Cz. Petrescu a c\u0103utat, \u00een mod artificial \u0219i probabil \u00eempins de orgoliu auctorial, s\u0103 se delimiteze la nivel declarativ);<\/p>\n<p style=\"text-align: justify;\">\u2013 O. Botez asimileaz\u0103 \u201efantasticul interior\u201d psihopatologicului;<\/p>\n<p style=\"text-align: justify;\">\u2013 M. Gafi\u021ba circumscrie aceluia\u0219i concept ilogicul \u0219i absurdul.<\/p>\n<p style=\"text-align: justify;\">Dac\u0103 ultima dintre opiniile de mai sus extinde mult prea mult \u00een\u021belesul no\u021biunii de \u201efantastic\u201d (\u00eemping\u00e2nd-o, astfel, \u00een derizoriu), iar penultima nu poate fi aplicat\u0103 operelor <em>Fantasticului interior<\/em> care au o cert\u0103 component\u0103 fantastic\u0103 pe care psihopatologicul, prin defini\u021bie, o exclude (oferind boala psihic\u0103 drept explica\u021bie a unui doar aparent supranatural), consider\u0103m c\u0103 teza lui Perpessicius, f\u0103r\u0103 a constitui o rezolvare \u201eper se\u201d a problemei pe care o analiz\u0103m, ne \u00eendreapt\u0103 \u00een direc\u021bia bun\u0103, necesit\u00e2nd doar completare \u0219i nuan\u021bare.<\/p>\n<p style=\"text-align: right;\"><em>[<a href=\"http:\/\/egophobia.ro\/?p=14162\">continuarea \u00een num\u0103rul urm\u0103tor<\/a>]<\/em><\/p>\n","protected":false},"excerpt":{"rendered":"<p>(Studii fantastice) de Oliviu Cr\u00e2znic O scurt\u0103 prezentare a scriitorului Cezar Petrescu \u0219i a operei sale am publicat \u00een EgoPHobia #68 \u2013 a se vedea Cezar Petrescu \u0219i motivul literar al \u201emoartei nelini\u0219tite\u201d\u00a0\u2013, astfel \u00eenc\u00e2t nu o vom relua aici; \u00eel \u00eendemn\u0103m \u00eens\u0103 pe cititor s\u0103 parcurg\u0103 primele patru alineate ale textului men\u021bionat, pentru a [&hellip;]<\/p>\n","protected":false},"author":2,"featured_media":0,"comment_status":"open","ping_status":"open","sticky":false,"template":"","format":"standard","meta":{"jetpack_post_was_ever_published":false,"_jetpack_newsletter_access":"","_jetpack_dont_email_post_to_subs":false,"_jetpack_newsletter_tier_id":0,"_jetpack_memberships_contains_paywalled_content":false,"_jetpack_memberships_contains_paid_content":false,"footnotes":""},"categories":[8,1516,892],"tags":[1519,1113,1517,636,1194],"class_list":["post-13913","post","type-post","status-publish","format-standard","hentry","category-critica","category-egophobia-69","category-ghidul-cititorului-de-fantastic","tag-cezar-petrescu","tag-critica","tag-egophobia-69-70","tag-oliviu-craznic","tag-studii-fantastice"],"jetpack_featured_media_url":"","jetpack_sharing_enabled":true,"jetpack_shortlink":"https:\/\/wp.me\/p6DakB-3Cp","_links":{"self":[{"href":"https:\/\/egophobia.ro\/index.php?rest_route=\/wp\/v2\/posts\/13913","targetHints":{"allow":["GET"]}}],"collection":[{"href":"https:\/\/egophobia.ro\/index.php?rest_route=\/wp\/v2\/posts"}],"about":[{"href":"https:\/\/egophobia.ro\/index.php?rest_route=\/wp\/v2\/types\/post"}],"author":[{"embeddable":true,"href":"https:\/\/egophobia.ro\/index.php?rest_route=\/wp\/v2\/users\/2"}],"replies":[{"embeddable":true,"href":"https:\/\/egophobia.ro\/index.php?rest_route=%2Fwp%2Fv2%2Fcomments&post=13913"}],"version-history":[{"count":3,"href":"https:\/\/egophobia.ro\/index.php?rest_route=\/wp\/v2\/posts\/13913\/revisions"}],"predecessor-version":[{"id":14164,"href":"https:\/\/egophobia.ro\/index.php?rest_route=\/wp\/v2\/posts\/13913\/revisions\/14164"}],"wp:attachment":[{"href":"https:\/\/egophobia.ro\/index.php?rest_route=%2Fwp%2Fv2%2Fmedia&parent=13913"}],"wp:term":[{"taxonomy":"category","embeddable":true,"href":"https:\/\/egophobia.ro\/index.php?rest_route=%2Fwp%2Fv2%2Fcategories&post=13913"},{"taxonomy":"post_tag","embeddable":true,"href":"https:\/\/egophobia.ro\/index.php?rest_route=%2Fwp%2Fv2%2Ftags&post=13913"}],"curies":[{"name":"wp","href":"https:\/\/api.w.org\/{rel}","templated":true}]}}