{"id":1393,"date":"2009-08-28T19:05:40","date_gmt":"2009-08-28T17:05:40","guid":{"rendered":"http:\/\/egophobia.ro\/?p=1393"},"modified":"2009-08-31T17:04:22","modified_gmt":"2009-08-31T15:04:22","slug":"cvb","status":"publish","type":"post","link":"https:\/\/egophobia.ro\/?p=1393","title":{"rendered":"Bobi\u0163\u0103, Virgil, B\u0103nescu"},"content":{"rendered":"<p align=right>de Un_Cristian<\/p>\n<p align=justify>\nLa \u00eenceput a fost Bobi\u0163\u0103. Un t\u00e2n\u0103r care-mi povestea cu calm despre iubiri pierdute \u015fi dragoste ne\u00eemp\u0103rt\u0103\u015fit\u0103. Se mutase-n Bucure\u015fti \u015fi f\u0103cuse ceea ce numai Ianu\u015f mai \u00eendr\u0103znise s\u0103 cear\u0103 \u2013 legitimarea prin poezie. Mersese la decanatul facult\u0103\u0163ii de litere \u015fi-i ceruse decanului s\u0103 fie admis la facultate pentru c\u0103 era poet.<!--more--><\/p>\n<p align=justify>\nBobi\u0163\u0103 avea un talent muzical atipic. Prima lui lectur\u0103 la litere a fost un recital. Mi-l amintesc \u015fi acum pe Ianu\u015f sup\u0103rat c\u0103-l tot fotografiam c\u00e2nt\u00e2nd. Apoi Bobi\u0163\u0103 a banescudisp\u0103rut o vreme. Intrase \u00een lumea literar\u0103 adev\u0103rat\u0103. Cu el am fost primele \u015fi ultimele d\u0103\u0163i la Casa Verdi a Iolandei Malamen, prin el am ajuns s\u0103-l v\u0103d \u00een carne \u015fi oase pe Cezar Iv\u0103nescu, fa\u0163\u0103 de care avea o uria\u015f\u0103 admira\u0163ie. Apoi ne-am rev\u0103zut  \u00een acea minunat\u0103 zi de \u00eenceput de martie c\u00e2nd to\u0163i greii cenaclului veniser\u0103 de-acas\u0103 cu c\u00e2rpe \u015fi detergent pentru a face curat \u00een viitoarea sal\u0103 a Bibliotecii de poezie. \u015ei, la final, la parodia \u00eenmorm\u00e2nt\u0103rii Bibliotecii, unde a r\u00e2s copios. Cam at\u00e2t. Au urmat ani de \u00eent\u00e2lniri absolut conven\u0163ionale, dar amiabile. \u00cemi povestea de burse, de c\u0103l\u0103torii, dar \u00eel sim\u0163eam tot mai departe.<\/p>\n<p align=justify>\nVirgil s-a prezentat \u00een 2008. Mi-a spus \u015fi mie, ca \u015fi celorlal\u0163i, c\u0103 Bobi\u0163\u0103 devenise Virgil. S\u0103-i spunem Virgil. Se schimbase. Ne-am \u00eent\u00e2lnit de c\u00e2teva ori, am fost \u00eempreun\u0103 la Alba \u015fi am purtat c\u00e2teva discu\u0163ii pe mess. Ar fi vrut s\u0103 scoat\u0103 o antologie, \u00eel amenin\u0163asem cu un interviu (acum vreo dou\u0103 luni). Am am\u00e2nat.<\/p>\n<p align=justify>\nAcum c\u00e2nd scriu aceste r\u00e2nduri nefericite, Bobi\u0163\u0103 \u015fi Virgil au devenit, invariabil, B\u0103nescu. G\u00e2ndindu-m\u0103 la el, ca la un om bun \u015fi un poet minunat, nu pot s\u0103 nu fiu trist.<\/p>\n<p align=justify>\nAsear\u0103, c\u00e2nd am auzit un zvon, n-am \u00eendr\u0103znit s\u0103 intru pe mess. De diminea\u0163\u0103, statusul lui era activat. Alarm\u0103 fals\u0103. Doar c\u0103 \u00een dreptul lui scria: \u201cmama \u015fi tat\u0103l lui Bobi\u0163\u0103 strig\u0103 c\u0103tre cei ce-l cunosc c\u0103 azi Bobi a plecat la steaua lui cea f\u0103r\u0103 de noroc. Veni\u0163i cu noi s\u0103-i u\u015fur\u0103m zborul\u201d.<\/p>\n<p align=justify>\nConstantin Virgil B\u0103nescu s-a sinucis la 27 de ani. S-ar putea posta fotografii inedite, filmule\u0163e. La ce bun?&#8230;<\/p>\n<p align=justify>\nVor urma t\u0103m\u00e2ierile. Pe lista \u00eentreb\u0103rilor pentru interviu m\u0103 opresc la cea mai intim\u0103: \u201cTe-ai sinucide?\u201d  A  r\u0103mas \u00een fi\u015fierul B\u0103nescu. Nu mi-a\u015f fi dorit s\u0103-i fi luat ultimul interviu. Dumnezeu s\u0103-l odihneasc\u0103!<\/p>\n<p align=justify>[postat ini&#355;ial pe <a href=\"http:\/\/miculftiriadi.wordpress.com\/2009\/08\/12\/bobita-virgil-banescu\/\" target=\"_blank\">blogul autorului<\/a>]<\/p>\n","protected":false},"excerpt":{"rendered":"<p>de Un_Cristian La \u00eenceput a fost Bobi\u0163\u0103. Un t\u00e2n\u0103r care-mi povestea cu calm despre iubiri pierdute \u015fi dragoste ne\u00eemp\u0103rt\u0103\u015fit\u0103. Se mutase-n Bucure\u015fti \u015fi f\u0103cuse ceea ce numai Ianu\u015f mai \u00eendr\u0103znise s\u0103 cear\u0103 \u2013 legitimarea prin poezie. Mersese la decanatul facult\u0103\u0163ii de litere \u015fi-i ceruse decanului s\u0103 fie admis la facultate pentru c\u0103 era poet.<\/p>\n","protected":false},"author":2,"featured_media":0,"comment_status":"open","ping_status":"open","sticky":false,"template":"","format":"standard","meta":{"jetpack_post_was_ever_published":false,"_jetpack_newsletter_access":"","_jetpack_dont_email_post_to_subs":false,"_jetpack_newsletter_tier_id":0,"_jetpack_memberships_contains_paywalled_content":false,"_jetpack_memberships_contains_paid_content":false,"footnotes":""},"categories":[315,125],"tags":[336,1132,1129,342],"class_list":["post-1393","post","type-post","status-publish","format-standard","hentry","category-egophobia-23","category-invitat","tag-constantin-virgil-banescu","tag-egophobia-23","tag-invitat","tag-un_cristian"],"jetpack_featured_media_url":"","jetpack_sharing_enabled":true,"jetpack_shortlink":"https:\/\/wp.me\/s6DakB-cvb","_links":{"self":[{"href":"https:\/\/egophobia.ro\/index.php?rest_route=\/wp\/v2\/posts\/1393","targetHints":{"allow":["GET"]}}],"collection":[{"href":"https:\/\/egophobia.ro\/index.php?rest_route=\/wp\/v2\/posts"}],"about":[{"href":"https:\/\/egophobia.ro\/index.php?rest_route=\/wp\/v2\/types\/post"}],"author":[{"embeddable":true,"href":"https:\/\/egophobia.ro\/index.php?rest_route=\/wp\/v2\/users\/2"}],"replies":[{"embeddable":true,"href":"https:\/\/egophobia.ro\/index.php?rest_route=%2Fwp%2Fv2%2Fcomments&post=1393"}],"version-history":[{"count":4,"href":"https:\/\/egophobia.ro\/index.php?rest_route=\/wp\/v2\/posts\/1393\/revisions"}],"predecessor-version":[{"id":1467,"href":"https:\/\/egophobia.ro\/index.php?rest_route=\/wp\/v2\/posts\/1393\/revisions\/1467"}],"wp:attachment":[{"href":"https:\/\/egophobia.ro\/index.php?rest_route=%2Fwp%2Fv2%2Fmedia&parent=1393"}],"wp:term":[{"taxonomy":"category","embeddable":true,"href":"https:\/\/egophobia.ro\/index.php?rest_route=%2Fwp%2Fv2%2Fcategories&post=1393"},{"taxonomy":"post_tag","embeddable":true,"href":"https:\/\/egophobia.ro\/index.php?rest_route=%2Fwp%2Fv2%2Ftags&post=1393"}],"curies":[{"name":"wp","href":"https:\/\/api.w.org\/{rel}","templated":true}]}}