{"id":13941,"date":"2021-12-12T17:34:48","date_gmt":"2021-12-12T15:34:48","guid":{"rendered":"http:\/\/egophobia.ro\/?p=13941"},"modified":"2021-12-12T17:34:48","modified_gmt":"2021-12-12T15:34:48","slug":"poeme-de-de-monica-manolachi","status":"publish","type":"post","link":"https:\/\/egophobia.ro\/?p=13941","title":{"rendered":"poeme de de Monica Manolachi"},"content":{"rendered":"<p><strong>Carte po<\/strong><strong>\u0219<\/strong><strong>tal\u0103 din Ingolstadt<\/strong><\/p>\n<p>&nbsp;<\/p>\n<p>Bavaria mi s-a cuib\u0103rit pe ecran,<\/p>\n<p>micu\u021b\u0103 ca palma mea dreapt\u0103:<\/p>\n<p>o g\u00e2rl\u0103 \u00eentre dou\u0103 \u0219iruri de plopi,<\/p>\n<p>ni\u0219te vite, trei p\u0103stori,<!--more--><\/p>\n<p>trei c\u0103l\u0103tori \u0219i un litograf \u00een repaus.<\/p>\n<p>At\u00e2t de departe a ajuns str\u0103bunicul.<\/p>\n<p>Era \u00een Primul R\u0103zboi Mondial.<\/p>\n<p>Locul acesta i-a fost cas\u0103 un an de zile.<\/p>\n<p>Umbla cu traista \u00een b\u0103\u021b<\/p>\n<p>\u0218i tr\u0103ia cu un strugure pe zi.<\/p>\n<p>\u00centr-o toamn\u0103, a luat Dun\u0103rea de bra\u021b<\/p>\n<p>\u0219i a mers pe jos p\u00e2n\u0103 a ajuns acas\u0103.<\/p>\n<p>I-a luat o lun\u0103 \u00eentreag\u0103 \u0219i o zi.<\/p>\n<p>S-a ascuns prin p\u0103duri, pe la \u021bar\u0103.<\/p>\n<p>Grani\u021bele erau o nimica toat\u0103.<\/p>\n<p>C\u00e2nd \u0219i-a \u00eembr\u0103\u021bi\u0219at nevasta la sosire,<\/p>\n<p>A v\u0103zut c\u0103 b\u0103use tot fluviul.<\/p>\n<p>&nbsp;<\/p>\n<p>&nbsp;<\/p>\n<p>&nbsp;<\/p>\n<p><strong>Un flarf din Pancevo<\/strong><\/p>\n<p>&nbsp;<\/p>\n<p>A\u0219 fi venit cu un alt prim vers<\/p>\n<p>\u00cen poezia din Pancevo,<\/p>\n<p>Dar am mers la cump\u0103r\u0103turi, am g\u0103tit.<\/p>\n<p>Lumina \u0219i gazul? Chiar azi le-am pl\u0103tit.<\/p>\n<p>Atunci trimite-mi un mesaj, da?<\/p>\n<p>Nu am avut timp s\u0103 scriu altceva<\/p>\n<p>Pe acest al \u0219aptelea r\u00e2nd,<\/p>\n<p>Fiindc\u0103 \u0219tii bine c\u0103 din c\u00e2nd \u00een c\u00e2nd<\/p>\n<p>\u00cei scot pe copii \u00een parc la joac\u0103.<\/p>\n<p>Mmm, ce-mi place via\u021ba adev\u0103rat\u0103<\/p>\n<p>C\u00e2nd cei mici sar dinadins \u00een b\u0103ltoac\u0103.<\/p>\n<p>Atunci o l\u0103s\u0103m pe alt\u0103 dat\u0103&#8230;<\/p>\n<p>Ah, puteam alc\u0103tui un stih mai fain,<\/p>\n<p>Dar a trebuit s\u0103 \u021bin ore online,<\/p>\n<p>Ca s\u0103 am \u0219i eu, ca omul, din ce tr\u0103i.<\/p>\n<p>O, ce via\u021b\u0103 de care nu te po\u021bi feri!<\/p>\n<p>A\u0219 fi ales \u00een locul acesta un vers perfect,<\/p>\n<p>Cu estetic\u0103 nou\u0103 \u0219i de efect,<\/p>\n<p>Dar a trebuit s\u0103 fac curat prin camere,<\/p>\n<p>S\u0103 cur\u0103\u021b podelele \u0219i balcoanele.<\/p>\n<p>&nbsp;<\/p>\n<p>&nbsp;<\/p>\n<p>&nbsp;<\/p>\n<p><strong>Lec\u021bie de \u00eenot \u00een E\u0219elni\u021ba<\/strong><\/p>\n<p>&nbsp;<\/p>\n<p>C\u00e2nd aveam doisprezece ani,<\/p>\n<p>am vrut s\u0103 \u00eenv\u0103\u021b s\u0103 \u00eenot.<\/p>\n<p>Piscinele infinite nu erau la mod\u0103<\/p>\n<p>\u0219i ta\u021bii traversau r\u00e2urile \u00eentr-o clipit\u0103.<\/p>\n<p>C\u0103ut\u00e2nd s\u0103 le urmez exemplul,<\/p>\n<p>Am s\u0103rit \u00een golfule\u021b chicotind de bucurie.<\/p>\n<p>Deodat\u0103, am \u00eencercat s\u0103 strig,<\/p>\n<p>dar apa \u0219ireat\u0103 m-a acoperit<\/p>\n<p>\u0219i m-a \u00eenh\u0103\u021bat cu bra\u021bele-i reci.<\/p>\n<p>Moartea albastr\u0103 z\u00e2mbea \u00een ad\u00e2nc<\/p>\n<p>mofturoas\u0103 ca o p\u0103pu\u0219\u0103 din c\u00e2rpe.<\/p>\n<p>Ce repede m-au tras h\u0103\u021burile cerului<\/p>\n<p>din fluidul insensibil care m\u0103 sugruma!<\/p>\n<p>Nu \u0219tiam c\u0103 apele a c\u0103ror albie nu se vede<\/p>\n<p>sunt periculoase \u0219i imprevizibile.<\/p>\n<p>Nu te g\u00e2ndeai c\u0103 sportul \u0219i distrac\u021bia<\/p>\n<p>se puteau \u00eencheia cu \u00eenmorm\u00e2ntare.<\/p>\n<p>La Europa Liber\u0103 nu se comentau<\/p>\n<p>statisticile despre copii \u00eeneca\u021bi,<\/p>\n<p>deci nu \u0219tiam c\u0103 suntem \u00een top.<\/p>\n<p>Acum, c\u00e2nd vorbesc cu prietenii,<\/p>\n<p>tot ce v\u0103d este fluviul.<\/p>\n<p>&nbsp;<\/p>\n","protected":false},"excerpt":{"rendered":"<p>Carte po\u0219tal\u0103 din Ingolstadt &nbsp; Bavaria mi s-a cuib\u0103rit pe ecran, micu\u021b\u0103 ca palma mea dreapt\u0103: o g\u00e2rl\u0103 \u00eentre dou\u0103 \u0219iruri de plopi, ni\u0219te vite, trei p\u0103stori,<\/p>\n","protected":false},"author":2,"featured_media":0,"comment_status":"open","ping_status":"open","sticky":false,"template":"","format":"standard","meta":{"jetpack_post_was_ever_published":false,"_jetpack_newsletter_access":"","_jetpack_dont_email_post_to_subs":false,"_jetpack_newsletter_tier_id":0,"_jetpack_memberships_contains_paywalled_content":false,"_jetpack_memberships_contains_paid_content":false,"footnotes":""},"categories":[1516,13],"tags":[1517,807,1114],"class_list":["post-13941","post","type-post","status-publish","format-standard","hentry","category-egophobia-69","category-poezie","tag-egophobia-69-70","tag-monica-manolachi","tag-poezie"],"jetpack_featured_media_url":"","jetpack_sharing_enabled":true,"jetpack_shortlink":"https:\/\/wp.me\/p6DakB-3CR","_links":{"self":[{"href":"https:\/\/egophobia.ro\/index.php?rest_route=\/wp\/v2\/posts\/13941","targetHints":{"allow":["GET"]}}],"collection":[{"href":"https:\/\/egophobia.ro\/index.php?rest_route=\/wp\/v2\/posts"}],"about":[{"href":"https:\/\/egophobia.ro\/index.php?rest_route=\/wp\/v2\/types\/post"}],"author":[{"embeddable":true,"href":"https:\/\/egophobia.ro\/index.php?rest_route=\/wp\/v2\/users\/2"}],"replies":[{"embeddable":true,"href":"https:\/\/egophobia.ro\/index.php?rest_route=%2Fwp%2Fv2%2Fcomments&post=13941"}],"version-history":[{"count":1,"href":"https:\/\/egophobia.ro\/index.php?rest_route=\/wp\/v2\/posts\/13941\/revisions"}],"predecessor-version":[{"id":13942,"href":"https:\/\/egophobia.ro\/index.php?rest_route=\/wp\/v2\/posts\/13941\/revisions\/13942"}],"wp:attachment":[{"href":"https:\/\/egophobia.ro\/index.php?rest_route=%2Fwp%2Fv2%2Fmedia&parent=13941"}],"wp:term":[{"taxonomy":"category","embeddable":true,"href":"https:\/\/egophobia.ro\/index.php?rest_route=%2Fwp%2Fv2%2Fcategories&post=13941"},{"taxonomy":"post_tag","embeddable":true,"href":"https:\/\/egophobia.ro\/index.php?rest_route=%2Fwp%2Fv2%2Ftags&post=13941"}],"curies":[{"name":"wp","href":"https:\/\/api.w.org\/{rel}","templated":true}]}}