{"id":13949,"date":"2021-12-14T07:53:05","date_gmt":"2021-12-14T05:53:05","guid":{"rendered":"http:\/\/egophobia.ro\/?p=13949"},"modified":"2021-12-12T17:54:40","modified_gmt":"2021-12-12T15:54:40","slug":"copilaria","status":"publish","type":"post","link":"https:\/\/egophobia.ro\/?p=13949","title":{"rendered":"Copil\u0103ria"},"content":{"rendered":"<p style=\"text-align: justify;\"><strong>[fragment din romanul \u00een lucru ,,Grig sau r\u0103bdarea \u021bip\u00e2nd&#8221;]<\/strong><\/p>\n<p style=\"text-align: right;\">de Victoria Bujoreanu<\/p>\n<p style=\"text-align: justify;\">(\u2026)<\/p>\n<p style=\"text-align: justify;\">Printre primele amintiri ale lui Grig erau: o c\u0103ru\u021b\u0103 care-l zdruncina grozav, cortul plin de fum \u0219i de copii zdren\u021buro\u0219i, balta \u00een care-l p\u0103c\u0103lise Tache s\u0103 intre &#8211; spun\u00e2ndu-i c\u0103 apa-i mic\u0103 &#8211; \u0219i din care ie\u0219ise cu greu la mal, c\u00e2ntecele ce le c\u00e2nta Dada, \u0219i pe care le \u0219tie \u0219i acum. Le-a murmurat de nenum\u0103rate ori pl\u00e2ng\u00e2nd &#8211; dup\u0103 ce-l adusese taic\u0103-su la Bucure\u0219ti &#8211; ca s\u0103 poat\u0103 suporta mai u\u0219or schimbarea brusc\u0103 din via\u021ba lui.<!--more--><\/p>\n<p style=\"text-align: justify;\">Cum copil\u0103ria e poate cea mai pl\u0103cut\u0103 perioad\u0103 a vie\u021bii, datorit\u0103 faptului c\u0103 nu con\u0219tientizezi greut\u0103\u021bile, amintirile respective \u00eei erau dragi lui Grig. Chiar dac\u0103 odat\u0103 ajuns \u00een capital\u0103 avea un confort incomparabil cu cel din primii ani de via\u021b\u0103, s-a acomodat cu greu<strong>.<\/strong><\/p>\n<p style=\"text-align: justify;\">\u00ce\u0219i aducea aminte c\u00e2nd venise taic\u0103-su \u0219i-l luase din \u0219atr\u0103, de fapt se trezise la Sinaia, la tanti Olga, \u00eel luase c\u00e2nd era adormit. Acolo a petrecut o vreme cu taic\u0103-su \u0219i cu maic\u0103-sa, nu-l putea aduce din \u021big\u0103nime direct \u00een capital\u0103. La Bucure\u0219ti \u00eei trebuise mult timp s\u0103 se obi\u0219nuiasc\u0103 cu locuin\u021ba, nu-i pl\u0103cea s\u0103 stea \u00eenchis \u00eentre patru pere\u021bi, noroc c\u0103 aveau apartament cu trei camere. Nici cu maic\u0103-sa nu se \u00een\u021belegea la \u00eenceput, vorbea \u00een alt\u0103 limb\u0103 pentru el, doar cu taic\u0103-su putea s\u0103 comunice, dar acesta era mai rar pe acas\u0103.<\/p>\n<p style=\"text-align: justify;\">A pl\u00e2ns o vreme c\u0103 vrea la Dada lui, dar \u00eencet-\u00eencet s-a obi\u0219nuit chiar \u0219i cu numele la care trebuia s\u0103 r\u0103spund\u0103, \u00een \u0219atr\u0103 i se spunea altfel. \u00cel sup\u0103rau regulile pe care trebuia s\u0103 le respecte: s\u0103 m\u0103n\u00e2nce cu furculi\u021ba, s\u0103 mestece cu gura \u00eenchis\u0103, s\u0103 spun\u0103 s\u0103ru&#8217; m\u00e2na anumitor persoane \u0219i multe altele care-l exasperau. Era \u0219i o regul\u0103 care-i pl\u0103cuse de la \u00eenceput, sp\u0103latul. C\u00e2nd dorea s\u0103 mai scape de grija lui, maic\u0103-sa \u00eei umplea cada cu ap\u0103 \u0219i-l l\u0103sa s\u0103 se b\u0103l\u0103ceasc\u0103. \u0218i acum, dup\u0103 25 de ani, c\u00e2nd e obosit \u0219i stresat c\u00e2teodat\u0103, doarme \u0219i dou\u0103 ore \u00een cada plin\u0103. Mult timp a dormit pe jos, a\u0219a fusese \u00eenv\u0103\u021bat \u00een \u0219atr\u0103. Nici acum nu e prea \u00eenc\u00e2ntat de canapeaua din sufragerie, cu toate c\u0103 mai adoarme uneori pe ea c\u00e2nd se uit\u0103 la televizor. \u00cen dormitorul lui are pat special, un Biedermeier pe care are doar o cerg\u0103 groas\u0103 de l\u00e2n\u0103 pliat\u0103 de mai multe ori.<\/p>\n<p style=\"text-align: justify;\">C\u00e2nd \u00eemplinise vreo 10 ani, maic\u0103-sa \u00eencercase s\u0103 \u00eel conving\u0103s\u0103-\u0219i schimbe patul, dar taic\u0103-su intervenise:<\/p>\n<p style=\"text-align: justify;\">&#8211; Las\u0103-l Lino, c\u0103 \u0219i C\u0103pitanul, Dumnezeu s\u0103-l ierte, dormea pe sc\u00e2nduri, cic\u0103 f\u0103cea peniten\u021b\u0103 c\u0103 omor\u00e2se pe unul, involuntar.<\/p>\n<p style=\"text-align: justify;\">&#8211; Vrei s\u0103 fac\u0103 \u0219i copilul peniten\u021b\u0103?! Ripostase sup\u0103rat\u0103 maic\u0103-sa.<\/p>\n<p style=\"text-align: justify;\">Grig care nu \u0219tia ce \u00eenseamn\u0103 peniten\u021b\u0103, dar \u0219tia c\u0103 taic\u0103-su e locotenent, \u00eentreb\u0103:<\/p>\n<p style=\"text-align: justify;\">&#8211; C\u0103pitanul era mai mic sau mai mare \u00een grad dec\u00e2t dumneata?<\/p>\n<p style=\"text-align: justify;\">&#8211; Mai mare! R\u0103spunse taic\u0103-su dup\u0103 o perioad\u0103 de ezitare, amintindu-\u0219i vremurile \u00een care luptaser\u0103 \u00eempreun\u0103 voluntari \u00een Primul R\u0103zboi Mondial, pe c\u00e2nd \u00eempliniser\u0103 abia 16 ani.<\/p>\n<p style=\"text-align: justify;\">&#8211; Grig, fericit c\u0103 taic\u0103-su \u00eel asociase cu cineva mai mare \u00een grad dec\u00e2t el, nu mai dori sub nici o form\u0103 s\u0103 renun\u021be la patul lui de ,,C\u0103pitan&#8221; \u00een care se sim\u021bea destul de bine. Despre Corneliu Zelea Codreanu, c\u0103ruia i se spunea C\u0103pitanul, avea s\u0103 afle \u00een liceu c\u0103 fusese conduc\u0103torul Legiunii Arhanghelului Mihail, organiza\u021bie care atr\u0103sese pe l\u00e2ng\u0103 protipendad\u0103 \u0219i intelectuali cum erau Mircea Eliade \u0219i Emil Cioran. \u00cei p\u0103rea r\u0103u c\u0103 nu-l \u00eentrebase pe taic\u0103-su ce leg\u0103turi avusese cu acesta. Oricum pe atunci era prea mic s\u0103 con\u0219tientizeze importan\u021ba unei astfel de confesiuni. \u0218i nici nu ar fi fost de preferat, legionarii \u0219i simpatizan\u021bii acestora au fost mult\u0103 vreme prigoni\u021bi dup\u0103 ascensiunea comuni\u0219tilor. Dar cu preceptul lui Codreanu, c\u0103 ,,ultimul glon\u021b ar fi destinat unui tr\u0103d\u0103tor nu unui du\u0219man&#8221; era \u0219i Grig de accord, chiar dac\u0103 nu o sus\u021binuse niciodat\u0103 public. O astfel de afirma\u021bie l-ar fi costat scump \u00een vremea respectiv\u0103 c\u00e2nd orice cuv\u00e2nt putea fi interpretat. Nici nu avea cui, cercul lui de prieteni era restr\u00e2ns: Vlad \u0219i Magda \u0219i niciunul nu f\u0103cea politic\u0103.<\/p>\n<p style=\"text-align: justify;\">Dac\u0103 cu maic\u0103-sa nu se \u00een\u021belegea, la \u00eenceput, dar cu copiii din bloc nici at\u00e2t, ce-i drept nici nu-l l\u0103sau ai lui singur pe afar\u0103. Primul copil cu care a luat contact \u00een capital\u0103 a fost Vl\u0103du\u021b. Deseori, venea la el \u0219i se jucau \u00eempreun\u0103, chiar dac\u0103 ini\u021bial nu puteau comunica verbal. Dar copiii nu au nevoie de vorbe s\u0103 se \u00een\u021beleag\u0103! Alteori, venea o doamn\u0103, cu un copil mic, la care el doar se uita. Copilul era Magda \u0219i abia \u00eenv\u0103\u021ba s\u0103 mearg\u0103.<\/p>\n<p style=\"text-align: justify;\">\u00cen primele luni de la venirea \u00een Bucure\u0219ti, a vrut s\u0103 fug\u0103 de c\u00e2teva ori, dar ai lui au prins repede de veste. C\u00e2nd vedea \u021big\u0103nci cu fuste \u00een ora\u0219, nu-\u0219i putea desprinde privirea de la ele, dar nu avea nici o sc\u0103pare din m\u00e2na maic\u0103-si care se \u00eenv\u0103\u021base minte dup\u0103 prima lui tentativ\u0103 de evadare. Taic\u0103-su care era mai mereu la garnizoan\u0103<strong>,<\/strong> c\u00e2nd venea acas\u0103, vorbea cu el numai \u021big\u0103ne\u0219te. A\u0219a ajunsese Grig s\u0103-\u0219i p\u0103streze accentul \u0219i dup\u0103 doi ani de stat \u00een Bucure\u0219ti, fapt ce o enerva la culme pe maic\u0103-sa care se chinuia din greu s\u0103-l \u00eenve\u021be rom\u00e2ne\u0219te.<\/p>\n<p style=\"text-align: justify;\">&#8211; B\u0103, s\u0103 fii m\u00e2ndru c\u0103 e\u0219ti \u021bigan! \u00eei spunea taic\u0103-su, \u00een dialect, de c\u00e2te ori venea acas\u0103. El, c\u00e2nd vedea c\u0103 taic\u0103-su e de partea lui, nu d\u0103dea prea mult\u0103 importan\u021b\u0103 st\u0103ruin\u021belor materne de a vorbi corect rom\u00e2ne\u0219te.<\/p>\n<p style=\"text-align: justify;\">C\u00e2nd a mers la \u0219coal\u0103, \u00een primele zile nu a vorbit deloc, \u00eencepuse s\u0103-i fie ru\u0219ine de accentul lui. Nu r\u0103spundea nici atunci c\u00e2nd era \u00eentrebat. Dar, o parte din colegii de clas\u0103, locuiau \u00een bloc cu el, \u0219i \u0219tiau c\u0103-i b\u0103iatul locotenentului St\u0103ncescu, \u0219i nu \u00eendr\u0103zneau s\u0103 r\u00e2d\u0103 de el. Oricum p\u00e2n\u0103 a \u00eenceput r\u0103zboiul, c\u00e2nd taic\u0103-su a fost trimis pe front, nu a avut probleme cu colegii, nu cutezase nici unul s\u0103-i spun\u0103 c\u0103-i \u021bigan.<\/p>\n<p style=\"text-align: justify;\">\u00cen prima lui vacan\u021b\u0103 mare, \u00een 1938, la sf\u00e2r\u0219itul clasei \u00eent\u00e2i, a privit cursa de automobile ce s-a desf\u0103\u0219urat la Sinaia. Atunci l-a v\u0103zut prima dat\u0103 pe fostul-viitor rege Mihai &#8211; ce avea titlul de Mare Voievod de Alba Iulia, poate \u00eel mai v\u0103zuse la paradele militare la \u0219osea, dar era mai mic \u0219i nu prea d\u0103duse importan\u021b\u0103.<\/p>\n<p style=\"text-align: justify;\">Imaginea primului automobil v\u0103zut i se \u00eentip\u0103rise bine \u00een minte. Era \u00een \u0219atr\u0103 pe atunci<strong>. <\/strong>\u00cel impresionase \u0219i domnul elegant ce \u00eel conducea \u0219i care \u00eel pironise c\u00e2teva clipe cu privirea. L-au nedumerit ploconelile pe care le f\u0103cea Dada \u00een fa\u021ba respectivului \u0219i cuvintele ciudate pe care aceasta le rostea \u0219i pe care atunci el nu le \u00een\u021belegea, cum nu \u00een\u021belegea nici de ce <strong>vurdona<\/strong> str\u0103lucitoare, merge mult mai repede dec\u00e2t vurdonele lor, cu toate c\u0103 nu avea cai. Ajuns \u00een Bucure\u0219ti, de multe ori, c\u00e2nd \u00eel privea pe taic\u0103-su, \u00eei revenea \u00een minte figura domnului cu automobil.<\/p>\n<p style=\"text-align: justify;\">\u00ce\u0219i aminte\u0219te \u0219i cortegiu funerar al reginei Maria. Era prima \u00eenmorm\u00e2ntare la care participa, \u0219i cu toate c\u0103 avea doar 8 ani pe atunci a re\u021binut <strong>zvonul<\/strong> c\u0103 regina s-ar fi interpus \u00eentre \u00eempu\u0219c\u0103turile fiilor s\u0103i \u0219i ar fi c\u0103p\u0103tat o ran\u0103 ce i-ar fi adus moartea, adev\u0103rul nu s-a aflat niciodat\u0103, \u00eel \u0219tiau doar cei din familia regal\u0103. Poate erau doar inven\u021bii.<\/p>\n<p style=\"text-align: justify;\">Se jucase \u0219i el deseori cu pistolul lui taic\u0103-su, dar f\u0103r\u0103 gloan\u021be. Avea s\u0103-\u0219i aminteasc\u0103 de momentele respective, la stagiile militare din timpul facult\u0103\u021bii.<\/p>\n<p style=\"text-align: justify;\">\u00centr-o dup\u0103-amiaz\u0103 de septembrie, pe la \u00eenceputul clasei a III-a, c\u00e2nd se preg\u0103tea s\u0103 plece cu maic\u0103-sa prin ora\u0219 pentru a-i mai cump\u0103ra c\u00e2te ceva pentru \u0219coal\u0103, taic\u0103-su care tocmai venea de la garnizoan\u0103, l-a oprit acas\u0103. Apoi a spus :<\/p>\n<p style=\"text-align: justify;\">&#8211; Vezi Lino poate nu ajungi p\u00e2n\u0103-n General Berthelot!<\/p>\n<p style=\"text-align: justify;\">Chiar dac\u0103 \u00eei pl\u0103cea s\u0103 vorbeasc\u0103 cu taic\u0103-su, ar fi vrut totu\u0219i s\u0103 mearg\u0103 \u00een ora\u0219. Nici un copil din bloc nu avea o mam\u0103 a\u0219a frumoas\u0103 \u0219i elegant\u0103 ca a lui. Maic\u0103-sa, c\u00e2nd s-a \u00eentors, era foarte agitat\u0103. Aflase c\u0103 Armand C\u0103linescu, primul ministru, fusese \u00eempu\u0219cat de legionari. Lui \u00eei spusese deja taic\u0103-su.<\/p>\n<p style=\"text-align: justify;\">\u00cen zilele urm\u0103toare, a aflat, de la colegii mai mari, c\u0103 legionarii care-l asasinaser\u0103 pe primul ministru zac mor\u021bi \u00een fa\u021ba Radiodifuziunii. Radiodifuziunea avea sediul pe atunci \u00een General Berthelot. Trei zile au fost l\u0103sa\u021bi \u00een strad\u0103, drept pild\u0103. F\u0103r\u0103 nici un rezultat. Peste un an, a fost asasinat \u0219i Nicolae Iorga. Pentru el, copil fiind, erau doar ni\u0219te nume f\u0103r\u0103 nici o rezonan\u021b\u0103. Nu erau rudele lui. L-a \u00eentrebat, totu\u0219i, pe taic\u0103-su ce sunt legionarii. ,,Oameni!&#8221; &#8211; De ce omoar\u0103? Taic\u0103-su, cu privirea pierdut\u0103, i-a pus m\u00e2na pe um\u0103r dar nu i-a dat nici un r\u0103spuns.<\/p>\n<p style=\"text-align: justify;\">(\u2026)<\/p>\n<p>#<\/p>\n<p>Not\u0103<\/p>\n<p style=\"text-align: justify;\"><strong>Vurdon (dialect rromani) &#8211; automobil, ma\u0219in\u0103, c\u0103ru\u021b\u0103<\/strong><\/p>\n<p style=\"text-align: justify;\">\n","protected":false},"excerpt":{"rendered":"<p>[fragment din romanul \u00een lucru ,,Grig sau r\u0103bdarea \u021bip\u00e2nd&#8221;] de Victoria Bujoreanu (\u2026) Printre primele amintiri ale lui Grig erau: o c\u0103ru\u021b\u0103 care-l zdruncina grozav, cortul plin de fum \u0219i de copii zdren\u021buro\u0219i, balta \u00een care-l p\u0103c\u0103lise Tache s\u0103 intre &#8211; spun\u00e2ndu-i c\u0103 apa-i mic\u0103 &#8211; \u0219i din care ie\u0219ise cu greu la mal, c\u00e2ntecele [&hellip;]<\/p>\n","protected":false},"author":2,"featured_media":0,"comment_status":"open","ping_status":"open","sticky":false,"template":"","format":"standard","meta":{"jetpack_post_was_ever_published":false,"_jetpack_newsletter_access":"","_jetpack_dont_email_post_to_subs":false,"_jetpack_newsletter_tier_id":0,"_jetpack_memberships_contains_paywalled_content":false,"_jetpack_memberships_contains_paid_content":false,"footnotes":""},"categories":[1516,15],"tags":[1517,1115,1534],"class_list":["post-13949","post","type-post","status-publish","format-standard","hentry","category-egophobia-69","category-proza","tag-egophobia-69-70","tag-proza","tag-victoria-bujoreanu"],"jetpack_featured_media_url":"","jetpack_sharing_enabled":true,"jetpack_shortlink":"https:\/\/wp.me\/p6DakB-3CZ","_links":{"self":[{"href":"https:\/\/egophobia.ro\/index.php?rest_route=\/wp\/v2\/posts\/13949","targetHints":{"allow":["GET"]}}],"collection":[{"href":"https:\/\/egophobia.ro\/index.php?rest_route=\/wp\/v2\/posts"}],"about":[{"href":"https:\/\/egophobia.ro\/index.php?rest_route=\/wp\/v2\/types\/post"}],"author":[{"embeddable":true,"href":"https:\/\/egophobia.ro\/index.php?rest_route=\/wp\/v2\/users\/2"}],"replies":[{"embeddable":true,"href":"https:\/\/egophobia.ro\/index.php?rest_route=%2Fwp%2Fv2%2Fcomments&post=13949"}],"version-history":[{"count":1,"href":"https:\/\/egophobia.ro\/index.php?rest_route=\/wp\/v2\/posts\/13949\/revisions"}],"predecessor-version":[{"id":13950,"href":"https:\/\/egophobia.ro\/index.php?rest_route=\/wp\/v2\/posts\/13949\/revisions\/13950"}],"wp:attachment":[{"href":"https:\/\/egophobia.ro\/index.php?rest_route=%2Fwp%2Fv2%2Fmedia&parent=13949"}],"wp:term":[{"taxonomy":"category","embeddable":true,"href":"https:\/\/egophobia.ro\/index.php?rest_route=%2Fwp%2Fv2%2Fcategories&post=13949"},{"taxonomy":"post_tag","embeddable":true,"href":"https:\/\/egophobia.ro\/index.php?rest_route=%2Fwp%2Fv2%2Ftags&post=13949"}],"curies":[{"name":"wp","href":"https:\/\/api.w.org\/{rel}","templated":true}]}}