{"id":13955,"date":"2021-12-13T22:45:53","date_gmt":"2021-12-13T20:45:53","guid":{"rendered":"http:\/\/egophobia.ro\/?p=13955"},"modified":"2021-12-13T22:45:53","modified_gmt":"2021-12-13T20:45:53","slug":"situatia-la-zi","status":"publish","type":"post","link":"https:\/\/egophobia.ro\/?p=13955","title":{"rendered":"Situa\u0163ia la zi"},"content":{"rendered":"<p style=\"text-align: justify;\"><span style=\"color: green;\">(pricina\u015ful de serviciu)<\/span><\/p>\n<p style=\"text-align: right;\" align=\"right\">de Radu-Ilarion Munteanu<\/p>\n<p style=\"text-align: justify;\">\u00cen primele luni ale lui 2020, c\u00e2nd instalarea pandemiei era \u00een curs, pre\u015fedintele Rom\u00e2niei, relativ proasp\u0103t reales, preocupat exclusiv de alegeri anticipate, minimiza eviden\u0163a provoc\u0103rii biologice, numind-o o banal\u0103 grip\u0103. Fu nevoit \u00een scurt timp s\u0103 declan\u015feze starea de urgen\u0163\u0103. Urmat\u0103 de stare de alert\u0103, prelungit\u0103 lunar. Fur\u0103 for\u0163ate alegeri locale. Cu rezultate diferite de cele din vara lui 2016, dar departe de speran\u0163ele suporterilor pl\u0103cu\u0163elor suedeze. Apoi, pe 6 decembrie, fur\u0103 for\u0163ate alegeri parlamentare. La termen. Cu rezultate similare. Departe de cele din 2016, departe de speran\u0163ele partidei pl\u0103cu\u0163elor suedeze. Pre\u015fedintele statului, consecvent, p\u0103rea nu-\u015fi fi dezbr\u0103cat geaca ro\u015fie. For\u0163\u0103 o majoritate pro pl\u0103cu\u0163e suedeze \u015fi instal\u0103 un guvern pe m\u0103sur\u0103. C\u00e2\u015ftig\u0103tor de facto al scrutinului, dar incapabil de a aglutina o majoritate, demonizatul tout azimut PSD propunea singura solu\u0163ie rezonabil\u0103, \u00een condi\u0163ii de criz\u0103 multipl\u0103: guvern de uniune na\u0163ional\u0103. Vorbi \u00een v\u00e2nt.<!--more--><\/p>\n<p style=\"text-align: justify;\">Era mai bine de un an de la r\u0103sturnarea guvernului PSD &amp; ALDE. Care ALDE tr\u0103dase inexplicabil, votase mo\u0163iunea de cenzur\u0103 \u015fi, mai r\u0103u, \u015fi guvernul Orban consecutiv. Dup\u0103 care disp\u0103ru de pe firmament. Cu tot cu pre\u015fedintele T\u0103riceanu. Stranie asem\u0103nare de traiectorie \u00eentre doi exlideri liberali. Crin Antonescu i-a urmat la pre\u015fedin\u0163ia partidului lui C\u0103lin Popescu T\u0103riceanu, dup\u0103 \u00eencheierea mandatului de premier. Dup\u0103 dubioasa realegere a lui Traian B\u0103sescu \u00een func\u0163ia de pre\u015fedinte al statului \u015fi eliminarea PSD de la guvernarea stabilit\u0103 \u00een urma alegerilor parlamentare din 2008, reac\u0163ia celor dou\u0103 partide aruncate \u00een opozi\u0163ie a fost prompt\u0103: la \u00eenceputul lui 2010 s-au aliat sub egida USL. Uniunea social-liberal\u0103. Centru-st\u00e2nga + centru-dreapta = o forma\u0163iune de centru. Propaganda regimului B\u0103sescu i-au numit sociali\u015fti, cu inten\u0163ia de demonizare. Tendin\u0163\u0103 care subzist\u0103 \u015fi \u00een ziua de azi. M\u0103 rog, \u00een oarece sc\u0103dere, dar persistent\u0103. Mai ales dup\u0103 apari\u0163ia partidului antisistem USR. Proiec\u0163ia Renew, expresia european\u0103 accentuat neomarxist\u0103, care l-a adus la putere pe Emmanuel Macron.<\/p>\n<p style=\"text-align: justify;\">USL a rezistat \u00een opozi\u0163ie peste 2 ani, \u00een care guvernele mo\u015fite de B\u0103sescu s-au confruntat cu 2 mo\u0163iuni de cenzur\u0103. Ambele reu\u015fite. Prima fu driblat\u0103 de B\u0103sescu. Ocazie cu care actualii suporteri ai antipartidului USR, sup\u0103ra\u0163i pe Iohannis, \u00eel numesc pe acesta premierul de la Grivco. Deoarece opozi\u0163ia \u00eel propusese premier, refuzat net de B\u0103sescu. A doua mo\u0163iune de cenzur\u0103 a demolat efemerul guvern Mihai R\u0103zvan Ungureanu. Nemaiav\u00e2nd spa\u0163iu de manevr\u0103, B\u0103sescu numi premier pe coliderul USL, Victor Ponta. Impopularitatea lui B\u0103sescu atinsese o cot\u0103 inedit de acut\u0103. Guvernul USL, \u00eenvestit de acela\u015fi parlament, se gr\u0103bi s\u0103-l suspende pe pre\u015fedinte. Aglomerarea votan\u0163ilor la referendumul de demitere fu mai mare dec\u00e2t la fatidica data de 20 mai 1990! Dar Curtea Constitu\u0163ional\u0103 arunc\u0103 la gunoi 7.4 milioane de voturi care-l demiseser\u0103 pe impopularul pre\u015fedinte. Desi legal\u0103, respingerea referendumului avu nevoie de manevre dubioase ale CCR de atunci. Dar voin\u0163a popular\u0103 aduse USL la o eclatant\u0103 victorie la parlamentarele din toamn\u0103, instal\u00e2nd guvernul USL. Victorie umbrit\u0103 de o stranie \u00eentelegere secret\u0103 cu B\u0103sescu, ce-i prezerva acestuia puterea pe ultimii 2 ani de mandat.<\/p>\n<p style=\"text-align: justify;\">Victor Ponta era premier, iar Crin Antonescu era prev\u0103zut a candida la pre\u015fedin\u0163ie. \u00cen ciuda valului de popularitate, reflex a impopularit\u0163ii acute a lui B\u0103sescu, USL nu reu\u015fi nimic. Dup\u0103 3 ani de guvernare, un nou val, pur emo\u0163ional, declan\u015fat de dubioasa catastrof\u0103 a incendiului de la Colectiv nici p\u00e2n\u0103-n ziua de azi elucidat profesionist, Ponta \u00ee\u015fi d\u0103du demisia sub presiunea str\u0103zii. Iohannis for\u0163\u0103 ceea ce numea <em>guvernul meu<\/em>. PSD vot\u0103 \u00eenvestirea crez\u00e2nd, sau simul\u00e2nd a crede, promisiunile candidatului de premier Ciolo\u015f. Nici una acoperit\u0103 de fapte. Performan\u0163a guvernamental\u0103 \u2013 \u00eentre mediocr\u0103 \u015fi nul\u0103. Consecin\u0163\u0103, o nou\u0103 victorie electoral\u0103 major\u0103 a PSD, votat pe nemul\u0163umirea popula\u0163iei. Urmar\u0103 al\u0163i 3 ani de rat\u0103ri successive. Cu o opozi\u0163ie mult mai agresiv\u0103. \u015ei vocal\u0103. Noutatea, prezen\u0163a parlamentar\u0103 zgomotoas\u0103, insolent\u0103 a antipartidului USR, acum sub umbrela explicit\u0103 a Renew\/Macron. PSD schimb\u0103 3 premieri, reu\u015find absurditatea de a-\u015fi demola pe primul prin\u2026 mo\u0163iune de cenzur\u0103. Al treilea \u00ee\u015fi c\u00e2\u015ftig\u0103 o nedreapt\u0103 faim\u0103 de proasta satului. Nimeni nu-\u015fi mai aduce aminte c\u0103 \u00een pre\u015fedin\u0163ia rotativ\u0103 a UE, Rom\u00e2nia a \u00eenchis mai multe dosare dec\u00e2t oricare alt\u0103 \u0163ar\u0103.<\/p>\n<p style=\"text-align: justify;\">C\u0103lin Popescu T\u0103riceanu, singura personalitate liberal\u0103 de v\u00e2rf care se opusese desfiin\u0163\u0103rii de facto a PNL \u00een vara lui 2014, adun\u0103 \u00een jurul lui un num\u0103r de membri relativ mic, cu care fond\u0103 ALDE. Oferi sprijin parlamentar guvernului PSD. Ciudat, \u015fi aici e esen\u0163a paralelismului de destin, Antonescu-T\u0103riceanu, acesta din urm\u0103 tr\u0103d\u0103 \u00een preajma preziden\u0163ialelor din 2019 majoritatea, contribuind decisiv la rezultatul mo\u0163iunii de cenzur\u0103, care puse cap\u0103t celor 3 ani de guvernare \u015fi, consecvent \u00een tr\u0103dare, vot\u0103 \u00eenvestirea celui de-al doilea <em>guvernul meu<\/em>. Orban. Performan\u0163\u0103 nul\u0103.<\/p>\n<p style=\"text-align: justify;\">\u015ei revenim la primele r\u00e2nduri ale acestui remember. St\u0103p\u00e2n pe situa\u0163ie, Iohannis for\u0163\u0103 al treilea <em>guvernul meu. <\/em>Bazat pe o majoritate, legal\u0103, format\u0103 din 3 partide soi disant de dreapta, aflate pe locurile 2, 3 \u015fi 8 la alegeri. Legal.<\/p>\n<p style=\"text-align: justify;\">Dar ce aveau \u00een comun cele mai vocale \u015fi agressive partide ale acestei majorit\u0103\u0163i? Nimic doctrinar, nimic politic, nimic competent. Nu-i unea dec\u00e2t ura visceral\u0103 \u00eempotriva PSD. Etalat\u0103 ostentativ, de a prima instalare, de Iohannis. Sentimentele negative duc la structuri eficace p\u00e2n\u0103 la un punct. Au, \u00eens\u0103, o diferen\u0163\u0103 de fond. O fisur\u0103 ad\u00e2nc\u0103. Ce determin\u0103 instabilitate pe termen lung. Uneori chiar pe termen mediu. Crizele multiple prin care trece Rom\u00e2nia, plus incompeten\u0163a acestui al treilea <em>guvernul meu <\/em>accentuar\u0103 fisura. USR nu s- manifestat numai zgomotos, agresiv \u015fi incompetent. A emis \u015fi preten\u0163ii disproportionate. \u00cenlocind experien\u0163a politic\u0103 inexistent\u0103 cu insolen\u0163a. N-avea cum s\u0103-i convin\u0103 lui Iohannis, care avea toate condi\u0163iile, mai pu\u0163in acest ghimpe, s\u0103 aib\u0103 un final confortabil de dublu mandat. Cred c\u0103 incompeten\u0163a USR, punctual a mini\u015ftilor s\u0103i, \u00eel l\u0103sa rece p\u00e2n\u0103 la urm\u0103. I-am face o nedreptate dac\u0103 l-am b\u0103nui de empatie fa\u0163\u0103 de popula\u0163ie. Dar sigur l-a zg\u00e2nd\u0103rit \u00eendr\u0103zneala lipsit\u0103 de acoperire a naivului ministru al justi\u0163iei de a-l exclude practic de la procedurile de numire a procurorilor de v\u00e2rf. Unul din pilonii trinughiulari ai puterii personale. Dus\u0103, acesta, la suprema\u0163ie, la vremea sa, de Traian B\u0103sescu.<\/p>\n<p style=\"text-align: justify;\">De ce \u015fi-a c\u0103lcat Iohannis pe resentimente vechi \u015fi solide fa\u0163\u0103 de <em>pesedeee<\/em>?<\/p>\n<p style=\"text-align: justify;\">Nu posed un r\u0103spuns personal, argumentat logic. Are doar sens s\u0103 notific aici ipoteze ale pretin\u015filor anali\u015fti politici. F\u0103r\u0103 a da nume. Unii spun c\u0103 v\u00e2ntul schimb\u0103rii vine de la frau kanzlerin Merkel. Sponsorul principal \u015fi patronal politic al lui Iohannis. Ca adaptare la renun\u0163area acesteia la puterea personal\u0103. Nu e fals, dar e prea pu\u0163in. Al\u0163ii merg mai departe \u015fi se g\u00e2ndesc ca spa\u0163iul de sub umbrela lui Macron e prea str\u00e2mt \u015fi nu mai loc confortabil l\u00e2ng\u0103 Ciolo\u015f. Argument: numindu-l pe Ciolo\u015f candidat de premier l-a l\u0103sat ridicol \u00een off side. Plus c\u0103 Macron nu e 100% sigur de realegere. Al\u0163ii socot, pragmatic, c\u0103 combina\u0163ia politic\u0103 imposibil\u0103 e, paradoxal, suportul optim pentru un premier comod: fidel si lipsit de competen\u0163\u0103 politic\u0103, dar capabil de autoritate. Al\u0163ii speculeaz\u0103 c\u0103 Iohannis \u015fi-ar aranja func\u0163ia de premier, dup\u0103 2024. Dar asta ar \u00eensemna c\u0103 n-ar mai avea garan\u0163ia unei func\u0163ii europene mai de dai doamne. Dac\u0103 nu e vorba de un joc la dou\u0103 capete. Compatibil cu orgoliul nem\u0103surat al personajului. \u00cen fine, personal nu pot exclude c\u0103 mi\u015fcarea de a capacita PSD are rostul de a stopa ascensiunea acestuia \u00een sondaje. De fapt de a stopa c\u0103derea liber\u0103 a PNL. \u015ei c\u0103, deci, PSD ar fi mu\u015fcat momeala. Sun\u0103 tetant, dar doar dac\u0103 facem abstrac\u0163ie de eviden\u0163a c\u0103 abilul Ciolacu, coco\u0163at mai \u015fmechere\u015fte \u00een fruntea PSD, n-a v\u00e2ndut partidul c\u0103tre Iohannis. Ci l-a oferit gratis, pe tav\u0103. Din punctul de vedere al caracterului mai degrab\u0103 flexibil dec\u00e2t suplu al liderului PSD, ar suna plauzibil. Dar nu g\u0103sesc r\u0103spuns la \u00eentrebarea elementar\u0103: Ciolacu se alege cu exact ce? Orice miz\u0103 ar fi m\u0103runt\u0103. Garan\u0163ia c\u0103 nu va fi amenin\u0163at \u00a0de eternele dosare, arma oric\u0103rei puteri? Nu cred.<\/p>\n<p style=\"text-align: justify;\">A\u015fadar, <em>on va voir ce qu\u2019on v voir<\/em>. Pas cu pas (sic), scoaterea din joc a antipartidului neomarxist, cu p\u0103strarea lui \u00een rezerv\u0103, la cald, e un prim pas.<\/p>\n","protected":false},"excerpt":{"rendered":"<p>(pricina\u015ful de serviciu) de Radu-Ilarion Munteanu \u00cen primele luni ale lui 2020, c\u00e2nd instalarea pandemiei era \u00een curs, pre\u015fedintele Rom\u00e2niei, relativ proasp\u0103t reales, preocupat exclusiv de alegeri anticipate, minimiza eviden\u0163a provoc\u0103rii biologice, numind-o o banal\u0103 grip\u0103. Fu nevoit \u00een scurt timp s\u0103 declan\u015feze starea de urgen\u0163\u0103. Urmat\u0103 de stare de alert\u0103, prelungit\u0103 lunar. Fur\u0103 for\u0163ate [&hellip;]<\/p>\n","protected":false},"author":2,"featured_media":0,"comment_status":"open","ping_status":"open","sticky":false,"template":"","format":"standard","meta":{"jetpack_post_was_ever_published":false,"_jetpack_newsletter_access":"","_jetpack_dont_email_post_to_subs":false,"_jetpack_newsletter_tier_id":0,"_jetpack_memberships_contains_paywalled_content":false,"_jetpack_memberships_contains_paid_content":false,"footnotes":""},"categories":[55,1516,109],"tags":[1120,1517,114,110],"class_list":["post-13955","post","type-post","status-publish","format-standard","hentry","category-articole","category-egophobia-69","category-pricinaul-de-serviciu","tag-articole","tag-egophobia-69-70","tag-pricinasul-de-serviciu","tag-radu-ilarion-munteanu"],"jetpack_featured_media_url":"","jetpack_sharing_enabled":true,"jetpack_shortlink":"https:\/\/wp.me\/p6DakB-3D5","_links":{"self":[{"href":"https:\/\/egophobia.ro\/index.php?rest_route=\/wp\/v2\/posts\/13955","targetHints":{"allow":["GET"]}}],"collection":[{"href":"https:\/\/egophobia.ro\/index.php?rest_route=\/wp\/v2\/posts"}],"about":[{"href":"https:\/\/egophobia.ro\/index.php?rest_route=\/wp\/v2\/types\/post"}],"author":[{"embeddable":true,"href":"https:\/\/egophobia.ro\/index.php?rest_route=\/wp\/v2\/users\/2"}],"replies":[{"embeddable":true,"href":"https:\/\/egophobia.ro\/index.php?rest_route=%2Fwp%2Fv2%2Fcomments&post=13955"}],"version-history":[{"count":1,"href":"https:\/\/egophobia.ro\/index.php?rest_route=\/wp\/v2\/posts\/13955\/revisions"}],"predecessor-version":[{"id":13956,"href":"https:\/\/egophobia.ro\/index.php?rest_route=\/wp\/v2\/posts\/13955\/revisions\/13956"}],"wp:attachment":[{"href":"https:\/\/egophobia.ro\/index.php?rest_route=%2Fwp%2Fv2%2Fmedia&parent=13955"}],"wp:term":[{"taxonomy":"category","embeddable":true,"href":"https:\/\/egophobia.ro\/index.php?rest_route=%2Fwp%2Fv2%2Fcategories&post=13955"},{"taxonomy":"post_tag","embeddable":true,"href":"https:\/\/egophobia.ro\/index.php?rest_route=%2Fwp%2Fv2%2Ftags&post=13955"}],"curies":[{"name":"wp","href":"https:\/\/api.w.org\/{rel}","templated":true}]}}