{"id":1399,"date":"2009-08-28T19:18:32","date_gmt":"2009-08-28T17:18:32","guid":{"rendered":"http:\/\/egophobia.ro\/?p=1399"},"modified":"2009-08-28T19:18:32","modified_gmt":"2009-08-28T17:18:32","slug":"constantin-virgil-banescu-1982-2009","status":"publish","type":"post","link":"https:\/\/egophobia.ro\/?p=1399","title":{"rendered":"Constantin Virgil B\u0103nescu [1982-2009]"},"content":{"rendered":"<p align=right>de Oana C\u0103t\u0103lina Ninu<\/p>\n<p align=justify>\nCred c\u0103 \u00eel \u015ftiam din 2000, dintr-o tab\u0103r\u0103 de poezie la Poiana Pinului. Nu am f\u0103cut cuno\u015ftin\u0163\u0103 atunci. \u015etiam doar c\u0103 la 17-18 ani deja c\u00e2\u015ftigase premii de literatur\u0103 \u015fi participase la festivaluri \u00een Germania. Printre noi cei de atunci, era un fenomen. Printre noi, cei de acum, continu\u0103 s\u0103 fie un fenomen, dar de ast\u0103 dat\u0103 unul tragic.<!--more--><\/p>\n<p align=justify>M-a abordat prin iarna anului 2006-2007 pe messenger. Eram \u00een Fran\u0163a \u015fi am schimbat c\u00e2teva cuvinte. Mi-a trimis volumul lui proasp\u0103t ap\u0103rut la vremea aceea (\u201dacela\u015fi cer ce nu e\u201d, Vinea, 2006) prin mail.<\/p>\n<p align=justify>\nUltima dat\u0103 l-am v\u0103zut la Colocviul Tinerilor Scriitori de la Alba-Iulia. Era, \u00een cea mai mare parte a timpului, \u00eentr-o lume numai a lui. \u015ei poemul pe care l-a citit atunci, \u201cMarele Lac\u201d se dovede\u015fte, acum, aproape apocaliptic: \u201cvar\u0103 de sf\u00e2r\u015fit de var\u0103\u201d\u2026<\/p>\n<p align=justify>[postat ini&#355;ial pe <a href=\"http:\/\/oananinu.wordpress.com\/2009\/08\/14\/constantin-virgil-banescu-1982-2009\" target=\"_blank\">blogul autoarei<\/a>]<\/p>\n","protected":false},"excerpt":{"rendered":"<p>de Oana C\u0103t\u0103lina Ninu Cred c\u0103 \u00eel \u015ftiam din 2000, dintr-o tab\u0103r\u0103 de poezie la Poiana Pinului. Nu am f\u0103cut cuno\u015ftin\u0163\u0103 atunci. \u015etiam doar c\u0103 la 17-18 ani deja c\u00e2\u015ftigase premii de literatur\u0103 \u015fi participase la festivaluri \u00een Germania. Printre noi cei de atunci, era un fenomen. Printre noi, cei de acum, continu\u0103 s\u0103 fie [&hellip;]<\/p>\n","protected":false},"author":2,"featured_media":0,"comment_status":"open","ping_status":"open","sticky":false,"template":"","format":"standard","meta":{"jetpack_post_was_ever_published":false,"_jetpack_newsletter_access":"","_jetpack_dont_email_post_to_subs":false,"_jetpack_newsletter_tier_id":0,"_jetpack_memberships_contains_paywalled_content":false,"_jetpack_memberships_contains_paid_content":false,"footnotes":""},"categories":[315,125],"tags":[336,1132,1129,327],"class_list":["post-1399","post","type-post","status-publish","format-standard","hentry","category-egophobia-23","category-invitat","tag-constantin-virgil-banescu","tag-egophobia-23","tag-invitat","tag-oana-catalina-ninu"],"jetpack_featured_media_url":"","jetpack_sharing_enabled":true,"jetpack_shortlink":"https:\/\/wp.me\/p6DakB-mz","_links":{"self":[{"href":"https:\/\/egophobia.ro\/index.php?rest_route=\/wp\/v2\/posts\/1399","targetHints":{"allow":["GET"]}}],"collection":[{"href":"https:\/\/egophobia.ro\/index.php?rest_route=\/wp\/v2\/posts"}],"about":[{"href":"https:\/\/egophobia.ro\/index.php?rest_route=\/wp\/v2\/types\/post"}],"author":[{"embeddable":true,"href":"https:\/\/egophobia.ro\/index.php?rest_route=\/wp\/v2\/users\/2"}],"replies":[{"embeddable":true,"href":"https:\/\/egophobia.ro\/index.php?rest_route=%2Fwp%2Fv2%2Fcomments&post=1399"}],"version-history":[{"count":2,"href":"https:\/\/egophobia.ro\/index.php?rest_route=\/wp\/v2\/posts\/1399\/revisions"}],"predecessor-version":[{"id":1401,"href":"https:\/\/egophobia.ro\/index.php?rest_route=\/wp\/v2\/posts\/1399\/revisions\/1401"}],"wp:attachment":[{"href":"https:\/\/egophobia.ro\/index.php?rest_route=%2Fwp%2Fv2%2Fmedia&parent=1399"}],"wp:term":[{"taxonomy":"category","embeddable":true,"href":"https:\/\/egophobia.ro\/index.php?rest_route=%2Fwp%2Fv2%2Fcategories&post=1399"},{"taxonomy":"post_tag","embeddable":true,"href":"https:\/\/egophobia.ro\/index.php?rest_route=%2Fwp%2Fv2%2Ftags&post=1399"}],"curies":[{"name":"wp","href":"https:\/\/api.w.org\/{rel}","templated":true}]}}