{"id":14187,"date":"2022-06-02T07:55:12","date_gmt":"2022-06-02T05:55:12","guid":{"rendered":"http:\/\/egophobia.ro\/?p=14187"},"modified":"2022-05-29T16:56:43","modified_gmt":"2022-05-29T14:56:43","slug":"apocalipsa-dupa-heidegger-8-12","status":"publish","type":"post","link":"https:\/\/egophobia.ro\/?p=14187","title":{"rendered":"apocalipsa dup\u0103 heidegger [8-12]"},"content":{"rendered":"<p style=\"text-align: center;\" align=\"justify\"><span style=\"color: green;\">(#gnostice)<\/span><\/p>\n<p style=\"text-align: right;\">de Marius-Iulian Stancu<\/p>\n<p style=\"text-align: justify;\"><strong>[8] <\/strong>fiin\u021ba nu-i doar \u00abpresupus\u0103\u00bb ontologic, ci <em>ne<\/em> \u00abpresupune\u00bb. primordial e s\u0103 ne facem disponibili ca <em>fiind<\/em> deja [\u00een\u021belegerea medie a fiin\u021bei].<!--more--><\/p>\n<p style=\"text-align: justify;\"><strong>[9] <\/strong>cu \u00eentrebarea [la ce folose\u0219te ea?] privitoare la fiin\u021b\u0103, cel mai abstract se dovede\u0219te a fi \u0219i ce-i mai concret, deoarece \u201efiin\u021ba este de fiecare dat\u0103 fiin\u021ba unei fiin\u021b\u0103ri\u201d [<em>fiin\u021b\u0103 \u0219i timp<\/em>], mi se adreseaz\u0103 \u0219i se adreseaz\u0103 lumii \u00een rost(u)irea mea. \u00abmi\u0219carea\u00bb, \u00een sens metafizic, \u00eencepe printr-o orientare cu totul fizic\u0103 \u00een care \u00eentregul fiin\u021b\u0103rii ne apare \u00een diferitele lui regiuni de la care putem \u00eencepe s\u0103 ne realiz\u0103m geografia spiritual\u0103, cu ale ei repere fixe numite \u00abdomenii\u00bb [istoria, natura, spa\u021biul, via\u021ba, <em>dasein<\/em>-ul, limba etc.]. paradoxal, progresul cercet\u0103rii [ca acumulare de rezultate] nu limpeze\u0219te, ci func\u021bioneaz\u0103 asemeni sediment\u0103rii ce acoper\u0103 un sit din ce \u00een ce mai originar. de aici importan\u021ba esen\u021bial\u0103 a actului permanent al interog\u0103rii, ca arheologie a cunoa\u0219terii, ca atitudine fundamental\u0103 \u00een func\u021bie de care distan\u021ba fa\u021b\u0103 de momentul auroral se m\u0103re\u0219te \u0219i se mic\u0219oreaz\u0103 constant prin m\u0103rturisirea interogativ\u0103 a originarului. heidegger [cu referire la diferitele discipline \u0219tiin\u021bifice] o nume\u0219te \u00abcriz\u0103\u00bb, dar e o criz\u0103 ce se cere interiorizat\u0103 \u0219i permanentizat\u0103.<\/p>\n<p style=\"text-align: justify;\"><strong>[10] <\/strong>mai \u00eenaintea oric\u0103rei \u0219tiin\u021be, cu ale ei concepte fundamentale \u2013 c\u0103l\u0103uzele \u2013 se afl\u0103 [pe el \u00eensu\u0219i] omul, \u00eentr-o \u00abregiune a fiin\u021b\u0103rii\u00bb \u00eentru care \u00ee\u0219i expliciteaz\u0103 fiin\u021barea, fundament\u00e2ndu-se. mai \u00eenaintea \u0219tiin\u021bei se afl\u0103 omul care se pune la dispozi\u021bie \u00eentru deschiderea domeniului de fiin\u021b\u0103 prin care devine posibil\u0103 interogarea. nicio \u0219tiin\u021b\u0103 nu ne scute\u0219te de acest efort esen\u021bial, primenit cu fiecare diminea\u021b\u0103 \u0219i c\u0103ruia \u00eei culegem roadele \u00een fiecare sear\u0103. progresul \u0219tiin\u021bei umane ar fi imposibil f\u0103r\u0103 acest \u00abpentru prima dat\u0103\u00bb, f\u0103r\u0103 aceast\u0103 permanent\u0103 repeti\u021bie originar\u0103.<\/p>\n<p style=\"text-align: justify;\"><strong>[11] <\/strong>interogarea f\u0103r\u0103 \u00absens\u00bb ca unic\u0103 modalitate prin care contemporanul a \u00een\u021beles a se specializa, care nu [ne] mai traseaz\u0103 \u00abgenealogia\u00bb, constituie atitudinea specific\u0103 a unor cuget\u0103tori \u00aborbi\u00bb, priva\u021bi de orizontul oric\u0103rei posibilit\u0103\u021bi reale. omul trebuie s\u0103 re\u00eenve\u021be s\u0103 fie pornind de la ce-i este cel mai la \u00eendem\u00e2n\u0103, trebuie s\u0103 \u00abcoboare\u00bb [mereu mitul pe\u0219terii, vinerea patimilor] pentru a se putea \u00ab\u00een\u0103l\u021ba\u00bb cu adev\u0103rat, s\u0103 renun\u021be la referin\u021ba critic\u0103, la citat, la aprioric, la transcedental, pentru c\u0103 \u201ecercetarea \u0219tiin\u021bific\u0103 nu este singurul \u0219i nici cel mai la \u00eendem\u00e2n\u0103 dintre felurile posibile de a fi ale acestei fiin\u021b\u0103ri.\u201d [<em>fiin\u021b\u0103 \u0219i timp<\/em>]<\/p>\n<p style=\"text-align: justify;\"><strong>[12] <\/strong>istoria filosofiei s-a redus de prea multe ori la \u00abprivilegiile\u00bb [presupus] definitorii ale unui exemplar [uman?] \u00een jurul c\u0103ruia \u00eentreaga lume p\u0103rea a gravita. de cele mai multe ori, \u00eens\u0103, defini\u021biile nu au reprezentat mai mult dec\u00e2t schi\u021be pentru un exoschelet, sedimente ale unui sit privat de arheologie, dincolo de care \u00abmonumentalul\u00bb nu mai [se] afl\u0103 [\u00een] c\u0103utare. aici suntem noi \u2013 acea fiin\u021bare care \u201c\u00een fiin\u021ba ei, are ca miz\u0103 \u00eens\u0103\u0219i aceast\u0103 fiin\u021b\u0103.\u201d [<em>fiin\u021b\u0103 \u0219i timp<\/em>]. raportul [c\u0103 vrem sau nu vrem, c\u0103 \u0219tim sau nu vrem s\u0103 \u0219tim] e unul singur, e singurul nostru posibil \u2013 cu \u00abfiin\u021ba\u00bb la care <em>dasein<\/em>-ul se raporteaz\u0103. \u00een func\u021bie de acest raport fundamental <em>exist\u0103m<\/em>. c\u0103 putem s\u0103 nu fim, aceasta constituie o certitudine [\u00een afara mortalit\u0103\u021bii nimic nu i s-a impus omului cu for\u021ba eviden\u021bei, oric\u00e2t de viclean a fost limbajul filosofiei], dar c\u0103 putem s\u0103 nu fim noi \u00een\u0219ine, acesta reprezint\u0103 un aspect al existen\u021bei de care pu\u021bini s-au l\u0103murit. cu toate acestea, a te alege r\u0103m\u00e2ne \u00eentotdeauna o posibilitate oferit\u0103 existen\u021bei. \u201cproblema existen\u021bei nu poate fi rezolvat\u0103 dec\u00e2t prin faptul \u00eensu\u0219i de a exista.\u201d [<em>fiin\u021b\u0103 \u0219i timp<\/em>]<\/p>\n","protected":false},"excerpt":{"rendered":"<p>(#gnostice) de Marius-Iulian Stancu [8] fiin\u021ba nu-i doar \u00abpresupus\u0103\u00bb ontologic, ci ne \u00abpresupune\u00bb. primordial e s\u0103 ne facem disponibili ca fiind deja [\u00een\u021belegerea medie a fiin\u021bei].<\/p>\n","protected":false},"author":1,"featured_media":0,"comment_status":"open","ping_status":"open","sticky":false,"template":"","format":"standard","meta":{"jetpack_post_was_ever_published":false,"_jetpack_newsletter_access":"","_jetpack_dont_email_post_to_subs":false,"_jetpack_newsletter_tier_id":0,"_jetpack_memberships_contains_paywalled_content":false,"_jetpack_memberships_contains_paid_content":false,"footnotes":""},"categories":[1442,8,1566],"tags":[1443,1113,1567,60],"class_list":["post-14187","post","type-post","status-publish","format-standard","hentry","category-gnostice","category-critica","category-egophobia-72","tag-gnostice","tag-critica","tag-egophobia-72","tag-marius-iulian-stancu"],"jetpack_featured_media_url":"","jetpack_sharing_enabled":true,"jetpack_shortlink":"https:\/\/wp.me\/p6DakB-3GP","_links":{"self":[{"href":"https:\/\/egophobia.ro\/index.php?rest_route=\/wp\/v2\/posts\/14187","targetHints":{"allow":["GET"]}}],"collection":[{"href":"https:\/\/egophobia.ro\/index.php?rest_route=\/wp\/v2\/posts"}],"about":[{"href":"https:\/\/egophobia.ro\/index.php?rest_route=\/wp\/v2\/types\/post"}],"author":[{"embeddable":true,"href":"https:\/\/egophobia.ro\/index.php?rest_route=\/wp\/v2\/users\/1"}],"replies":[{"embeddable":true,"href":"https:\/\/egophobia.ro\/index.php?rest_route=%2Fwp%2Fv2%2Fcomments&post=14187"}],"version-history":[{"count":1,"href":"https:\/\/egophobia.ro\/index.php?rest_route=\/wp\/v2\/posts\/14187\/revisions"}],"predecessor-version":[{"id":14188,"href":"https:\/\/egophobia.ro\/index.php?rest_route=\/wp\/v2\/posts\/14187\/revisions\/14188"}],"wp:attachment":[{"href":"https:\/\/egophobia.ro\/index.php?rest_route=%2Fwp%2Fv2%2Fmedia&parent=14187"}],"wp:term":[{"taxonomy":"category","embeddable":true,"href":"https:\/\/egophobia.ro\/index.php?rest_route=%2Fwp%2Fv2%2Fcategories&post=14187"},{"taxonomy":"post_tag","embeddable":true,"href":"https:\/\/egophobia.ro\/index.php?rest_route=%2Fwp%2Fv2%2Ftags&post=14187"}],"curies":[{"name":"wp","href":"https:\/\/api.w.org\/{rel}","templated":true}]}}