{"id":14204,"date":"2022-06-06T08:46:46","date_gmt":"2022-06-06T06:46:46","guid":{"rendered":"http:\/\/egophobia.ro\/?p=14204"},"modified":"2022-06-02T08:51:34","modified_gmt":"2022-06-02T06:51:34","slug":"cezar-petrescu-si-misterul-fantasticului-interior-iii","status":"publish","type":"post","link":"https:\/\/egophobia.ro\/?p=14204","title":{"rendered":"Cezar Petrescu \u0219i misterul \u201eFantasticului interior\u201d [III]"},"content":{"rendered":"<p style=\"text-align: center;\"><span style=\"color: green;\">(Studii fantastice)<\/span><\/p>\n<p style=\"text-align: right;\">de Oliviu Cr\u00e2znic<\/p>\n<p style=\"text-align: justify;\">Am v\u0103zut, \u00een a <a href=\"http:\/\/egophobia.ro\/?p=14162\">doua parte<\/a> a acestui studiu, care sunt operele incluse de c\u0103tre Cz. Petrescu \u00een structura ini\u021bial\u0103 a subciclului epic <em>Fantasticul interior<\/em>.<\/p>\n<p style=\"text-align: justify;\">Aceast\u0103 structur\u0103, dup\u0103 cum am men\u021bionat, a suferit, \u00een timp, schimb\u0103ri semnificative: <em>Povestire de iarn\u0103<\/em> \u0219i <em>Dezertarea lui Toader M\u00e2nzu<\/em> au fost transferate, \u00eentr-un mod deloc inspirat, \u00een subciclul epic \u201e\u021b\u0103r\u0103nesc\u201d <em>Rodul p\u0103m\u00e2ntului<\/em> (!), iar <em>Fereastra<\/em>, \u00eentr-un mod care poate fi considerat, (doar) din anumite puncte de vedere, justificat, \u00een <em>T\u00e2rgurile unde se moare<\/em>.<!--more--><\/p>\n<p style=\"text-align: justify;\">Drept urmare a acestor transferuri, structura \u201edefinitiv\u0103\u201d (\u0219i s\u0103r\u0103cit\u0103) a <em>Fantasticului interior<\/em> a r\u0103mas urm\u0103toarea:<\/p>\n<p style=\"text-align: justify;\">\n<ol style=\"text-align: justify;\">\n<li><strong> <em>Omul din vis<\/em> <\/strong><\/li>\n<li><strong> <em>P\u0103ianjenul negru<\/em> <\/strong><\/li>\n<li><strong> <em>Somnul<\/em> <\/strong><\/li>\n<li><strong> <em>Palace<\/em> <\/strong><\/li>\n<li><strong> <em>Omul care \u0219i-a g\u0103sit umbra<\/em> <\/strong><\/li>\n<li><strong> <em>Adev\u0103rata moarte a lui Guynemer<\/em> <\/strong><\/li>\n<li><strong> <em>Aranca, \u0219tima lacurilor<\/em> <\/strong><\/li>\n<li><strong> <em>Simfonia fantastic\u0103<\/em> <\/strong><\/li>\n<li><strong> <em>Baletul mecanic<\/em> <\/strong><\/li>\n<\/ol>\n<p style=\"text-align: justify;\">\n<p style=\"text-align: justify;\">La o prim\u0103 vedere, \u021bin\u00e2nd cont de faptul c\u0103 prozele eliminate au o leg\u0103tur\u0103 destul de firav\u0103 cu fantasticul (dup\u0103 cum am ar\u0103tat \u00een partea a doua a studiului nostru), am putea crede c\u0103 autorul s-a str\u0103duit s\u0103 \u201epurifice\u201d subciclul, s\u0103 \u00eel transforme \u00eentr-unul exclusiv fantastic; fire\u0219te, este doar o impresie superficial\u0103, deoarece unele proze p\u0103strate au cu fantasticul o leg\u0103tur\u0103 la fel de firav\u0103 (<em>Omul care \u0219i-a g\u0103sit umbra<\/em>) sau doar pu\u021bin mai str\u00e2ns\u0103 (<em>Somnul<\/em>), iar altele &#8230; nu au deloc (<em>P\u0103ianjenul negru<\/em>; <em>Adev\u0103rata moarte a lui Guynemer<\/em>; <em>Simfonia fantastic\u0103<\/em>).<\/p>\n<p style=\"text-align: justify;\">Cu alte cuvinte, Cz. Petrescu a exclus din subciclu dou\u0103 opere (<em>Povestire de iarn\u0103<\/em> \u0219i <em>Fereastra<\/em>) apar\u021bin\u00e2nd categoriei estetice a macabrului, dar a p\u0103strat \u00een subciclu o a treia oper\u0103 (<em>Somnul<\/em>) apar\u021bin\u00e2nd aceleia\u0219i categorii; a exclus, de asemenea, o oper\u0103 (<em>Dezertarea lui Toader M\u00e2nzu<\/em>) apar\u021bin\u00e2nd (sub)categoriei estetice a grotescului, dar a p\u0103strat alte trei apar\u021bin\u00e2nd aceleia\u0219i (sub)categorii (<em>P\u0103ianjenul negru<\/em>; <em>Omul care \u0219i-a g\u0103sit umbra<\/em>; <em>Simfonia fantastic\u0103<\/em>).<\/p>\n<p style=\"text-align: justify;\">Consider\u0103m c\u0103, \u00een fapt, ar fi trebuit s\u0103 exclud\u0103 din subciclu toate operele apar\u021bin\u00e2nd (sub)categoriei estetice a grotescului (<em>P\u0103ianjenul negru<\/em>; <em>Dezertarea lui Toader M\u00e2nzu<\/em>; <em>Omul care \u0219i-a g\u0103sit umbra<\/em>; <em>Simfonia fantastic\u0103<\/em>), pentru simplul motiv c\u0103 acestea \u00ee\u0219i g\u0103sesc locul firesc \u00een alt subiclu epic cezarpetrescian, \u00eenchinat, prin defini\u021bie, comicului (categorie estetic\u0103 c\u0103reia \u00eei apar\u021bine subcategoria estetic\u0103 a grotescului) \u2013 \u0219i anume, \u00een <em>Satyricon<\/em>.<\/p>\n<p style=\"text-align: justify;\">Men\u021bionata firav\u0103 leg\u0103tur\u0103 cu fantasticul pe care o au <em>Dezertarea lui Toader M\u00e2nzu<\/em> \u0219i <em>Omul care \u0219i-a g\u0103sit umbra<\/em> (\u00een privin\u021ba <em>P\u0103ianjenului negru<\/em> \u0219i a <em>Simfoniei fantastice<\/em>, scrieri categoric nonfantastice, nici m\u0103car nefiind necesar s\u0103 ne argument\u0103m opinia) nu justific\u0103 includerea \u00een <em>Fantasticul interior<\/em>: accept\u00e2nd un asemenea criteriu lax, ar trebui s\u0103 transfer\u0103m aici aproape \u00eentreaga oper\u0103 a lui Cz. Petrescu, c\u0103ci acesta, fire romantic\u0103, nu a ezitat s\u0103 \u00ee\u0219i condimenteze crea\u021biile, ori de c\u00e2te ori a avut ocazia, cu \u00eent\u00e2mpl\u0103ri situate la hotarele realului (f\u0103r\u0103, \u00eens\u0103, a le \u00eenc\u0103lca \u00eentr-un mod incontestabil). Amintim: \u00eemplinirea(?) prezicerilor c\u0103lug\u0103rului smintit din <em>Ad\u0103postul Sobolia<\/em> sau ale neconving\u0103toarei cartomante din <em>La \u201eParadis General\u201d<\/em>, t\u0103lm\u0103cirea corect\u0103(?) \u0219i \u00eemplinirea(?) visurilor din <em>Cheia Visurilor<\/em>, vedenia(?) apocaliptic\u0103 a soldatului Mucenicu din <em>\u00centunecare<\/em>, oniricul(?) Mo\u0219 din dickensiana <em>Noapte de Cr\u0103ciun<\/em>, stafia(?)-delir din <em>Calea Victoriei<\/em>, stafia(?)-remu\u0219care din <em>Ora\u0219 patriarhal<\/em> ori for\u021ba misterioas\u0103 care se manifest\u0103, la un moment dat, \u00een casa bolnavei din <em>Dumineca Orbului<\/em> (so\u021bia moart\u0103 a naratorului \u00eent\u00e2mpl\u0103rii?).<\/p>\n<p style=\"text-align: justify;\">Mai consider\u0103m c\u0103 <em>Adev\u0103rata moarte a lui Guynemer<\/em> \u2013 oper\u0103 categoric nonfantastic\u0103 (asemenea <em>P\u0103ianjenului negru<\/em> \u0219i <em>Simfoniei fantastice<\/em>) \u0219i apar\u021bin\u00e2nd, dup\u0103 cum am precizat \u00een partea a doua a studiului, (sub)categoriei estetice a bizarului \u2013 ar fi trebuit, de asemenea, exclus\u0103 din subciclu, pentru simplul motiv c\u0103 \u00ee\u0219i g\u0103se\u0219te locul firesc \u00een alt subiclu epic cezarpetrescian \u2013 \u0219i anume, \u00een <em>R\u0103zboi \u0219i pace<\/em>: nu este, oare, psihicul personajului marcat drastic tocmai de antiteza \u201em\u0103re\u021bie \u00een vreme de <em>R\u0103zboi<\/em>\u201d\/\u201edec\u0103dere \u00een vreme de <em>pace<\/em>\u201d?&#8230;<\/p>\n<p style=\"text-align: justify;\">Despre operele apar\u021bin\u00e2nd categoriei estetice a macabrului, incluse\/excluse din <em>Fantasticul interior<\/em>, precum \u0219i despre operele apar\u021bin\u00e2nd chiar categoriei estetice a fantasticului, pe care, \u00eens\u0103, Cz. Petrescu nu le-a inclus \u00een subciclu, ve\u021bi afla opiniile noastre \u00een viitorul apropiat.<\/p>\n<p style=\"text-align: justify;\">\n<p style=\"text-align: justify;\"><em>(Continuarea \u00een num\u0103rul urm\u0103tor)<\/em><\/p>\n<p style=\"text-align: justify;\">\n","protected":false},"excerpt":{"rendered":"<p>(Studii fantastice) de Oliviu Cr\u00e2znic Am v\u0103zut, \u00een a doua parte a acestui studiu, care sunt operele incluse de c\u0103tre Cz. Petrescu \u00een structura ini\u021bial\u0103 a subciclului epic Fantasticul interior. Aceast\u0103 structur\u0103, dup\u0103 cum am men\u021bionat, a suferit, \u00een timp, schimb\u0103ri semnificative: Povestire de iarn\u0103 \u0219i Dezertarea lui Toader M\u00e2nzu au fost transferate, \u00eentr-un mod [&hellip;]<\/p>\n","protected":false},"author":2,"featured_media":0,"comment_status":"open","ping_status":"open","sticky":false,"template":"","format":"standard","meta":{"jetpack_post_was_ever_published":false,"_jetpack_newsletter_access":"","_jetpack_dont_email_post_to_subs":false,"_jetpack_newsletter_tier_id":0,"_jetpack_memberships_contains_paywalled_content":false,"_jetpack_memberships_contains_paid_content":false,"footnotes":""},"categories":[8,1566,892],"tags":[1519,1113,1567,636,1194],"class_list":["post-14204","post","type-post","status-publish","format-standard","hentry","category-critica","category-egophobia-72","category-ghidul-cititorului-de-fantastic","tag-cezar-petrescu","tag-critica","tag-egophobia-72","tag-oliviu-craznic","tag-studii-fantastice"],"jetpack_featured_media_url":"","jetpack_sharing_enabled":true,"jetpack_shortlink":"https:\/\/wp.me\/p6DakB-3H6","_links":{"self":[{"href":"https:\/\/egophobia.ro\/index.php?rest_route=\/wp\/v2\/posts\/14204","targetHints":{"allow":["GET"]}}],"collection":[{"href":"https:\/\/egophobia.ro\/index.php?rest_route=\/wp\/v2\/posts"}],"about":[{"href":"https:\/\/egophobia.ro\/index.php?rest_route=\/wp\/v2\/types\/post"}],"author":[{"embeddable":true,"href":"https:\/\/egophobia.ro\/index.php?rest_route=\/wp\/v2\/users\/2"}],"replies":[{"embeddable":true,"href":"https:\/\/egophobia.ro\/index.php?rest_route=%2Fwp%2Fv2%2Fcomments&post=14204"}],"version-history":[{"count":1,"href":"https:\/\/egophobia.ro\/index.php?rest_route=\/wp\/v2\/posts\/14204\/revisions"}],"predecessor-version":[{"id":14205,"href":"https:\/\/egophobia.ro\/index.php?rest_route=\/wp\/v2\/posts\/14204\/revisions\/14205"}],"wp:attachment":[{"href":"https:\/\/egophobia.ro\/index.php?rest_route=%2Fwp%2Fv2%2Fmedia&parent=14204"}],"wp:term":[{"taxonomy":"category","embeddable":true,"href":"https:\/\/egophobia.ro\/index.php?rest_route=%2Fwp%2Fv2%2Fcategories&post=14204"},{"taxonomy":"post_tag","embeddable":true,"href":"https:\/\/egophobia.ro\/index.php?rest_route=%2Fwp%2Fv2%2Ftags&post=14204"}],"curies":[{"name":"wp","href":"https:\/\/api.w.org\/{rel}","templated":true}]}}