{"id":1431,"date":"2009-08-28T22:31:52","date_gmt":"2009-08-28T20:31:52","guid":{"rendered":"http:\/\/egophobia.ro\/?p=1431"},"modified":"2009-09-07T11:26:47","modified_gmt":"2009-09-07T09:26:47","slug":"constantin-virgil-banescu-si-epistemologia-sinuciderii","status":"publish","type":"post","link":"https:\/\/egophobia.ro\/?p=1431","title":{"rendered":"Constantin Virgil B\u0103nescu \u015fi epistemologia sinuciderii"},"content":{"rendered":"<p align=right>de Patrick C\u0103linescu<\/p>\n<p align=justify>\nC\u00e2nd am scris <em>Stele verzi<\/em>, am plecat de la ideea \u2013 simpl\u0103 sau extravagant\u0103 \u2013 c\u0103 sinuciderea este singurul loc \u00een care sinuciga\u015ful \u2013 actorul (\u00een sens etimologic \u015fi chiar semiotic) sinuciderii \u2013 (mai) poate fi singur. \u00cen romanul meu, a\u015fadar, sinuciderea are un sens pozitiv \u015fi benefic: ea devine un act eliberator \u015fi, pentru a-l elibera pe actorul ei de propria sa via\u0163\u0103, nici nu trebuie s\u0103 fie literal\u0103.<!--more--><\/p>\n<p align=justify>\nDin felul \u00een care am \u00een\u0163eles eu sinuciderea \u00een romanul pe care l-am scris anul trecut se deduc cel pu\u0163in dou\u0103 lucruri oarecum paradoxale. \u00cen primul r\u00e2nd, dac\u0103 sinuciderea este un act de voin\u0163\u0103 pozitiv, eliberator \u015fi, \u00een consecin\u0163\u0103, democratic, \u00eentr-un sens care transcende socialul \u015fi politicul imanent \u00een el, atunci ea ajunge s\u0103 fie o ac\u0163iune complet altruist\u0103 \u015fi numai dac\u0103 nu recurgi la ea, fie \u015fi \u00een felul non-literal din romanul meu, ea devine egoist\u0103. \u00cen al doilea r\u00e2nd, dac\u0103 sinuciderea, ca s\u0103-\u015fi fi putut atinge scopul, nici nu trebuie s\u0103 fie literal\u0103, atunci ea chiar nu are nevoie s\u0103 fie literal\u0103 pentru a fi \u00een \u00eentregime literar\u0103, ceea ce ar putea s\u0103 fie un alt fel de-a spune c\u0103 sinuciderea nici nu trebuie s\u0103 aib\u0103 loc pentru a avea loc cu adev\u0103rat.<\/p>\n<p align=justify>Sinuciderea din romanul meu r\u0103m\u00e2ne tipul de sinucidere ideal: te poate elibera complet de toate limitele pe care le vei fi sim\u0163it vreodat\u0103 \u015fi, \u00een acela\u015fi timp, te las\u0103 \u00een via\u0163\u0103 pentru a gusta din plin experien\u0163a eliberatoare pe care, odat\u0103 ce-ai recurs la ea, \u0163i-o d\u0103. Sinuciderea din romanul meu este genul de sinucidere pe care numai axiologii din domeniul sinuciderii o pot \u00een\u0163elege la adev\u0103rata ei valoare.<br \/>\nDin p\u0103cate, exist\u0103, ca \u00een domeniul oric\u0103rei epistemologii, \u015fi praxiologii sinuciderii, care o transform\u0103 \u00eentr-un act carceral \u015fi cumplit de egoist. \u00cen primul r\u00e2nd, carceral, pentru c\u0103 aceast\u0103 sinucidere praxiologic\u0103 te \u00eenchide definitiv \u00een moarte \u015fi \u00ee\u0163i blocheaz\u0103 permanent accesul la extraordinarul sentiment de eliberare de orice limit\u0103 impus\u0103 asupra ta pe care numai sinuciderea axiologic\u0103 (altruist\u0103 \u015fi, bine\u00een\u0163eles, nu neap\u0103rat literal\u0103) \u00eel poate da. \u00cen al doilea r\u00e2nd, egoist, pentru c\u0103 nu te mai po\u0163i g\u00e2ndi nici la tine, nici la ce vrei tu s\u0103 sim\u0163i \u015fi la gradul de libertate pe care vrei s\u0103-l ai dac\u0103 \u00ee\u0163i anihilezi at\u00e2t propria fiin\u0163\u0103, c\u00e2t \u015fi propriul eu.<\/p>\n<p align=justify>Din p\u0103cate, cel pu\u0163in statistic, ramura praxiologic\u0103 a sinuciga\u015filor este mult mai populat\u0103 de actorii ei dec\u00e2t ramura pur axiologic\u0103, c\u0103reia am \u00eencercat s\u0103-i dau o oarecare consisten\u0163\u0103 estetic\u0103 \u00een romanul meu.<\/p>\n<p align=justify>Anul trecut, \u00een aceea\u015fi lun\u0103 august a anului curent, c\u00e2nd am \u00eenceput s\u0103 scriu Stele verzi, de\u015fi aveam capul plin de praxiologi ai sinuciderii (mai ales din spa\u0163iul anglo-saxon), \u015fi nu mai vreau s\u0103-i enum\u0103r pe to\u0163i care au \u00eenceput s\u0103 devin\u0103 cumplit de egoi\u015fti cu propria lor fiin\u0163\u0103 \u015fi cu propriul lor eu, mi-ar fi fost imposibil s\u0103 am habar c\u0103, la abia un ciclu astronomic distan\u0163\u0103, aveam s\u0103 scriu despre o astfel de pragmatizare (punere \u00een ac\u0163iune \/ act) a sinuciderii at\u00e2t de aproape de mine \u015fi chiar \u00een perimetrul meu lingvistic primar (rom\u00e2na), dar \u015fi \u00een cercul \u00eenchis al genera\u0163iei mele.<\/p>\n<p align=justify>C\u00e2nd am aflat despre moartea lui Constantin Virgil B\u0103nescu, mi-a p\u0103rut r\u0103u a\u015fa cum \u00ee\u0163i pare r\u0103u c\u00e2nd moare unul dintre ai t\u0103i (\u00een sens estetic), chiar dac\u0103 nu l-ai cunoscut personal \u015fi nici nu te-ai ad\u00e2ncit excesiv de mult \u00een opera lui. C\u00e2nd am aflat, \u00een schimb, c\u0103 s-a sinucis, \u00een cea mai crunt\u0103 literalitate posibil\u0103 a sinuciderii praxiologice, sincer s\u0103 fiu mi-a \u00eenghe\u0163at pu\u0163in s\u00e2ngele \u00een vine, pentru c\u0103 n-am \u00een\u0163eles (\u015fi nu \u00een\u0163eleg nici acum) de ce o fiin\u0163\u0103 estetic\u0103, cum a fost cu siguran\u0163\u0103 el, \u015fi-ar limita inten\u0163ionat, printr-un gest at\u00e2t de cov\u00e2r\u015fitor de egoist, propria nem\u0103rginire poetic\u0103. \u015ei, mai ales, n-am \u00een\u0163eles cum un asemenea iubitor de limb\u0103 rom\u00e2n\u0103 \u015fi-ar priva \u00eens\u0103\u015fi limba sa matern\u0103 de o voce \u00een plus \u015fi de \u00eenc\u0103 un sunet at\u00e2t de limpede cum a fost cel al lui.<\/p>\n<p align=justify>\u015eocul a constat \u00een trecerea de la El, care dorea s\u0103 se sinucid\u0103 pentru a fi, \u00een sf\u00e2r\u015fit, cu adev\u0103rat liber, la el, Virgil, care a dorit s\u0103 se sinucid\u0103 pentru a putea, \u00een sf\u00e2r\u015fit, s\u0103 nu mai fie \u00een niciun fel, \u015fi cu at\u00e2t mai pu\u0163in liber. \u015eocul a constat \u00een \u00een\u0163elegerea faptului c\u0103 sinuciderea praxiologic\u0103 chiar trebuie s\u0103 fie literal\u0103 pentru a putea avea loc cu adev\u0103rat.<\/p>\n","protected":false},"excerpt":{"rendered":"<p>de Patrick C\u0103linescu C\u00e2nd am scris Stele verzi, am plecat de la ideea \u2013 simpl\u0103 sau extravagant\u0103 \u2013 c\u0103 sinuciderea este singurul loc \u00een care sinuciga\u015ful \u2013 actorul (\u00een sens etimologic \u015fi chiar semiotic) sinuciderii \u2013 (mai) poate fi singur. \u00cen romanul meu, a\u015fadar, sinuciderea are un sens pozitiv \u015fi benefic: ea devine un act [&hellip;]<\/p>\n","protected":false},"author":2,"featured_media":0,"comment_status":"closed","ping_status":"closed","sticky":false,"template":"","format":"standard","meta":{"jetpack_post_was_ever_published":false,"_jetpack_newsletter_access":"","_jetpack_dont_email_post_to_subs":false,"_jetpack_newsletter_tier_id":0,"_jetpack_memberships_contains_paywalled_content":false,"_jetpack_memberships_contains_paid_content":false,"footnotes":""},"categories":[315,125],"tags":[336,1132,1129,4],"class_list":["post-1431","post","type-post","status-publish","format-standard","hentry","category-egophobia-23","category-invitat","tag-constantin-virgil-banescu","tag-egophobia-23","tag-invitat","tag-patrick-calinescu"],"jetpack_featured_media_url":"","jetpack_sharing_enabled":true,"jetpack_shortlink":"https:\/\/wp.me\/p6DakB-n5","_links":{"self":[{"href":"https:\/\/egophobia.ro\/index.php?rest_route=\/wp\/v2\/posts\/1431","targetHints":{"allow":["GET"]}}],"collection":[{"href":"https:\/\/egophobia.ro\/index.php?rest_route=\/wp\/v2\/posts"}],"about":[{"href":"https:\/\/egophobia.ro\/index.php?rest_route=\/wp\/v2\/types\/post"}],"author":[{"embeddable":true,"href":"https:\/\/egophobia.ro\/index.php?rest_route=\/wp\/v2\/users\/2"}],"replies":[{"embeddable":true,"href":"https:\/\/egophobia.ro\/index.php?rest_route=%2Fwp%2Fv2%2Fcomments&post=1431"}],"version-history":[{"count":3,"href":"https:\/\/egophobia.ro\/index.php?rest_route=\/wp\/v2\/posts\/1431\/revisions"}],"predecessor-version":[{"id":1483,"href":"https:\/\/egophobia.ro\/index.php?rest_route=\/wp\/v2\/posts\/1431\/revisions\/1483"}],"wp:attachment":[{"href":"https:\/\/egophobia.ro\/index.php?rest_route=%2Fwp%2Fv2%2Fmedia&parent=1431"}],"wp:term":[{"taxonomy":"category","embeddable":true,"href":"https:\/\/egophobia.ro\/index.php?rest_route=%2Fwp%2Fv2%2Fcategories&post=1431"},{"taxonomy":"post_tag","embeddable":true,"href":"https:\/\/egophobia.ro\/index.php?rest_route=%2Fwp%2Fv2%2Ftags&post=1431"}],"curies":[{"name":"wp","href":"https:\/\/api.w.org\/{rel}","templated":true}]}}