{"id":14322,"date":"2022-08-22T07:53:35","date_gmt":"2022-08-22T05:53:35","guid":{"rendered":"http:\/\/egophobia.ro\/?p=14322"},"modified":"2022-08-22T07:53:35","modified_gmt":"2022-08-22T05:53:35","slug":"cezar-petrescu-si-misterul-fantasticului-interior-iv","status":"publish","type":"post","link":"https:\/\/egophobia.ro\/?p=14322","title":{"rendered":"Cezar Petrescu \u0219i misterul \u201eFantasticului interior\u201d [IV]"},"content":{"rendered":"<p style=\"text-align: center;\"><span style=\"color: green;\">(Studii fantastice)<\/span><\/p>\n<p style=\"text-align: right;\">de Oliviu Cr\u00e2znic<\/p>\n<p style=\"text-align: justify;\">Am v\u0103zut, \u00een a <a href=\"http:\/\/egophobia.ro\/?p=14204\">treia parte<\/a> a acestui studiu, care sunt operele incluse de c\u0103tre Cz. Petrescu \u00een structura \u201edefinitiv\u0103\u201d a subciclului epic <em>Fantasticul interior<\/em>.<\/p>\n<p style=\"text-align: justify;\">Aceast\u0103 restructurare, dup\u0103 cum am men\u021bionat, nu a fost, \u00eens\u0103, realizat\u0103 \u00eentr-un mod inspirat, autorul elimin\u00e2nd din subciclu alte proze dec\u00e2t ar fi fost, \u00een opinia noastr\u0103, firesc (\u0219i transfer\u00e2nd majoritatea acestora \u00een subcicluri \u00een care nu \u00ee\u0219i g\u0103sesc locul).<!--more--><\/p>\n<p style=\"text-align: justify;\">Precizam, astfel, c\u0103 ar fi fost necesar\u0103 eliminarea din subciclu, \u00een primul r\u00e2nd, a unei opere categoric nonfantastice[1] \u0219i apar\u021bin\u00e2nd (sub)categoriei estetice a bizarului (<em>Adev\u0103rata moarte a lui Guynemer<\/em>) \u2013 transfer\u00e2nd-o, \u00een mod firesc, \u00een subciclul <em>R\u0103zboi \u0219i pace<\/em> \u2013 \u0219i, \u00een al doilea r\u00e2nd, a operelor apar\u021bin\u00e2nd (sub)categoriei estetice a grotescului (<em>P\u0103ianjenul negru<\/em>; <em>Dezertarea lui Toader M\u00e2nzu<\/em>; <em>Omul care \u0219i-a g\u0103sit umbra<\/em>; <em>Simfonia fantastic\u0103<\/em>) \u0219i av\u00e2nd doar o firav\u0103 leg\u0103tur\u0103 cu fantasticul \u2013 transfer\u00e2ndu-le, \u00een mod firesc, \u00een subciclul <em>Satyricon<\/em> [2].<\/p>\n<p style=\"text-align: justify;\">Cum ar trebui, \u00eens\u0103, procedat cu operele apar\u021bin\u00e2nd categoriei estetice a macabrului (<em>Povestire de iarn\u0103<\/em>; <em>Somnul<\/em>; <em>Fereastra<\/em>) \u0219i av\u00e2nd o leg\u0103tur\u0103 mai degrab\u0103 firav\u0103 cu fantasticul?<\/p>\n<p style=\"text-align: justify;\">\u00ce\u0219i g\u0103sesc acestea locul \u00een <em>Fantasticul interior<\/em>?<\/p>\n<p style=\"text-align: justify;\">R\u0103spunsul nu este, nici de aceast\u0103 dat\u0103, simplu.<\/p>\n<p style=\"text-align: justify;\">Sau, mai bine spus, r\u0103spunsurile nu sunt, nici de aceast\u0103 dat\u0103, simple.<\/p>\n<p style=\"text-align: justify;\">Un prim r\u0103spuns care se poate oferi acestei \u00eentreb\u0103ri are caracter \u201epurist\u201d. Cum natura fantastic\u0103 a respectivelor opere este, \u00een dou\u0103 cazuri (<em>Povestire de iarn\u0103<\/em>; <em>Fereastra<\/em>), improbabil\u0103, \u0219i, \u00een al treilea caz (<em>Somnul<\/em>), \u00eendoielnic\u0103, nu pot fi incluse \u00een <em>Fantasticul interior<\/em>. \u00ce\u0219i pot g\u0103si locul \u00een alte subcicluri, \u0219i anume \u00een: <em>T\u00e2rgurile unde se moare<\/em> (<em>Povestire de iarn\u0103<\/em>; <em>Fereastra<\/em>)[3]; <em>Capitala care ucide<\/em> (<em>Somnul<\/em>).<\/p>\n<p style=\"text-align: justify;\">Acest r\u0103spuns este unul just argumentat, dar nu \u00een \u00eentregime satisf\u0103c\u0103tor: parcurg\u00e2nd operele din <em>T\u00e2rgurile unde se moare<\/em>[4] ori din <em>Capitala care ucide<\/em>, nu putem s\u0103 nu remarc\u0103m nota discordant\u0103 pe care o aduc, aici, prozele macabre ale lui Cz. Petrescu. \u00cen ciuda faptului c\u0103 macabrul nu este complet str\u0103in operei sale \u00een general, \u00eel remarc\u0103m doar \u00een treac\u0103t (\u0219i nu ca predominant) \u00een crea\u021bii apar\u021bin\u00e2nd subciclurilor men\u021bionate; \u0219i \u00een ciuda faptului c\u0103 nici comentariul socio-politic nu este complet str\u0103in prozelor cezarpetresciene macabre, \u00eel remarc\u0103m aici doar \u00een treac\u0103t (\u0219i nu ca predominant). Aceste din urm\u0103 scrieri nu redau episoade reprezentative pentru societatea rom\u00e2neasc\u0103 din veacul al XX-lea, cum nici scrierile fantastice \u0219i nici scrierile grote\u0219ti nu redau asemenea episoade, ci, dimpotriv\u0103, au \u00een vedere episoade cu caracter extraordinar; \u00een fapt, crea\u021biile \u00een cauz\u0103 nici nu ar trebui incluse \u00een ciclul epic <em>Cronica rom\u00e2neasc\u0103 a veacului XX<\/em>, ci ar fi trebuit s\u0103 formeze un ciclu separat, <em>[Cronici extraordinare]<\/em>[5], ramificat \u00een trei subcicluri: <em>Fantasticul interior [\u0219i exterior]<\/em>[6] \u2013 \u00eenchinat categoriei estetice a fantasticului \u2013, <em>[Povestiri cu mor\u021bi]<\/em>[7]\u2013 \u00eenchinat categoriei estetice a macabrului \u2013 \u0219i <em>Satyricon<\/em> \u2013 \u00eenchinat (sub)categoriei estetice a grotescului \u0219i, eventual, altor (sub)categorii estetice ale comicului. De altfel, subciclurile din care ar r\u0103m\u00e2ne format\u0103, \u00een acest caz, <em>Cronica ..<\/em>., acoper\u0103 cu adev\u0103rat perfect via\u021ba rom\u00e2neasc\u0103 contemporan\u0103 lui Cz. Petrescu, at\u00e2t pe plan spa\u021bial\/geografic\/social (<em>Rodul p\u0103m\u00e2ntului<\/em> \u2013 satul, <em>T\u00e2rgurile unde se moare<\/em> \u2013 ora\u0219ele de provincie, <em>Capitala care ucide<\/em> \u2013 Bucure\u0219tiul), c\u00e2t \u0219i pe plan temporal\/istoric\/politic (<em>R\u0103zboi \u0219i pace<\/em> \u2013 R\u0103zboaiele Mondiale, perioadele antebelic\u0103, interbelic\u0103 \u0219i postbelic\u0103).<\/p>\n<p style=\"text-align: justify;\">Descoperim, astfel, \u0219i un al doilea r\u0103spuns posibil, chiar unul ideal: crea\u021biile cezarpetresciene macabre ar trebui incluse \u00eentr-un subciclu aparte. Din nefericire, autorul nu a creat un asemenea subciclu, cu toate c\u0103, \u00een opinia noastr\u0103, a cochetat cu aceast\u0103 idee [8].<\/p>\n<p style=\"text-align: justify;\">\u00cen sf\u00e2r\u0219it, o solu\u021bie de compromis, acceptabil\u0103, ar fi p\u0103strarea operelor macabre, c\u0103rora nu le-a fost \u00eenchinat un subciclu, ca parte component\u0103 a <em>Fantasticului interior<\/em>, \u00een virtutea faptului c\u0103 aceste dou\u0103 categorii estetice au, practic, un public cititor \u00een mare m\u0103sur\u0103 comun [9], pasionat de \u00eent\u00e2mpl\u0103ri extraordinare prezentate \u00eentr-o manier\u0103 serioas\u0103 \u0219i care, prin urmare, nu se suprapune, dec\u00e2t \u00een mic\u0103 m\u0103sur\u0103, cu publicul cititor pasionat de comic\/grotesc (public vizat de <em>Satyricon<\/em>), ori cu publicul cititor pasionat de realism socio-politic (public vizat de: <em>Rodul p\u0103m\u00e2ntului<\/em>; <em>T\u00e2rgurile unde se moare<\/em>; <em>Capitala care ucide<\/em>; <em>R\u0103zboi \u0219i pace<\/em>).<\/p>\n<p style=\"text-align: justify;\">Indiferent pentru care solu\u021bie opt\u0103m, misterul <em>Fantasticului interior<\/em> nu este, nici acum, pe deplin rezolvat: r\u0103m\u00e2ne problema operelor apar\u021bin\u00e2nd chiar categoriei estetice a fantasticului pe care Cz. Petrescu nu le-a inclus \u00een subciclu.<\/p>\n<p style=\"text-align: justify;\">Dar, despre acestea, ve\u021bi afla opiniile noastre \u00een viitorul apropiat.<\/p>\n<p style=\"text-align: justify;\">\n<p style=\"text-align: justify;\">[NOTE]<\/p>\n<p>&nbsp;<\/p>\n<p style=\"text-align: justify;\">[1] Presupunem, de altfel, c\u0103 includerea (\u0219i p\u0103strarea) <em>Adev\u0103ratei mor\u021bi a lui Guynemer<\/em> \u00een <em>Fantasticul interior<\/em> se datoreaz\u0103 unei confuzii f\u0103cute de Cz. Petrescu (\u0219i, ulterior, de mul\u021bi exege\u021bi ai s\u0103i) \u00eentre termenii \u201efantastic\u201d \u0219i \u201efictiv\u201d.<\/p>\n<p style=\"text-align: justify;\">Pentru o mai bun\u0103 \u00een\u021belegere a acestor termeni, a se vedea O. Cr\u00e2znic, <em>Fantasticul delimitat <\/em>(<a href=\"http:\/\/egophobia.ro\/?p=11067\">http:\/\/egophobia.ro\/?p=11067<\/a>).<\/p>\n<p style=\"text-align: justify;\">\n<p style=\"text-align: justify;\">[2] G\u0103sim de cuviin\u021b\u0103 s\u0103 amintim aici faptul, nu lipsit de importan\u021b\u0103, c\u0103 E.A. Poe, care l-a inspirat \u00een mod semnificativ, credem, pe Cz. Petrescu (\u00een ciuda orgolioasei \u00eencerc\u0103ri a acestuia din urm\u0103 de a se delimita de predecesorul s\u0103u), impunea, \u00een mod expres, delimitarea prozelor sale din categoria \u201earabescului\u201d (\u201emy serious tales\u201d, \u00eenchinate conceptului \u201eterror of the soul\u201d din care s-a n\u0103scut, probabil, conceptul cezarpetrescian, nu foarte diferit, al \u201efantasticului interior\u201d \u2013 a se vedea, \u00een acest sens, \u0219i prima parte a prezentului studiu <a href=\"http:\/\/egophobia.ro\/?p=13913\">http:\/\/egophobia.ro\/?p=13913<\/a>) de prozele sale apar\u021bin\u00e2nd (sub)categoriei estetice a grotescului (caracterizate, printre altele, prin ton auctorial ironic, personaje construite caricatural, impresia de fars\u0103 \u2013 lat. \u201efarcio\u201d = \u201ea umple\u201d, aceste scurte piese de teatru moralizatoare \u201eumpl\u00e2nd\u201d, de obicei, la origine, pauza dintre dou\u0103 reprezenta\u021bii serioase, la fel cum, la autorii viza\u021bi aici, au rostul \u201eumplerii pauzelor\u201d dintre prozele serioase).<\/p>\n<p style=\"text-align: justify;\">\n<p style=\"text-align: justify;\">[3] De altfel, \u00een procesul de restructurare suferit de edi\u021biile \u201edefinitive\u201d, <em>Fereastra<\/em> a fost transferat\u0103 chiar \u00een <em>T\u00e2rgurile unde se moare<\/em>.<\/p>\n<p style=\"text-align: justify;\"><em>Povestire de iarn\u0103<\/em> a fost transferat\u0103, \u00eens\u0103, \u00een mod cu totul inexplicabil, \u00een <em>Rodul p\u0103m\u00e2ntului<\/em> (nu este, nici pe departe, singura decizie de acest fel luat\u0103 de c\u0103tre Cz. Petrescu; ca s\u0103 mai d\u0103m un singur exemplu, a inclus <em>Ad\u0103postul Sobolia<\/em> \u00een <em>Capitala care ucide<\/em>, nu \u00een <em>R\u0103zboi \u0219i pace<\/em>, unde \u0219i-ar fi g\u0103sit locul, \u00een mod firesc, o intrig\u0103 ale c\u0103rei personaje sunt ucise nu de c\u0103tre &#8230; Capital\u0103, ci de bombardamentele din Al Doilea R\u0103zboi Mondial).<\/p>\n<p style=\"text-align: justify;\">\n<p style=\"text-align: justify;\">[4] \u0218i, eventual, din <em>Rodul p\u0103m\u00e2ntului<\/em> \u2013 a se vedea [3].<\/p>\n<p style=\"text-align: justify;\">\n<p style=\"text-align: justify;\">[5] Propunem acest titlu (provizoriu) lu\u00e2nd, drept model, titlul acordat de c\u0103tre Ch. Baudelaire unei culegeri Poe-tice: <em>Histoires extraordinaires<\/em>, \u0219i \u00eenlocuind <em>Histoires<\/em> cu <em>Cronica<\/em> \u2013 termen desprins din titlul (prea)marelui ciclu epic cezarpetrescian.<\/p>\n<p style=\"text-align: justify;\">\n<p style=\"text-align: justify;\">[6] Unele opere (de pild\u0103, <em>Aranca, \u0219tima lacurilo<\/em>r) incluse de c\u0103tre Cz. Petrescu at\u00e2t \u00een structura ini\u021bial\u0103 a subciclului <em>Fantasticul interior<\/em>, c\u00e2t \u0219i \u00een structura \u201edefinitiv\u0103\u201d, sunt caracterizate printr-un fantastic mai degrab\u0103 exterior dec\u00e2t interior.<\/p>\n<p style=\"text-align: justify;\">\n<p style=\"text-align: justify;\">[7] Propunem acest titlu (provizoriu) lu\u00e2nd, drept model, subtitlul acordat de c\u0103tre Cz. Petrsecu \u00eensu\u0219i \u00a0unui volum al s\u0103u de proz\u0103 scurt\u0103, din a c\u0103rui edi\u021bie ini\u021bial\u0103 f\u0103cea parte, de altfel, <em>Povestire de iarn\u0103<\/em>: este vorba despre <em>Omul din vis. Trei povestiri cu mor\u021bi<\/em>, chiar volumul care deschide subciclul <em>Fantasticul interior<\/em> \u0219i care con\u021bine (probabil, deloc \u00eent\u00e2mpl\u0103tor) trei tipuri diferite de proze, \u0219i anume: una categoric fantastic\u0103 (<em>Omul din vis<\/em>), una grotesc\u0103, categoric nonfantastic\u0103 (<em>P\u0103ianjenul negru<\/em>) \u0219i una macabr\u0103, cu o (foarte) vag\u0103 sugestie de fantastic (<em>Povestire de iarn\u0103<\/em>).<\/p>\n<p style=\"text-align: justify;\">Se prefigureaz\u0103, astfel, \u00eentreaga structur\u0103 viitoare a subciclului <em>Fantasticul interior<\/em>, impropriu denumit \u201esubciclu\u201d, impropriu denumit <em>Fantastic<\/em> \u0219i impropriu denumit <em>interior<\/em> \u2013 a se vedea \u0219i [6].<\/p>\n<p style=\"text-align: justify;\">Mai consider\u0103m important s\u0103 men\u021bion\u0103m aici c\u0103 Perpessicius asimila <em>Povestirilor<\/em> cezarpetresciene <em>cu mor\u021bi<\/em>: <em>R\u00e2sul<\/em>; <em>Inelul cu piatra de rubin<\/em>. Dac\u0103 al doilea titlu \u201epropus\u201d ne pare mai pu\u021bin potrivit pentru subciclul avut aici \u00een vedere, ne pronun\u021b\u0103m \u00een favoarea primei \u201epropuneri\u201d:<\/p>\n<p style=\"text-align: justify;\"><strong><em>\u00a0<\/em><\/strong><\/p>\n<p style=\"text-align: justify;\"><strong><em>R\u00e2sul<\/em><\/strong> (1922, \u00een volumul <em>Scrisorile unui r\u0103ze\u0219<\/em>; proz\u0103 scurt\u0103).<\/p>\n<p style=\"text-align: justify;\">Un diform decide s\u0103 \u00eei lase prad\u0103 unei catastrofe naturale at\u00e2t pe st\u0103p\u00e2nul care l-a tiranizat, c\u00e2t \u0219i pe c\u00e2inele care i-a fost singurul prieten.<\/p>\n<p style=\"text-align: justify;\">Nimic fantastic aici, opera \u00eencadr\u00e2ndu-se \u00een categoria estetic\u0103 a macabrului (elementele grote\u0219ti nu lipsesc, \u00een special \u00een prezentarea personajului principal, dar sunt l\u0103sate \u00een umbr\u0103 de macabrul intrigii, din care nu transpare vreo inten\u021bie auctorial\u0103 comic\u0103).<\/p>\n<p style=\"text-align: justify;\">Raportat la clasificarea propus\u0103 de Perpessicius, o putem considera proz\u0103 psihiatric\u0103.<\/p>\n<p style=\"text-align: justify;\">Cz. Petrescu a inclus-o, din nou \u00eentr-un mod nu tocmai inspirat, \u00een <em>Rodul p\u0103m\u00e2ntului<\/em>; \u00een opinia noastr\u0103, mai potrivit\u0103 ar fi fost cuprinderea \u00een <em>[Povestiri cu mor\u021bi]<\/em>, \u00een <em>Fantasticul interior<\/em> (dac\u0103 accept\u0103m caracterul \u201earabesc\u201d al acestui subciclu \u2013 a se vedea [9]) ori, \u00een cel mai r\u0103u caz, \u00een <em>T\u00e2rgurile unde se moare<\/em>.<\/p>\n<p style=\"text-align: justify;\">\n<p style=\"text-align: justify;\">[8] A se vedea [7].<\/p>\n<p style=\"text-align: justify;\">\n<p style=\"text-align: justify;\">[9] De altfel, \u0219i modelul (nerecunoscut) al lui Cz. Petrescu, E.A. Poe, a reunit sub umbrela \u201earabescului\u201d at\u00e2t proze categoric fantastice, c\u00e2t \u0219i proze macabre, categoric nonfantastice \u2013 a se vedea \u0219i [2].<\/p>\n<p style=\"text-align: justify;\">\n<p style=\"text-align: justify;\"><em>(Continuarea \u00een num\u0103rul urm\u0103tor)<\/em><\/p>\n<p>&nbsp;<\/p>\n","protected":false},"excerpt":{"rendered":"<p>(Studii fantastice) de Oliviu Cr\u00e2znic Am v\u0103zut, \u00een a treia parte a acestui studiu, care sunt operele incluse de c\u0103tre Cz. Petrescu \u00een structura \u201edefinitiv\u0103\u201d a subciclului epic Fantasticul interior. Aceast\u0103 restructurare, dup\u0103 cum am men\u021bionat, nu a fost, \u00eens\u0103, realizat\u0103 \u00eentr-un mod inspirat, autorul elimin\u00e2nd din subciclu alte proze dec\u00e2t ar fi fost, \u00een [&hellip;]<\/p>\n","protected":false},"author":1,"featured_media":0,"comment_status":"open","ping_status":"open","sticky":false,"template":"","format":"standard","meta":{"jetpack_post_was_ever_published":false,"_jetpack_newsletter_access":"","_jetpack_dont_email_post_to_subs":false,"_jetpack_newsletter_tier_id":0,"_jetpack_memberships_contains_paywalled_content":false,"_jetpack_memberships_contains_paid_content":false,"footnotes":""},"categories":[8,1569,892],"tags":[1519,1113,1570,636,1194],"class_list":["post-14322","post","type-post","status-publish","format-standard","hentry","category-critica","category-egophobia-73","category-ghidul-cititorului-de-fantastic","tag-cezar-petrescu","tag-critica","tag-egophobia-73","tag-oliviu-craznic","tag-studii-fantastice"],"jetpack_featured_media_url":"","jetpack_sharing_enabled":true,"jetpack_shortlink":"https:\/\/wp.me\/p6DakB-3J0","_links":{"self":[{"href":"https:\/\/egophobia.ro\/index.php?rest_route=\/wp\/v2\/posts\/14322","targetHints":{"allow":["GET"]}}],"collection":[{"href":"https:\/\/egophobia.ro\/index.php?rest_route=\/wp\/v2\/posts"}],"about":[{"href":"https:\/\/egophobia.ro\/index.php?rest_route=\/wp\/v2\/types\/post"}],"author":[{"embeddable":true,"href":"https:\/\/egophobia.ro\/index.php?rest_route=\/wp\/v2\/users\/1"}],"replies":[{"embeddable":true,"href":"https:\/\/egophobia.ro\/index.php?rest_route=%2Fwp%2Fv2%2Fcomments&post=14322"}],"version-history":[{"count":1,"href":"https:\/\/egophobia.ro\/index.php?rest_route=\/wp\/v2\/posts\/14322\/revisions"}],"predecessor-version":[{"id":14323,"href":"https:\/\/egophobia.ro\/index.php?rest_route=\/wp\/v2\/posts\/14322\/revisions\/14323"}],"wp:attachment":[{"href":"https:\/\/egophobia.ro\/index.php?rest_route=%2Fwp%2Fv2%2Fmedia&parent=14322"}],"wp:term":[{"taxonomy":"category","embeddable":true,"href":"https:\/\/egophobia.ro\/index.php?rest_route=%2Fwp%2Fv2%2Fcategories&post=14322"},{"taxonomy":"post_tag","embeddable":true,"href":"https:\/\/egophobia.ro\/index.php?rest_route=%2Fwp%2Fv2%2Ftags&post=14322"}],"curies":[{"name":"wp","href":"https:\/\/api.w.org\/{rel}","templated":true}]}}