{"id":1437,"date":"2009-08-28T22:30:00","date_gmt":"2009-08-28T20:30:00","guid":{"rendered":"http:\/\/egophobia.ro\/?p=1437"},"modified":"2009-09-09T13:12:16","modified_gmt":"2009-09-09T11:12:16","slug":"cvb-iq-real","status":"publish","type":"post","link":"https:\/\/egophobia.ro\/?p=1437","title":{"rendered":"CVB-27-RIP"},"content":{"rendered":"<p align=right>de iQ666<\/p>\n<p align=justify>Undeva scrie c\u0103 Constantin Virgil B\u0103nescu a murit. Altundeva c\u0103 poetul Constantin Virgil B\u0103nescu s-a sinucis. C\u0103 i se spusese Bobi\u0163\u0103, dar mai nou cerea s\u0103 fie apelat cu Virgil. Amenin\u0163ase c\u0103 va renun\u0163a la via\u0163\u0103. De fapt <em>anun\u0163ase<\/em>, dar cine se mai g\u00e2nde\u015fte la asemenea detalii c\u00e2nd nu se mai poate face nimic pentru a \u00eempiedica ceva despre care cel care-a f\u0103cut-o a pomenit de mai multe ori \u015fi probabil c\u0103 nu se mai credea c\u0103 mai trece la fapte. <!--more--> Nu l-am cunoscut personal pe CV B\u0103nescu. Nu \u015ftiu dac\u0103 avea habar despre sau admira\u0163ie pentru <em>The 27 Club<\/em>, dac\u0103-i pl\u0103cea muzica vreunuia de acolo, dac\u0103 realiza c\u0103 primul 2000&#8217;ist care a plecat dintre noi s-a stins tot la 27 de ani (ca \u015fi Georg Trakl, foarte apreciat de mul\u0163i dou\u0103miii\u015fti), dac\u0103 a mai vrut s\u0103 se \u00eentoarc\u0103, dar n-a mai reu\u015fit,&#8230; Despre Constantin Virgil B\u0103nescu au scris pe bloguri c\u00e2\u0163iva cunoscu\u0163i \u015fi prieteni, unii dedic\u00e2ndu-i chiar poezii, \u00een pres\u0103 au ap\u0103rut c\u00e2teva foarte pu\u0163ine articole, iar \u00een c\u00e2teva zile firavele cercuri l\u0103sate de trecerea lui prin lacul opiniei publice s-au stins. Constantin Virgil B\u0103nescu a ales s\u0103 plece dup\u0103 ce \u015fi-a v\u0103zut tip\u0103rite trei volume de poezii. Probabil va urma \u015fi unul postum. A fost mult, a fost pu\u0163in? Ajunge pentru a r\u0103m\u00e2ne-n literatura rom\u00e2n\u0103? Conteaz\u0103 de fapt? Un om a ales s\u0103 renun\u0163e la via\u0163\u0103 la 27 de ani. Motivele le \u015ftia doar el. Poate c\u0103 putea s\u0103 mai scrie \u00eenc\u0103 zece c\u0103r\u0163i sau s\u0103 nu mai fac\u0103 cine \u015ftie ce, dar nu mai conteaz\u0103. Oare ce \u015fi-ar fi dorit el s\u0103 urmeze dup\u0103 plecarea sa? S\u0103 scrie lumea despre el, s\u0103-i ignore, s\u0103-l uite?<\/p>\n<p align=justify>Cine-a ajuns p\u00e2n\u0103 aici \u015fi m-a mai citit \u00eemi va da dreptate c\u00e2nd recunosc c\u0103 acesta e cel mai confuz text pe care l-am scris vreodat\u0103. E prima oar\u0103 c\u00e2nd duc la cap\u0103t un articol despre cineva care mai tr\u0103ie\u015fte doar \u00een amintirea celor care l-au cunoscut \u015fi\/sau apreciat. Nu \u015ftiu ce atitudine s\u0103 am \u00een fa\u0163a mor\u0163ii, cu at\u00e2t mai pu\u0163in c\u00e2nd e vorba de una autoprovocat\u0103. Nu sunt ciobanul mioritic. Nici Virgil n-a fost. A decis ceva \u015fi \u00eei respect hot\u0103r\u00e2rea. <\/p>\n","protected":false},"excerpt":{"rendered":"<p>de iQ666 Undeva scrie c\u0103 Constantin Virgil B\u0103nescu a murit. Altundeva c\u0103 poetul Constantin Virgil B\u0103nescu s-a sinucis. C\u0103 i se spusese Bobi\u0163\u0103, dar mai nou cerea s\u0103 fie apelat cu Virgil. Amenin\u0163ase c\u0103 va renun\u0163a la via\u0163\u0103. De fapt anun\u0163ase, dar cine se mai g\u00e2nde\u015fte la asemenea detalii c\u00e2nd nu se mai poate face [&hellip;]<\/p>\n","protected":false},"author":2,"featured_media":0,"comment_status":"open","ping_status":"open","sticky":false,"template":"","format":"standard","meta":{"jetpack_post_was_ever_published":false,"_jetpack_newsletter_access":"","_jetpack_dont_email_post_to_subs":false,"_jetpack_newsletter_tier_id":0,"_jetpack_memberships_contains_paywalled_content":false,"_jetpack_memberships_contains_paid_content":false,"footnotes":""},"categories":[315,125],"tags":[336,1132,1129,113],"class_list":["post-1437","post","type-post","status-publish","format-standard","hentry","category-egophobia-23","category-invitat","tag-constantin-virgil-banescu","tag-egophobia-23","tag-invitat","tag-iq666"],"jetpack_featured_media_url":"","jetpack_sharing_enabled":true,"jetpack_shortlink":"https:\/\/wp.me\/p6DakB-nb","_links":{"self":[{"href":"https:\/\/egophobia.ro\/index.php?rest_route=\/wp\/v2\/posts\/1437","targetHints":{"allow":["GET"]}}],"collection":[{"href":"https:\/\/egophobia.ro\/index.php?rest_route=\/wp\/v2\/posts"}],"about":[{"href":"https:\/\/egophobia.ro\/index.php?rest_route=\/wp\/v2\/types\/post"}],"author":[{"embeddable":true,"href":"https:\/\/egophobia.ro\/index.php?rest_route=\/wp\/v2\/users\/2"}],"replies":[{"embeddable":true,"href":"https:\/\/egophobia.ro\/index.php?rest_route=%2Fwp%2Fv2%2Fcomments&post=1437"}],"version-history":[{"count":5,"href":"https:\/\/egophobia.ro\/index.php?rest_route=\/wp\/v2\/posts\/1437\/revisions"}],"predecessor-version":[{"id":1492,"href":"https:\/\/egophobia.ro\/index.php?rest_route=\/wp\/v2\/posts\/1437\/revisions\/1492"}],"wp:attachment":[{"href":"https:\/\/egophobia.ro\/index.php?rest_route=%2Fwp%2Fv2%2Fmedia&parent=1437"}],"wp:term":[{"taxonomy":"category","embeddable":true,"href":"https:\/\/egophobia.ro\/index.php?rest_route=%2Fwp%2Fv2%2Fcategories&post=1437"},{"taxonomy":"post_tag","embeddable":true,"href":"https:\/\/egophobia.ro\/index.php?rest_route=%2Fwp%2Fv2%2Ftags&post=1437"}],"curies":[{"name":"wp","href":"https:\/\/api.w.org\/{rel}","templated":true}]}}