{"id":1441,"date":"2009-08-28T22:32:44","date_gmt":"2009-08-28T20:32:44","guid":{"rendered":"http:\/\/egophobia.ro\/?p=1441"},"modified":"2009-09-11T06:17:54","modified_gmt":"2009-09-11T04:17:54","slug":"cvb-s","status":"publish","type":"post","link":"https:\/\/egophobia.ro\/?p=1441","title":{"rendered":"Constantin Virgil B\u0103nescu a ales s\u0103 plece"},"content":{"rendered":"<p align=right>de Sorin-Mihai Grad<\/p>\n<p align=justify>Nu l-am cunoscut personal pe Constantin Virgil B\u0103nescu. Am schimbat doar dou\u0103 perechi de e-mail&#8217;uri acum doi ani, c\u00e2nd m-a rugat s\u0103 modific ceva la felul \u00een care erau afi\u015fate poemele sale \u00een EgoPHobia #15, alte amintiri nu am cu omul C.V. B\u0103nescu. Poetului i-am citit versurile, mir\u00e2ndu-m\u0103 cum se poate s\u0103-i fie apreciate azi unuia care p\u0103rea c\u0103 n-avea nici o treab\u0103 cu violen\u0163a care susur\u0103 din aproape orice text al poe\u0163ilor lansa\u0163i \u00een acest mileniu. <!--more-->Poate c\u0103 nici nu i-a\u015f fi dat vreo importan\u0163\u0103 dac\u0103 \u015etefan Bolea nu-l eticheta drept genial \u00eentr-un mesaj din mai 2003 (pe care mi l-a retrimis dup\u0103 ce i-am transmis \u015ftirea mor\u0163ii lui Virgil). Iar c\u00e2nd orgoliul lui \u015etefan \u00eel las\u0103 s\u0103 admit\u0103 c\u0103 un scriitor e genial trebuie s\u0103 fie mult adev\u0103r \u00een chestia asta. \u015etiam despre Virgil c-ar fi primit ceva burse prin Germania, c\u0103 mai ap\u0103rea uneori pe la manifest\u0103ri literare \u015fi c\u0103 numele s\u0103u era pomenit cu regularitate c\u00e2nd era vorba de Genera\u0163ia 2000. Dup\u0103 moartea sa am aflat mai multe despre el, unii dintre cei care i-au fost prieteni sau m\u0103car l-au cunoscut aleg\u00e2nd s\u0103 \u00eemp\u0103rt\u0103\u015feasc\u0103 \u015fi altora din momentele pe care au avut privilegiul s\u0103 le \u00eempart\u0103 cu Bobi\u0163\u0103 sau Virgil. Sinuciderea unui poet e pe undeva o ac\u0163iune fireasc\u0103 \u015fi romantic\u0103, dar cu to\u0163ii am fi preferat s\u0103 nu fie vorba de Constantin Virgil B\u0103nescu. Dar cum el a ales s\u0103 plece nu ne r\u0103m\u00e2ne dec\u00e2t s\u0103-i citim poeziile \u015fi s\u0103 ne amintim de el, cum l-am cunoscut, fa\u0163\u0103-n fa\u0163\u0103 sau prin ce-a scris.<\/p>\n","protected":false},"excerpt":{"rendered":"<p>de Sorin-Mihai Grad Nu l-am cunoscut personal pe Constantin Virgil B\u0103nescu. Am schimbat doar dou\u0103 perechi de e-mail&#8217;uri acum doi ani, c\u00e2nd m-a rugat s\u0103 modific ceva la felul \u00een care erau afi\u015fate poemele sale \u00een EgoPHobia #15, alte amintiri nu am cu omul C.V. B\u0103nescu. Poetului i-am citit versurile, mir\u00e2ndu-m\u0103 cum se poate s\u0103-i [&hellip;]<\/p>\n","protected":false},"author":2,"featured_media":0,"comment_status":"open","ping_status":"open","sticky":false,"template":"","format":"standard","meta":{"jetpack_post_was_ever_published":false,"_jetpack_newsletter_access":"","_jetpack_dont_email_post_to_subs":false,"_jetpack_newsletter_tier_id":0,"_jetpack_memberships_contains_paywalled_content":false,"_jetpack_memberships_contains_paid_content":false,"footnotes":""},"categories":[315,125],"tags":[336,1132,1129,116],"class_list":["post-1441","post","type-post","status-publish","format-standard","hentry","category-egophobia-23","category-invitat","tag-constantin-virgil-banescu","tag-egophobia-23","tag-invitat","tag-sorin-mihai-grad"],"jetpack_featured_media_url":"","jetpack_sharing_enabled":true,"jetpack_shortlink":"https:\/\/wp.me\/p6DakB-nf","_links":{"self":[{"href":"https:\/\/egophobia.ro\/index.php?rest_route=\/wp\/v2\/posts\/1441","targetHints":{"allow":["GET"]}}],"collection":[{"href":"https:\/\/egophobia.ro\/index.php?rest_route=\/wp\/v2\/posts"}],"about":[{"href":"https:\/\/egophobia.ro\/index.php?rest_route=\/wp\/v2\/types\/post"}],"author":[{"embeddable":true,"href":"https:\/\/egophobia.ro\/index.php?rest_route=\/wp\/v2\/users\/2"}],"replies":[{"embeddable":true,"href":"https:\/\/egophobia.ro\/index.php?rest_route=%2Fwp%2Fv2%2Fcomments&post=1441"}],"version-history":[{"count":8,"href":"https:\/\/egophobia.ro\/index.php?rest_route=\/wp\/v2\/posts\/1441\/revisions"}],"predecessor-version":[{"id":1510,"href":"https:\/\/egophobia.ro\/index.php?rest_route=\/wp\/v2\/posts\/1441\/revisions\/1510"}],"wp:attachment":[{"href":"https:\/\/egophobia.ro\/index.php?rest_route=%2Fwp%2Fv2%2Fmedia&parent=1441"}],"wp:term":[{"taxonomy":"category","embeddable":true,"href":"https:\/\/egophobia.ro\/index.php?rest_route=%2Fwp%2Fv2%2Fcategories&post=1441"},{"taxonomy":"post_tag","embeddable":true,"href":"https:\/\/egophobia.ro\/index.php?rest_route=%2Fwp%2Fv2%2Ftags&post=1441"}],"curies":[{"name":"wp","href":"https:\/\/api.w.org\/{rel}","templated":true}]}}