{"id":14509,"date":"2022-12-12T08:45:23","date_gmt":"2022-12-12T06:45:23","guid":{"rendered":"https:\/\/egophobia.ro\/?p=14509"},"modified":"2022-12-12T08:45:23","modified_gmt":"2022-12-12T06:45:23","slug":"o-lume-inconsistenta","status":"publish","type":"post","link":"https:\/\/egophobia.ro\/?p=14509","title":{"rendered":"O lume inconsistent\u0103"},"content":{"rendered":"<p style=\"text-align: right;\">de Mihai Bogdan Lupescu<\/p>\n<p style=\"text-align: justify;\">Destinul este guvernul nostru individual din umbr\u0103.<\/p>\n<p style=\"text-align: justify;\">*<\/p>\n<p style=\"text-align: justify;\">Justi\u021bia este o nav\u0103 cosmic\u0103 cu escale preferen\u021biale pe alte planete.<\/p>\n<p style=\"text-align: justify;\">*<\/p>\n<p style=\"text-align: justify;\">Nu este cazul s\u0103 mim\u0103m competen\u021ba c\u00e2nd ea este at\u00e2t de departe iar orgoliul nu o poate \u00eenlocui \u0219i nici nu poate acoperi falsul eticii \u0219i pref\u0103c\u0103toriei profesionale.<!--more--><\/p>\n<p style=\"text-align: justify;\">*<\/p>\n<p style=\"text-align: justify;\">Puterea stimuleaz\u0103 sentimentul pl\u0103cerii, \u0219i invers. Am\u00e2ndou\u0103 stimuleaz\u0103 durerea.<\/p>\n<p style=\"text-align: justify;\">*<\/p>\n<p style=\"text-align: justify;\">Dac\u0103 \u00ee\u021bi place, ai dreptate. \u0218i dac\u0103 ur\u0103\u0219ti asta, te \u00een\u021beleg perfect.<\/p>\n<p style=\"text-align: justify;\">*<\/p>\n<p style=\"text-align: justify;\">A\u0219eza\u021bi-v\u0103 imobili pe ecranele minuscule ale telefoanelor voastre mobile pentru a stivui cutii, ap\u0103sa\u021bi butoanele pentru a str\u00e2nge monede, sparge bile \u0219i cuceri noi teritorii cu cele mai sofisticate arme. E un bun exerci\u021biu pentru c\u00e2nd armata va fi obligatorie.<\/p>\n<p style=\"text-align: justify;\">*<\/p>\n<p style=\"text-align: justify;\">C\u00e2nd vezi un politician care taie o panglic\u0103 sau \u00ee\u0219i suflec\u0103 m\u00e2necile trebuie s\u0103 te \u00eendep\u0103rtezi mult \u0219i rapid pentru c\u0103 dezastrul e aproape.<\/p>\n<p style=\"text-align: justify;\">*<\/p>\n<p style=\"text-align: justify;\">Exist\u0103 un loc verde de reciclare a ideilor \u0219i deciziilor aberante \u0219i nefunc\u021bionale? Ar trebui pentru c\u0103 numai pre\u0219edintele \u0219i mini\u0219trii genereaz\u0103 zilnic at\u00e2t de multe c\u0103 nu mai exist\u0103 loc de stocare nici \u00een aer nici pe internet.<\/p>\n<p style=\"text-align: justify;\">*<\/p>\n<p style=\"text-align: justify;\">Unii vor s\u0103 renun\u021be la titlul de doctor la fel cum un borfa\u0219 interna\u021bional vrea s\u0103 renun\u021be la titlul de <em>most wanted<\/em>.<\/p>\n<p style=\"text-align: justify;\">*<\/p>\n<p style=\"text-align: justify;\">Orice boal\u0103 vrea s\u0103-\u0219i afirme \u0219i s\u0103-\u0219i p\u0103streze identitatea la fel ca o popula\u021bie minoritar\u0103.<\/p>\n<p style=\"text-align: justify;\">*<\/p>\n<p style=\"text-align: justify;\">Oamenii nu vor uita niciodat\u0103 ceeace nu vor s\u0103 uite. Am ajuns s\u0103 comemor\u0103m pandemiile, adic\u0103 dezastrele, \u00eenfr\u00e2ngerile. Pentru persoanele pe care le-am considerat importante am pus pl\u0103cu\u021be pe cl\u0103diri, le-am f\u0103cut statui, busturi, monumente. Azi trebuie doar s\u0103 le turn\u0103m pe toate pe internetul lucrurilor, la vii \u0219i la mor\u021bi. Umplem cuferele istoriei, apoi le urc\u0103m \u00een pod, adic\u0103 \u00een <em>cloud<\/em>, \u0219i uit\u0103m de ele, l\u0103s\u0103m memoria artificial\u0103 s\u0103-\u0219i fac\u0103 datoria.<\/p>\n<p style=\"text-align: justify;\">*<\/p>\n<p style=\"text-align: justify;\">Am f\u0103cut rate la dezastre, pe termen nelimitat, cu dob\u00e2nzi pe care nu le vom putea pl\u0103ti niciodat\u0103.<\/p>\n<p style=\"text-align: justify;\">*<\/p>\n<p style=\"text-align: justify;\">Multe produse \u00ee\u0219i ucid cump\u0103r\u0103torii-consumatori tocmai pentru c\u0103 au fost n\u0103scute \u0219i pl\u0103tite pentru asta.<\/p>\n<p style=\"text-align: justify;\">*<\/p>\n<p style=\"text-align: justify;\">Am avut, de mult, ocazia de a fi o na\u021bie educat\u0103, civilizat\u0103, dar nu \u0219tiu c\u00e2nd am ratat-o. Cred c\u0103 nu se n\u0103scuser\u0103 str\u0103mo\u0219ii no\u0219tri.<\/p>\n<p style=\"text-align: justify;\">*<\/p>\n<p style=\"text-align: justify;\">PNL \u0219i PSD, \u00eenainte s\u0103-\u0219i uneasc\u0103 destinele, a doua oar\u0103, au divor\u021bat fiecare complet de realitate.<\/p>\n<p style=\"text-align: justify;\">*<\/p>\n<p style=\"text-align: justify;\">Tot aud de \u201elips\u0103 de maturitate politic\u0103\u201d. Asta sun\u0103 ca o corupere de minori.<\/p>\n<p style=\"text-align: justify;\">*<\/p>\n<p style=\"text-align: justify;\">Uciderea timpului ce tip de criminalitate este?<\/p>\n<p style=\"text-align: justify;\">*<\/p>\n<p style=\"text-align: justify;\">Sunt lucruri pe care doar le po\u021bi d\u0103rui, nu le po\u021bi vinde.<\/p>\n<p style=\"text-align: justify;\">*<\/p>\n<p style=\"text-align: justify;\">\u00cemi plac dou\u0103 locuri \u00een lume: aici, \u0219i mai aproape.<\/p>\n<p style=\"text-align: justify;\">*<\/p>\n<p style=\"text-align: justify;\">Evita\u021bi oamenii cu din\u021bi de aur care vor s\u0103 v\u0103 v\u00e2nd\u0103 periu\u021be de din\u021bi sau inele de aur. Sau periu\u021be de aur \u0219i inele de din\u021bi.<\/p>\n<p style=\"text-align: justify;\">*<\/p>\n<p style=\"text-align: justify;\">Pu\u0219c\u0103ria a devenit op\u021bional\u0103, ofert\u0103 limitat\u0103, dar cine se mai \u00eenghesuie la chilipiruri c\u00e2nd justi\u021bia nu mai reprezint\u0103 nimic?<\/p>\n<p style=\"text-align: justify;\">*<\/p>\n<p style=\"text-align: justify;\">Toate animalele, \u00een afar\u0103 de oameni, au o via\u021b\u0103 frumoas\u0103.<\/p>\n<p style=\"text-align: justify;\">Nu le vezi protest\u00e2nd, nu ascult\u0103 manele, nu se plimb\u0103 cu Porsche, n-au arme, nu folosesc bani. Ah, via\u021b\u0103 animalic\u0103!<\/p>\n<p style=\"text-align: justify;\">*<\/p>\n<p style=\"text-align: justify;\">Europa vea s\u0103 armonizeze legile, dar legile nu se las\u0103. Diversitatea \u0219i multiculturalismul sunt importante \u0219i pentru ele.<\/p>\n<p style=\"text-align: justify;\">*<\/p>\n<p style=\"text-align: justify;\">Copiii nu mai sunt viitorul nostru \u00een Rom\u00e2nia pentru c\u0103 prezentul pleac\u0103 de mic \u00een lumea larg\u0103. C\u00e2teodat\u0103 se mai \u00eentoarce c\u00e2te un idiot din viitor s\u0103 ne spun\u0103 ce s\u0103 facem s\u0103 nu muceg\u0103im, \u0103\u0219tia care am mai r\u0103mas.<\/p>\n<p style=\"text-align: justify;\">*<\/p>\n<p style=\"text-align: justify;\">Uita\u021bi-v\u0103 \u00een portofel, c\u00e2t \u00eel mai ave\u021bi, \u00eenainte s\u0103 deveni\u021bi \u0219i voi virtuali ca banii. P\u00e2n\u0103 atunci l\u0103sa\u021bi-v\u0103 surprin\u0219i de c\u00e2\u021bi oameni cunoscu\u021bi se afl\u0103 acolo, doar c\u0103 nu-i vede\u021bi pe to\u021bi \u00een acela\u0219i timp, \u0219i nici \u00een fiecare zi.<\/p>\n<p style=\"text-align: justify;\">*<\/p>\n<p style=\"text-align: justify;\">Re\u021belele sociale ne fac pro\u0219ti \u0219i ostili unii cu al\u021bii.<\/p>\n<p style=\"text-align: justify;\">Mul\u0163i oameni, vr\u00e2nd, nevr\u00e2nd, aleg s\u0103 tr\u0103iasc\u0103 \u00een moduri care reduc comunitatea de destine. Via\u021ba noastr\u0103, a\u0219a cum o \u0219ti(a)m, se transform\u0103 continuu \u0219i ireversibil.<\/p>\n<p style=\"text-align: justify;\">*<\/p>\n<p style=\"text-align: justify;\">N-a\u0219 fi \u0219tiut poate niciodat\u0103 cum arat\u0103 o zon\u0103 pustie, dac\u0103 nu vedeam la TV locurile pe unde au trecut ru\u0219ii \u00een Ucraina. Dar chiar era pustie?<\/p>\n<p style=\"text-align: justify;\">*<\/p>\n<p style=\"text-align: justify;\">Intui\u0163ia poate fi uneori mai util\u0103 dec\u00e2t urechea. Dar nu-i po\u021bi face <em>piercing<\/em>.<\/p>\n<p style=\"text-align: justify;\">*<\/p>\n<p style=\"text-align: justify;\">Nu sunt de acord cu separarea puterilor \u00een stat pentru c\u0103 ne omoar\u0103 fiecare, pe r\u00e2nd. Nu s-ar putea s-o fac\u0103 o singur\u0103 dat\u0103, \u00eempreun\u0103?<\/p>\n<p style=\"text-align: justify;\">*<\/p>\n<p style=\"text-align: justify;\">Politica rom\u00e2neasc\u0103 seam\u0103n\u0103 izbitor cu pictura lui Mondrian. Abstract\u0103 p\u00e2n\u0103 la absurd \u0219i a\u0219ezat\u0103 \u00een acea\u0219i pozi\u021bie ca tabloul care a stat 77 de ani cu susul \u00een jos, \u0219i care, culmea coinciden\u021bei are linii de trei culori, ro\u0219u, galben \u0219i albastru. Poate este \u0219i un motiv pentru care nu ne \u00eenghit \u021a\u0103ranii de Jos.<\/p>\n<p style=\"text-align: justify;\">*<\/p>\n<p style=\"text-align: justify;\">Oriunde s-ar t\u00e2r\u00e2, \u0219arpele nu se poate mi\u0219ca dec\u00e2t sinuos, ca retorica insidioas\u0103 a unor t\u00e2r\u00e2turi alunecoase cu s\u00e2nge rece.<\/p>\n<p style=\"text-align: justify;\">*<\/p>\n<p style=\"text-align: justify;\">Nu e om care s\u0103 nu acund\u0103 o comoar\u0103 de melancolii.<\/p>\n<p style=\"text-align: justify;\">*<\/p>\n<p style=\"text-align: justify;\">Educa\u021bia nu poate fi livrat\u0103 acas\u0103, la pachet, de firme de catering educa\u021bional, dar, la fel culturii, poate fi p\u0103strat\u0103 \u00een stare proasp\u0103t\u0103, f\u0103r\u0103 termen de expirare.<\/p>\n<p style=\"text-align: justify;\">*<\/p>\n<p style=\"text-align: justify;\">Binele este r\u0103ul obosit, aflat \u00eentr-o pauz\u0103 scurt\u0103.<\/p>\n<p style=\"text-align: justify;\">*<\/p>\n<p style=\"text-align: justify;\">Probabil c\u0103 iecare individ are o conspira\u021bie pe care s\u0103 o numeasc\u0103 proprie, \u0219i cu care se m\u00e2ndre\u0219te azi pe re\u021belele de socializare.<\/p>\n<p style=\"text-align: justify;\">*<\/p>\n<p style=\"text-align: justify;\">Programul guvernului este o ecloziune a eclectismului.<\/p>\n<p style=\"text-align: justify;\">*<\/p>\n<p style=\"text-align: justify;\">Corbul poate fi un model pentru iubitorii de \u00eentuneric dar nu \u0219i pentru amatorii de ca\u0219caval.<\/p>\n<p style=\"text-align: justify;\">*<\/p>\n<p style=\"text-align: justify;\">Sunt indivizi care nu cunosc dec\u00e2t o singur\u0103 limb\u0103. Dar nu pot comunica cu ajutorul ei pentru c\u0103 e nevorbit\u0103.<\/p>\n<p style=\"text-align: justify;\">*<\/p>\n<p style=\"text-align: justify;\">Sunt profund afectat de lipsa mu\u0219tarului special din Fran\u021ba. Este o tragedie na\u021bional\u0103 a \u021b\u0103rii lui Macron mai mare dec\u00e2t \u201eopera\u021biunea militar\u0103 special\u0103\u201d din Ucraina.<\/p>\n<p style=\"text-align: justify;\">A\u0219adar, oamenii se pot confrunta cu necazuri mai mari dec\u00e2t r\u0103zboiul, care genereaz\u0103 mor\u021bi care nu mai au nevoie de mu\u0219tar. Deja mi-a s\u0103rit mu\u0219tarul.<\/p>\n<p style=\"text-align: justify;\">*<\/p>\n<p style=\"text-align: justify;\">Costul prostiei este dep\u0103\u0219it doar de b\u0103taia de joc.<\/p>\n<p style=\"text-align: justify;\">*<\/p>\n<p style=\"text-align: justify;\">Nu pot s\u0103 conduc o \u021bar\u0103, dar \u0219tiu cum ar trebui. Ce mic\u0103 diferen\u021b\u0103.<\/p>\n<p style=\"text-align: justify;\">*<\/p>\n<p style=\"text-align: justify;\">Cred c\u0103 este \u00eensp\u0103im\u00e2nt\u0103tor s\u0103 mergi \u00een fiecare zi la serviciu \u0219i s\u0103 nu \u0219tii absolut nimic despre ceeace trebuie s\u0103 faci acolo. Nu este cazul mini\u0219trilor rom\u00e2ni. Ah, performan\u021b\u0103, te evaluez!<\/p>\n<p style=\"text-align: justify;\">*<\/p>\n<p style=\"text-align: justify;\">Dezgustul nu este doar un fenomen biologic. Sunt \u0219i al\u021bi provocatori de dezgust. De exemplu politicienii.<\/p>\n<p style=\"text-align: justify;\">*<\/p>\n<p style=\"text-align: justify;\"><em>Aurea mediocritas<\/em> \u00een cazul dezgustului se afl\u0103 \u00eentre neofobie \u0219i neofilie.<\/p>\n<p style=\"text-align: justify;\">\n<p style=\"text-align: justify;\">\n","protected":false},"excerpt":{"rendered":"<p>de Mihai Bogdan Lupescu Destinul este guvernul nostru individual din umbr\u0103. * Justi\u021bia este o nav\u0103 cosmic\u0103 cu escale preferen\u021biale pe alte planete. * Nu este cazul s\u0103 mim\u0103m competen\u021ba c\u00e2nd ea este at\u00e2t de departe iar orgoliul nu o poate \u00eenlocui \u0219i nici nu poate acoperi falsul eticii \u0219i pref\u0103c\u0103toriei profesionale.<\/p>\n","protected":false},"author":2,"featured_media":0,"comment_status":"open","ping_status":"open","sticky":false,"template":"","format":"standard","meta":{"jetpack_post_was_ever_published":false,"_jetpack_newsletter_access":"","_jetpack_dont_email_post_to_subs":false,"_jetpack_newsletter_tier_id":0,"_jetpack_memberships_contains_paywalled_content":false,"_jetpack_memberships_contains_paid_content":false,"footnotes":""},"categories":[1595,27],"tags":[1253,1596,1117,1572],"class_list":["post-14509","post","type-post","status-publish","format-standard","hentry","category-egophobia-74","category-filosofie","tag-aforisme","tag-egophobia-74","tag-filosofie","tag-mihai-bogdan-lupescu"],"jetpack_featured_media_url":"","jetpack_sharing_enabled":true,"jetpack_shortlink":"https:\/\/wp.me\/p6DakB-3M1","_links":{"self":[{"href":"https:\/\/egophobia.ro\/index.php?rest_route=\/wp\/v2\/posts\/14509","targetHints":{"allow":["GET"]}}],"collection":[{"href":"https:\/\/egophobia.ro\/index.php?rest_route=\/wp\/v2\/posts"}],"about":[{"href":"https:\/\/egophobia.ro\/index.php?rest_route=\/wp\/v2\/types\/post"}],"author":[{"embeddable":true,"href":"https:\/\/egophobia.ro\/index.php?rest_route=\/wp\/v2\/users\/2"}],"replies":[{"embeddable":true,"href":"https:\/\/egophobia.ro\/index.php?rest_route=%2Fwp%2Fv2%2Fcomments&post=14509"}],"version-history":[{"count":1,"href":"https:\/\/egophobia.ro\/index.php?rest_route=\/wp\/v2\/posts\/14509\/revisions"}],"predecessor-version":[{"id":14510,"href":"https:\/\/egophobia.ro\/index.php?rest_route=\/wp\/v2\/posts\/14509\/revisions\/14510"}],"wp:attachment":[{"href":"https:\/\/egophobia.ro\/index.php?rest_route=%2Fwp%2Fv2%2Fmedia&parent=14509"}],"wp:term":[{"taxonomy":"category","embeddable":true,"href":"https:\/\/egophobia.ro\/index.php?rest_route=%2Fwp%2Fv2%2Fcategories&post=14509"},{"taxonomy":"post_tag","embeddable":true,"href":"https:\/\/egophobia.ro\/index.php?rest_route=%2Fwp%2Fv2%2Ftags&post=14509"}],"curies":[{"name":"wp","href":"https:\/\/api.w.org\/{rel}","templated":true}]}}