{"id":1451,"date":"2009-08-28T22:36:51","date_gmt":"2009-08-28T20:36:51","guid":{"rendered":"http:\/\/egophobia.ro\/?p=1451"},"modified":"2017-01-01T18:29:30","modified_gmt":"2017-01-01T16:29:30","slug":"77","status":"publish","type":"post","link":"https:\/\/egophobia.ro\/?p=1451","title":{"rendered":"Constantin Virgil B\u0103nescu &#8211; invitat post-mortem"},"content":{"rendered":"<p align=right>de Sorin-Mihai Grad<\/p>\n<p align=justify>Am avut inten\u0163ia s\u0103-l avem pe Constantin Virgil B\u0103nescu ca invitat \u00een EgoPHobia \u00eenc\u0103 de c\u00e2nd accepta s\u0103 i se spun\u0103 Bobi\u0163\u0103, dar din diverse motive stupide propunerea n-a ajuns la el \u015fi nu \u015ftim dac\u0103 ar fi acceptat-o. R\u0103m\u0103sese c\u0103-l vom chema, cu adev\u0103rat de data asta, c\u00e2nd \u00eei va ap\u0103rea al patrulea volum de poezie. \u00cens\u0103 el a ales s\u0103 nu \u015fi-l mai vad\u0103 tip\u0103rit, a\u015fa c\u0103 am decis s\u0103 am\u00e2n\u0103m pu\u0163in lansarea num\u0103rului prin care anivers\u0103m 5 ani de la primul num\u0103r al EgoPHobia pentru a i-l dedica \u015fi lui. EgoPHobia #1 a prilejuit primul s\u0103u contact cu revista noastr\u0103, c\u00e2nd ne-a trimis poezia &#8220;<a href=\"http:\/\/egophobia.ro\/?p=1447\">cu un r\u00e2u<\/a>&#8220;, dar am decis s\u0103 n-o public\u0103m. Recitind-o acum cu cinci ani de lecturi \u00een plus, am \u00een\u0163eles c\u0103 am gre\u015fit atunci fa\u0163\u0103 de el \u015fi \u00eencerc\u0103m s\u0103 repar\u0103m ce se mai poate. Ulterior ne-a trimis cel de-al treilea s\u0103u volum, din care am publicat \u015fase poeme: <a href=\"http:\/\/egophobia.ro\/16\/poezie.html#4\">zidul de m\u0103tase<\/a>, <a href=\"http:\/\/egophobia.ro\/16\/poezie.html#5\">tot ce v\u0103d<\/a>, <a href=\"http:\/\/egophobia.ro\/16\/poezie.html#6\">tu<\/a> (\u00een #16), <a href=\"http:\/\/egophobia.ro\/15\/poezie.html#4\">camera copil\u0103riei mele<\/a>, <a href=\"http:\/\/egophobia.ro\/15\/poezie.html#5\">\u00eenc\u0103<\/a> \u015fi <a href=\"http:\/\/egophobia.ro\/15\/poezie.html#6\">de-aici p\u00e2n\u0103 acolo<\/a> (\u00een #15).<!--more--><\/p>\n<p align=justify>Am inten\u0163ionat s\u0103-i dedic\u0103m sec\u0163iunea &#8220;invitat&#8221; dintr-un num\u0103r al EgoPHobia \u015fi primului autor dou\u0103miist care ne-a p\u0103r\u0103sit, tot la 27 de ani, Sorin Stoica, \u00eens\u0103 demersul n-a ie\u015fit din redac\u0163ie, astfel c\u0103 soarta a f\u0103cut ca primul invitat post-mortem al e-revistei noastre s\u0103 fie Constantin Virgil B\u0103nescu. Nu ve\u0163i g\u0103si aici un interviu cu el, nici fotografii sau articole despre scrierile sale, iar singura poezie a sa pe care o public\u0103m \u00een acest grupaj e &#8220;<a href=\"http:\/\/egophobia.ro\/?p=1447\">cu un r\u00e2u<\/a>&#8220;. \u00cen afar\u0103 de ea, am str\u00e2ns reac\u0163iile, at\u00e2t amintiri c\u00e2t \u015fi poeme, ap\u0103rute pe internet dup\u0103 sinuciderea sa, datorate lui Claudiu Komartin (<a href=\"http:\/\/egophobia.ro\/?p=1433\">poem<\/a> &#038; <a href=\"http:\/\/egophobia.ro\/?p=1402\">text<\/a>), Octavian Soviany (<a href=\"http:\/\/egophobia.ro\/?p=1425\">poem<\/a>), Marius Ianu\u015f (<a href=\"http:\/\/egophobia.ro\/?p=1422\">poem<\/a>), Marius-Iulian Stancu (<a href=\"http:\/\/egophobia.ro\/?p=1419\">poem<\/a>), Eliza Nicol\u0103in\u0103 (<a href=\"http:\/\/egophobia.ro\/?p=1416\">poem<\/a>), Sorin Despot (<a href=\"http:\/\/egophobia.ro\/?p=1411\">poem<\/a>), Mugur Grosu (<a href=\"http:\/\/egophobia.ro\/?p=1408\">poem<\/a>), \u015etefan Bolea (<a href=\"http:\/\/egophobia.ro\/?p=1405\">text<\/a>), Oana C\u0103t\u0103lina Ninu (<a href=\"http:\/\/egophobia.ro\/?p=1399\">text<\/a>), Mihail Vakulovski (<a href=\"http:\/\/egophobia.ro\/?p=1396\">text<\/a>) \u015fi Un_Cristian (<a href=\"http:\/\/egophobia.ro\/?p=1393\">text<\/a>), complet\u00e2ndu-le cu texte de <a href=\"http:\/\/egophobia.ro\/?p=1444\">Peca \u015etefan<\/a>, <a href=\"http:\/\/egophobia.ro\/?p=1431\">Patrick C\u0103linescu<\/a>, <a href=\"http:\/\/egophobia.ro\/?p=1428\">Chris Tanasescu<\/a>, <a href=\"http:\/\/egophobia.ro\/?p=1437\">iQ666<\/a> \u015fi <a href=\"http:\/\/egophobia.ro\/?p=1441\">Sorin-Mihai Grad<\/a>. Le mul\u0163umesc \u00eenc\u0103 o dat\u0103 celor care ne-au permis s\u0103 le public\u0103m aici textele \u015fi Laurei Husti-R\u0103dule\u0163, care ne-a sugerat s\u0103-i dedic\u0103m lui Constantin Virgil B\u0103nescu o pagin\u0103 \u00een EgoPHobia. <\/p>\n<p align=justify>\u00cen afar\u0103 de ce pute\u0163i citi aici, site-ul literar HyperLiteratura i-a dedicat lui Constantin Virgil B\u0103nescu o <a href=\"http:\/\/hyperliteratura.reea.net\/?tag=constantin-virgil-banescu\" target=\"_blank\">sec\u0163iune<\/a> in memoriam, public\u00e2ndu-i \u015fi ultimul poem, &#8220;<a href=\"http:\/\/hyperliteratura.reea.net\/?p=3428\" target=\"_blank\">printre m\u0103\u015ftile realului<\/a>&#8220;, \u00een <a href=\"http:\/\/www.observatorcultural.ro\/In-memoriam-Constantin-Virgil-Banescu*articleID_22285-articles_details.html\" target=\"_blank\">Observator cultural<\/a> \u015fi <a href=\"http:\/\/www.zf.ro\/ziarul-de-duminica\/amintiri-din-paradis-virgil-ride-4780436\/\" target=\"_blank\">Ziarul de duminic&#259;<\/a> au ap\u0103rut texte despre el, la fel ca \u015fi pe blogurile Laurei Husti-R\u0103dule\u0163, <a href=\"http:\/\/aglomerarispontane.weblog.ro\/2009-08-12\/913592\/Constantin-Virgil-B\u0103nescu-(1982-2009):-profetul-zen-al-c\u00e2inilor,-femeilor,-ocheadelor.html\" target=\"_blank\">aglomer\u0103ri spontane<\/a> \u015fi <a href=\"http:\/\/reteaualiterara.ning.com\/profiles\/blog\/list?user=184naq4g39e10\" target=\"_blank\">re\u0163eaua literar\u0103<\/a>. Despre dispari\u0163ia \u015fi \u00eenmorm\u00e2ntarea sa s-a scris \u015fi \u00een ziarul Adev\u0103rul (<a href=\"http:\/\/www.adevarul.ro\/articole\/targoviste-poetul-virgil-banescu-a-murit.html\" target=\"_blank\">1<\/a>, <a href=\"http:\/\/www.adevarul.ro\/articole\/targoviste-tanarul-poet-virgil-banescu-s-a-sinucis.html\" target=\"_blank\">2<\/a>, <a href=\"http:\/\/www.adevarul.ro\/articole\/targoviste-update-virgil-banescu-a-fost-inmormantat.html\" target=\"_blank\">3<\/a>).<\/p>\n<p><center><strong>Constantin Virgil B\u0103nescu<\/strong><br \/>\n[1982-2009]<\/center><\/p>\n<p align=justify>A absolvit Facultatea de Comunicare \u015fi Rela\u0163ii Publice \u00een cadrul SNSPA Bucure\u015fti \u015fi a fost membru al Uniunii Scriitorilor din Rom\u00e2nia. A publicat volumele de poezie <em>c\u00e2inele, femeia \u015fi ocheada<\/em> (Editura Timpul, Ia\u015fi, 2000), <em>floarea cu o singur\u0103 petal\u0103<\/em> (Editura Junimea, Ia\u015fi, 2002) \u015fi <em>acela\u015fi cer ce nu e<\/em> (Editura Vinea, Bucure\u015fti, 2006). Texte scrise de el au fost traduse \u00een german\u0103 (de c\u0103tre Oskar Pastior \u015fi Ernest Wichner), spaniol\u0103 (de Joaqu\u00edn Garrig\u00f3s) \u015fi sloven\u0103 (de Ale\u0161 Mustar). A primit Premiul Asocia\u0163iei Scriitorilor din Bucure\u015fti (2001) \u015fi Premiul \u201eHubert Burda\u201d pentru tineri poe\u0163i din Europa de Est (2003). A beneficiat de burse literare \u00een Germania. A publicat poezie \u00een revistele Ziua Literar\u0103, Literatorul, Paradigma, Tomis, Poezia, Poesis, Via\u0163a Rom\u00e2neasc\u0103, Ziarul de Duminic\u0103, Tribuna, EgoPHobia, Mozaicul, Adev\u0103rul Literar \u015fi Artistic, Bucure\u015ftiul Cultural, Manuskripte, Akzente, Schreibheft, Die Horen, Wespennest, Empireuma, Cuadernos del Ateneo. A publicat traduceri din englez\u0103 \u00een rom\u00e2n\u0103 (din Jean Harris) \u00een Observator cultural \u015fi Bucure\u015ftiul Cultural. A publicat traduceri din rom\u00e2n\u0103 \u00een englez\u0103, realizate \u00eempreun\u0103 cu Jean Harris, pe www.wordswithoutborders.com (din Gabriela Adame\u015fteanu), \u00een Observator cultural (din Stelian T\u0103nase) \u015fi \u00een Plural (din \u015etefan B\u0103nulescu), cu traducerea din urm\u0103 c\u00e2\u015ftig\u00e2nd, \u00eempreun\u0103 cu Jean Harris, bursa pentru traducere pe 2007-2008 a International Center for Writing &#038; Translation al University of California, Irvine. S-a n\u0103scut \u015fi s-a sinucis la T\u00e2rgovi\u015fte.<\/p>\n","protected":false},"excerpt":{"rendered":"<p>de Sorin-Mihai Grad Am avut inten\u0163ia s\u0103-l avem pe Constantin Virgil B\u0103nescu ca invitat \u00een EgoPHobia \u00eenc\u0103 de c\u00e2nd accepta s\u0103 i se spun\u0103 Bobi\u0163\u0103, dar din diverse motive stupide propunerea n-a ajuns la el \u015fi nu \u015ftim dac\u0103 ar fi acceptat-o. R\u0103m\u0103sese c\u0103-l vom chema, cu adev\u0103rat de data asta, c\u00e2nd \u00eei va ap\u0103rea [&hellip;]<\/p>\n","protected":false},"author":2,"featured_media":0,"comment_status":"open","ping_status":"open","sticky":false,"template":"","format":"standard","meta":{"jetpack_post_was_ever_published":false,"_jetpack_newsletter_access":"","_jetpack_dont_email_post_to_subs":true,"_jetpack_newsletter_tier_id":0,"_jetpack_memberships_contains_paywalled_content":false,"_jetpack_memberships_contains_paid_content":false,"footnotes":""},"categories":[315,125],"tags":[336,1132,1129,116],"class_list":["post-1451","post","type-post","status-publish","format-standard","hentry","category-egophobia-23","category-invitat","tag-constantin-virgil-banescu","tag-egophobia-23","tag-invitat","tag-sorin-mihai-grad"],"jetpack_featured_media_url":"","jetpack_sharing_enabled":true,"jetpack_shortlink":"https:\/\/wp.me\/s6DakB-77","_links":{"self":[{"href":"https:\/\/egophobia.ro\/index.php?rest_route=\/wp\/v2\/posts\/1451","targetHints":{"allow":["GET"]}}],"collection":[{"href":"https:\/\/egophobia.ro\/index.php?rest_route=\/wp\/v2\/posts"}],"about":[{"href":"https:\/\/egophobia.ro\/index.php?rest_route=\/wp\/v2\/types\/post"}],"author":[{"embeddable":true,"href":"https:\/\/egophobia.ro\/index.php?rest_route=\/wp\/v2\/users\/2"}],"replies":[{"embeddable":true,"href":"https:\/\/egophobia.ro\/index.php?rest_route=%2Fwp%2Fv2%2Fcomments&post=1451"}],"version-history":[{"count":23,"href":"https:\/\/egophobia.ro\/index.php?rest_route=\/wp\/v2\/posts\/1451\/revisions"}],"predecessor-version":[{"id":10325,"href":"https:\/\/egophobia.ro\/index.php?rest_route=\/wp\/v2\/posts\/1451\/revisions\/10325"}],"wp:attachment":[{"href":"https:\/\/egophobia.ro\/index.php?rest_route=%2Fwp%2Fv2%2Fmedia&parent=1451"}],"wp:term":[{"taxonomy":"category","embeddable":true,"href":"https:\/\/egophobia.ro\/index.php?rest_route=%2Fwp%2Fv2%2Fcategories&post=1451"},{"taxonomy":"post_tag","embeddable":true,"href":"https:\/\/egophobia.ro\/index.php?rest_route=%2Fwp%2Fv2%2Ftags&post=1451"}],"curies":[{"name":"wp","href":"https:\/\/api.w.org\/{rel}","templated":true}]}}