{"id":14671,"date":"2023-03-11T08:00:36","date_gmt":"2023-03-11T06:00:36","guid":{"rendered":"https:\/\/egophobia.ro\/?p=14671"},"modified":"2023-03-11T02:01:05","modified_gmt":"2023-03-11T00:01:05","slug":"poem-de-ana-alicu","status":"publish","type":"post","link":"https:\/\/egophobia.ro\/?p=14671","title":{"rendered":"poem de Ana Alicu"},"content":{"rendered":"<p><strong>\u0218tii?<\/strong><\/p>\n<p>&nbsp;<\/p>\n<p>\u021ai s-a-nt\u00e2mplat vreodat\u0103<\/p>\n<p>Ca \u00eentr-o zi s\u0103 fi tr\u0103it la maxim<\/p>\n<p>S\u0103 fi atins un prag extrem<!--more--><\/p>\n<p>Iar \u00een urm\u0103toarea s\u0103 nu mai po\u021bi<\/p>\n<p>S\u0103 nu mai \u0219tii<\/p>\n<p>S\u0103 nu mai vrei<\/p>\n<p>S\u0103 nu mai fii<\/p>\n<p>S\u0103 nu te mai sim\u021bi tu<\/p>\n<p>S\u0103 nu mai sim\u021bi nimic<\/p>\n<p>Ca \u00een cea de dinainte<\/p>\n<p>&nbsp;<\/p>\n<p>\u0218i te-ai g\u00e2ndit vreodat\u0103<\/p>\n<p>Dac\u0103 \u021bi s-a \u00eent\u00e2mplat<\/p>\n<p>C\u0103 \u021bi-ai tr\u0103it toat\u0103 via\u021ba<\/p>\n<p>\u00een noaptea aceea<\/p>\n<p>c\u0103 te-ai consumat<\/p>\n<p>\u0219i nu mai ai ce arde<\/p>\n<p>\u0219i nu mai ai<\/p>\n<p>fitil<\/p>\n<p>&nbsp;<\/p>\n<p>\u0219i te-ai speriat<\/p>\n<p>c\u0103 n-o s\u0103 mai sim\u021bi<\/p>\n<p>vreodat\u0103<\/p>\n<p>ce-ai sim\u021bit atunci<\/p>\n<p>\u0219i n-o s\u0103 mai pl\u00e2ngi vreodat\u0103<\/p>\n<p>ce ai pl\u00e2ns atunci<\/p>\n<p>\u0219i n-o s\u0103 mai vrei vreodat\u0103<\/p>\n<p>ce ai vrut atunci<\/p>\n<p>\u0219i n-o s\u0103 te mai cuno\u0219ti vreodat\u0103<\/p>\n<p>cum te-ai cunoscut atunci<\/p>\n<p>&nbsp;<\/p>\n<p>\u0219i te-ai fi luat cu m\u00e2inile de p\u0103r<\/p>\n<p>\u0219i-ai ai fi \u00eencercat s\u0103 \u021bi-l smulgi din cap<\/p>\n<p>ai fi \u00eencercat s\u0103 r\u00e2zi<\/p>\n<p>ca \u00een noaptea precedent\u0103<\/p>\n<p>ai fi \u00eencercat pe 25 s\u0103 visezi<\/p>\n<p>cum ai visat chiar ieri<\/p>\n<p>\u0219i-ai fi \u00eencercat s\u0103-\u021bi mu\u021bi privirea<\/p>\n<p>\u0219i s\u0103 g\u0103se\u0219ti ceva ce merit\u0103<\/p>\n<p>cum ai meritat tu \u00een ziua de ieri<\/p>\n<p>cum a meritat tot ce ai atins, ieri<\/p>\n<p>\u0219i n-ai fi v\u0103zut dec\u00e2t<\/p>\n<p>pe 25-ul plin<\/p>\n<p>oameni f\u0103r\u0103 fe\u021be<\/p>\n<p>ce \u021bi-au st\u00e2rnit repulsie<\/p>\n<p>dar nici m\u0103car<\/p>\n<p>dezgust adev\u0103rat<\/p>\n<p>&nbsp;<\/p>\n<p>\u0219i dup\u0103 ziua aia<\/p>\n<p>\u0219i dup\u0103 tot<\/p>\n<p>ce pare c\u0103 nu se mai \u00eentoarce<\/p>\n<p>nici s\u0103 dai foc la lume<\/p>\n<p>nu te-ai mai fi sim\u021bit \u00een stare<\/p>\n<p>\u0219i nu ai mai fi avut vlag\u0103<\/p>\n<p>dec\u00e2t s\u0103 te t\u00e2r\u0103\u0219ti<\/p>\n<p>&nbsp;<\/p>\n<p>s\u0103 te condamne ei<\/p>\n<p>\u0219i s\u0103-i condamni \u0219i tu<\/p>\n<p>&nbsp;<\/p>\n<p>\u0219i peste luni<\/p>\n<p>sau zile<\/p>\n<p>c\u00e2nd din nou e\u0219ti zeu<\/p>\n<p>c\u00e2nd din nou sim\u021bi tot<\/p>\n<p>dar parc\u0103 nu pe tine<\/p>\n<p>te-ai \u00eentrebat vreodat\u0103<\/p>\n<p>c\u00e2nd nu \u021bi-ai mai amintit<\/p>\n<p>cum ai sim\u021bit acela\u0219i lucru<\/p>\n<p>&nbsp;<\/p>\n<p>\u021bi-a furat cineva o parte din tine<\/p>\n<p>ai r\u0103mas pentru o secund\u0103<\/p>\n<p>parc\u0103 f\u0103r\u0103 sens<\/p>\n<p>\u0219i \u021bi-ai dat seama<\/p>\n<p>c\u0103 nu mai po\u021bi tr\u0103i<\/p>\n<p>ce ai tr\u0103it deja<\/p>\n<p>\u0219i c\u0103 n-o s\u0103 mai sim\u021bi acela\u0219i lucru<\/p>\n<p>pe care-l sim\u021bi acum<\/p>\n<p>nicic\u00e2nd<\/p>\n<p>&nbsp;<\/p>\n<p>\u0219i n-ai fi picat \u0219i tu atunci<\/p>\n<p>de ai fi fost \u00een locul meu<\/p>\n<p>de pe masa pe care te-ai fi urcat<\/p>\n<p>sau de pe genunchiul<\/p>\n<p>unui nimenea pe care<\/p>\n<p>te-ai pus<\/p>\n<p>\u0219i nu \u021bi s-ar fi f\u0103cut r\u0103u<\/p>\n<p>\u0219i n-ai fi crezut atunci<\/p>\n<p>c\u0103 nimic nu poate fi salvat<\/p>\n<p>&nbsp;<\/p>\n<p>\u0219i n-ai fi uitat o clip\u0103 cum s\u0103 tr\u0103ie\u0219ti<\/p>\n<p>\u00eencerc\u00e2nd s\u0103 salvezi acea sc\u00e2nteie<\/p>\n<p>de via\u021b\u0103<\/p>\n<p>s\u0103-\u021bi r\u0103m\u00e2n\u0103 pentru totdeauna<\/p>\n<p>\u00een minte<\/p>\n<p>\u0219i doar \u00een ea<\/p>\n<p>(c\u0103ci sufletul nu mai exist\u0103)<\/p>\n<p>lumina aia ce se reflecta<\/p>\n<p>de la neonul pe jum\u0103tate ars<\/p>\n<p>\u00een ochii unui lui sau unei ei<\/p>\n<p>ce poate atunci<\/p>\n<p>ai fi vrut s-o iei<\/p>\n<p>\u0219i s-o \u00eenchizi<\/p>\n<p>ca amintire<\/p>\n<p>mereu<\/p>\n<p>&nbsp;<\/p>\n<p>&nbsp;<\/p>\n<p>&nbsp;<\/p>\n<p>\u0219i nu te-ar fi \u00eengrozit \u0219i pe tine g\u00e2ndul<\/p>\n<p>nu te-ar fi \u00eentristat at\u00e2t de tare<\/p>\n<p>c\u0103 se duce<\/p>\n<p>se duce tot ce sim\u021bi<\/p>\n<p>\u0219i nu se mai \u00eentoarce<\/p>\n<p>\u0219i nu te po\u021bi t\u00e2r\u00ee \u00eenapoi<\/p>\n<p>f\u0103r\u0103 s\u0103 pierzi tot<\/p>\n<p>\u0219i minte-m\u0103 \u00een fa\u021b\u0103<\/p>\n<p>dac\u0103 e s-o faci<\/p>\n<p>\u0219i zi-mi atunci c\u0103 nu-i adev\u0103rat<\/p>\n<p>&nbsp;<\/p>\n<p>c\u0103 ai condamnat momentul<\/p>\n<p>\u0219i timpul te-a condamnat pe tine<\/p>\n<p>&nbsp;<\/p>\n<p>&nbsp;<\/p>\n<p>&nbsp;<\/p>\n","protected":false},"excerpt":{"rendered":"<p>\u0218tii? &nbsp; \u021ai s-a-nt\u00e2mplat vreodat\u0103 Ca \u00eentr-o zi s\u0103 fi tr\u0103it la maxim S\u0103 fi atins un prag extrem<\/p>\n","protected":false},"author":2,"featured_media":0,"comment_status":"open","ping_status":"open","sticky":false,"template":"","format":"standard","meta":{"jetpack_post_was_ever_published":false,"_jetpack_newsletter_access":"","_jetpack_dont_email_post_to_subs":false,"_jetpack_newsletter_tier_id":0,"_jetpack_memberships_contains_paywalled_content":false,"_jetpack_memberships_contains_paid_content":false,"footnotes":""},"categories":[1625,13],"tags":[1636,1626,1114],"class_list":["post-14671","post","type-post","status-publish","format-standard","hentry","category-egophobia-75","category-poezie","tag-ana-alicu","tag-egophobia-75","tag-poezie"],"jetpack_featured_media_url":"","jetpack_sharing_enabled":true,"jetpack_shortlink":"https:\/\/wp.me\/p6DakB-3OD","_links":{"self":[{"href":"https:\/\/egophobia.ro\/index.php?rest_route=\/wp\/v2\/posts\/14671","targetHints":{"allow":["GET"]}}],"collection":[{"href":"https:\/\/egophobia.ro\/index.php?rest_route=\/wp\/v2\/posts"}],"about":[{"href":"https:\/\/egophobia.ro\/index.php?rest_route=\/wp\/v2\/types\/post"}],"author":[{"embeddable":true,"href":"https:\/\/egophobia.ro\/index.php?rest_route=\/wp\/v2\/users\/2"}],"replies":[{"embeddable":true,"href":"https:\/\/egophobia.ro\/index.php?rest_route=%2Fwp%2Fv2%2Fcomments&post=14671"}],"version-history":[{"count":2,"href":"https:\/\/egophobia.ro\/index.php?rest_route=\/wp\/v2\/posts\/14671\/revisions"}],"predecessor-version":[{"id":14674,"href":"https:\/\/egophobia.ro\/index.php?rest_route=\/wp\/v2\/posts\/14671\/revisions\/14674"}],"wp:attachment":[{"href":"https:\/\/egophobia.ro\/index.php?rest_route=%2Fwp%2Fv2%2Fmedia&parent=14671"}],"wp:term":[{"taxonomy":"category","embeddable":true,"href":"https:\/\/egophobia.ro\/index.php?rest_route=%2Fwp%2Fv2%2Fcategories&post=14671"},{"taxonomy":"post_tag","embeddable":true,"href":"https:\/\/egophobia.ro\/index.php?rest_route=%2Fwp%2Fv2%2Ftags&post=14671"}],"curies":[{"name":"wp","href":"https:\/\/api.w.org\/{rel}","templated":true}]}}