{"id":14882,"date":"2023-09-15T20:49:43","date_gmt":"2023-09-15T18:49:43","guid":{"rendered":"https:\/\/egophobia.ro\/?p=14882"},"modified":"2023-09-15T20:49:43","modified_gmt":"2023-09-15T18:49:43","slug":"elogiu-tineretii","status":"publish","type":"post","link":"https:\/\/egophobia.ro\/?p=14882","title":{"rendered":"Elogiu tinere\u0163ii"},"content":{"rendered":"<p><span style=\"color: green;\">(pa\u0219i m\u0103run\u021bi)<\/span><\/p>\n<p style=\"text-align: right;\">de Gelu Teamp\u0103u<\/p>\n<p style=\"text-align: justify;\">\u00a0\u00a0\u00a0\u00a0\u00a0\u00a0\u00a0\u00a0\u00a0\u00a0\u00a0 Dac\u0103 se spune \u201eb\u0103tr\u00e2ne\u0163e, haine grele\u201d, oare s-ar putea spune \u015fi \u201etinere\u0163e, pielea goal\u0103\u201d? Cultul tinere\u0163ii ve\u015fnice este ast\u0103zi celebrat mai obsesiv dec\u00e2t \u00een Antichitate, perioad\u0103 luat\u0103 ca etalon pentru vigoarea juvenil\u0103 exploziv\u0103, marcat\u0103 mitic prin Ahile, iar istoric prin Alexandru Macedon. Se insist\u0103 \u00eens\u0103 pe anumite dimensiuni ale tinere\u0163ii, nu neap\u0103rat definitorii: trupul puternic \u015fi energic, aspectul proasp\u0103t \u015fi str\u0103lucitor, racordarea permanent\u0103 la tehnologie \u015fi la mod\u0103. Chiar dac\u0103 ei nu simt cu adev\u0103rat pasiune pentru acestea, contextul social \u015fi chiar familial \u00eei for\u0163eaz\u0103 s\u0103 se \u00eenscrie \u00een siajul mesajelor subliminale sau explicite emise de c\u0103tre sursele culturale mediatice. Astfel, ei gonesc f\u0103r\u0103 pauz\u0103 \u00eentre sala de for\u0163\u0103 sau de dans aerobic, festivaluri, petreceri, magazine, filme, restaurante \u015fi diverse alte <em>happening<\/em>-uri, a\u015fa cum sunt numite mai nou evenimentele mondene. Dac\u0103 mai r\u0103m\u00e2ne timp, sau pentru a bifa \u015fi acest aspect al vie\u0163ii puse sub imperiul digitalului, mai puncteaz\u0103 \u015fi c\u00e2te o prezen\u0163\u0103 la cursuri ori \u00een bibliotecile pr\u0103fuite \u015fi nu prea <em>trendy<\/em>.<!--more--><\/p>\n<p style=\"text-align: justify;\">\u00a0\u00a0\u00a0\u00a0\u00a0\u00a0\u00a0\u00a0\u00a0\u00a0\u00a0 A-i blama, este u\u015for. Refrenul \u201etinerii din ziua de azi\u201d a valsat de-a lungul epocilor cu non\u015falan\u0163\u0103 \u015fi cu aceea\u015fi lips\u0103 de efect. Dac\u0103 b\u0103tr\u00e2nii se simt marginaliza\u0163i de c\u0103tre tineri pe criterii absurde, nu este mai pu\u0163in adev\u0103rat c\u0103 \u015fi ace\u015ftia dau dovad\u0103 de lips\u0103 de \u00een\u0163elegere pentru cea mai dificil\u0103 perioad\u0103 a vie\u0163ii, care este adolescen\u0163a, cea \u00een care mici erori involuntare pot zdruncina o personalitate pentru tot restul vie\u0163ii. Tinerii sunt \u00eenseta\u0163i de relevan\u0163\u0103 social\u0103, declasarea lor pe criterii de imaturitate, de lips\u0103 de experien\u0163\u0103 sau de talent, aliment\u00e2ndu-le frustr\u0103ri adesea fatale, care \u00eei \u00eemping \u00een pseudo-solu\u0163ii distructive, precum consumul de alcool sau de droguri, fumatul compulsiv, promiscuitatea sexual\u0103, ori activit\u0103\u0163ile ilicite. Dar \u0163in\u00e2nd cont de u\u015furin\u0163a cu care pot fi manipula\u0163i, vina le apar\u0163ine \u00een foarte pu\u0163ine ocazii. Ce s\u0103 poat\u0103 \u00een\u0163elege un psihic \u00een curs de formare atunci c\u00e2nd este sf\u00e2\u015fiat \u00eentre impulsuri \u015fi comenzi contradictorii, care \u00eel asalteaz\u0103 prin nenum\u0103rate canale, de la cele familiale \u015fi sociale, la cele institu\u0163ionale sau mediatice?<\/p>\n<p style=\"text-align: justify;\">\u00a0\u00a0\u00a0\u00a0\u00a0\u00a0\u00a0\u00a0\u00a0\u00a0\u00a0 Nici cei maturi nu sunt imuni la \u015fabloanele impuse \u00een mod repetat, iar at\u00e2t auto-motivarea, c\u00e2t \u015fi auto-cenzura des\u0103v\u00e2r\u015fesc lucrarea adesea absurd\u0103. C\u00e2nd feti\u0163e de 13 ani sunt machiate, \u00eembr\u0103cate, fotografiate \u015fi prezentate publicului ca \u015fi cum ar fi femei de 30 de ani, este de a\u015fteptat ca femeile care \u00een realitate au aceast\u0103 v\u00e2rst\u0103 s\u0103 se urasc\u0103 pentru c\u0103 nu corespund idealului ridicol \u015fi ipocrit, dac\u0103 nu chiar criminal. De\u015fi mare parte a omenirii beneficiaz\u0103 de tehnologia f\u0103r\u0103 precedent \u015fi are un nivel de trai neatins p\u00e2n\u0103 acum \u00een istorie, gradul de nefericire (greu cuantificabil, ce-i drept) atinge cote cutremur\u0103toare. Oamenii, \u015fi mai ales tinerii, au mai mult dec\u00e2t \u015fi-ar fi putut dori cei din genera\u0163iile anterioare, \u00eens\u0103 angoasa, depresia \u015fi deruta \u00eei afecteaz\u0103 mai profund.<\/p>\n<p style=\"text-align: justify;\">\u00a0\u00a0\u00a0\u00a0\u00a0\u00a0\u00a0\u00a0\u00a0\u00a0\u00a0 Mai multe studii au dovedit c\u0103 tinerii sunt cei mai dispu\u015fi s\u0103-\u015fi ri\u015fte via\u0163a pentru idei politice, dinamismul lor determin\u00e2nd succesul partidelor liberale \u015fi chiar revolu\u0163ionare la acest segment de v\u00e2rst\u0103. Dar dac\u0103 ei, \u00een furia s\u00e2ngelui lor nest\u0103vilit, nu sunt \u00eentotdeauna grijulii cu propria via\u0163\u0103, aceasta cade \u00een sarcina celor maturi care, conform acelora\u015fi studii, se orienteaz\u0103 spre pozi\u0163ii conservatoare, ori chiar reac\u0163ionare. Din p\u0103cate, istoria a dovedit c\u0103 via\u0163a tinerilor este cea mai ieftin\u0103 resurs\u0103 \u00een cazul conflictelor. Via\u0163a lor, integritatea \u015fi promisiunea viitorului pe care aceasta o con\u0163ine, are nevoie de \u00een\u0163elegere din partea celor care \u00eenc\u0103 nu au uitat c\u0103 au fost \u015fi ei tineri c\u00e2ndva.<\/p>\n<p style=\"text-align: justify;\">\u00a0\u00a0\u00a0\u00a0\u00a0\u00a0\u00a0\u00a0\u00a0\u00a0\u00a0 Octavian Paler afirma, pe bun\u0103 dreptate, c\u0103 t\u00e2n\u0103rul are obliga\u0163ia s\u0103 cread\u0103 c\u0103 d\u0103 gaur\u0103 \u00een Univers. \u00cens\u0103 este obliga\u0163ia celui matur s\u0103 \u00eei arate punctele din Univers \u00een care este nevoie de g\u0103uri, ori s\u0103-i explice c\u0103 acel efort este mai util \u00een alte \u00eentreprinderi, poate chiar de astupare a anumitor g\u0103uri date gre\u015fit de c\u0103tre al\u0163i tineri, care i-au precedat.<\/p>\n<p style=\"text-align: justify;\">\u00a0\u00a0\u00a0\u00a0\u00a0\u00a0\u00a0\u00a0\u00a0\u00a0\u00a0 Oameni cu prea mult timp liber la dispozi\u0163ie au inventat, \u00een goana lor dup\u0103 faim\u0103, tot felul de concepte stupide, de la r\u0103zboiul dintre sexe, la cel dintre genera\u0163ii, dintre rase sau dintre clase (e de mirare c\u0103 n-au inventat \u015fi r\u0103zboiul dintre chei \u015fi pleto\u015fi, dar timpul nu e pierdut). Nu ai nevoie de doctorat \u00een fizica cuantic\u0103 pentru a-\u0163i da seama c\u0103 ne afl\u0103m de aceea\u015fi parte a baricadei dintre existen\u0163\u0103 \u015fi vid \u015fi c\u0103 nu avem cum s\u0103 realiz\u0103m ceva de unii singuri. Resping\u00e2nd pe cineva pe criterii exterioare (numite anterior), nu facem, la urma urmei, dec\u00e2t s\u0103 ne respingem pe noi \u00een\u015fine.<\/p>\n<p style=\"text-align: justify;\">\u00a0\u00a0\u00a0\u00a0\u00a0\u00a0\u00a0\u00a0\u00a0\u00a0\u00a0 Tinerii trebuie s\u0103 \u00een\u0163eleag\u0103 c\u0103 sunt iubi\u0163i, \u015fi nu doar datorit\u0103 tinere\u0163ii \u00een sine, care este, \u00een fond, doar o codificare social\u0103. S\u0103 nu uit\u0103m c\u0103 \u00een paleolitic durata medie de via\u0163\u0103 era de 18 ani, iar \u00een miezul Evului Mediu european, de circa 40 de ani. Abia \u00een ultimul secol, sau chiar mai pu\u0163in, medicina \u201egaranteaz\u0103\u201d o via\u0163\u0103 de 75 de ani. Ast\u0103zi, la 40 de ani unii abia se coc. Dac\u0103 binevoiesc\u2026<\/p>\n","protected":false},"excerpt":{"rendered":"<p>(pa\u0219i m\u0103run\u021bi) de Gelu Teamp\u0103u \u00a0\u00a0\u00a0\u00a0\u00a0\u00a0\u00a0\u00a0\u00a0\u00a0\u00a0 Dac\u0103 se spune \u201eb\u0103tr\u00e2ne\u0163e, haine grele\u201d, oare s-ar putea spune \u015fi \u201etinere\u0163e, pielea goal\u0103\u201d? Cultul tinere\u0163ii ve\u015fnice este ast\u0103zi celebrat mai obsesiv dec\u00e2t \u00een Antichitate, perioad\u0103 luat\u0103 ca etalon pentru vigoarea juvenil\u0103 exploziv\u0103, marcat\u0103 mitic prin Ahile, iar istoric prin Alexandru Macedon. Se insist\u0103 \u00eens\u0103 pe anumite dimensiuni ale [&hellip;]<\/p>\n","protected":false},"author":2,"featured_media":0,"comment_status":"open","ping_status":"open","sticky":false,"template":"","format":"standard","meta":{"jetpack_post_was_ever_published":false,"_jetpack_newsletter_access":"","_jetpack_dont_email_post_to_subs":false,"_jetpack_newsletter_tier_id":0,"_jetpack_memberships_contains_paywalled_content":false,"_jetpack_memberships_contains_paid_content":false,"footnotes":""},"categories":[55,1653,1372],"tags":[1120,1654,1089,1373],"class_list":["post-14882","post","type-post","status-publish","format-standard","hentry","category-articole","category-egophobia-77","category-pasi-marunti","tag-articole","tag-egophobia-77","tag-gelu-teampau","tag-pasi-marunti"],"jetpack_featured_media_url":"","jetpack_sharing_enabled":true,"jetpack_shortlink":"https:\/\/wp.me\/p6DakB-3S2","_links":{"self":[{"href":"https:\/\/egophobia.ro\/index.php?rest_route=\/wp\/v2\/posts\/14882","targetHints":{"allow":["GET"]}}],"collection":[{"href":"https:\/\/egophobia.ro\/index.php?rest_route=\/wp\/v2\/posts"}],"about":[{"href":"https:\/\/egophobia.ro\/index.php?rest_route=\/wp\/v2\/types\/post"}],"author":[{"embeddable":true,"href":"https:\/\/egophobia.ro\/index.php?rest_route=\/wp\/v2\/users\/2"}],"replies":[{"embeddable":true,"href":"https:\/\/egophobia.ro\/index.php?rest_route=%2Fwp%2Fv2%2Fcomments&post=14882"}],"version-history":[{"count":1,"href":"https:\/\/egophobia.ro\/index.php?rest_route=\/wp\/v2\/posts\/14882\/revisions"}],"predecessor-version":[{"id":14883,"href":"https:\/\/egophobia.ro\/index.php?rest_route=\/wp\/v2\/posts\/14882\/revisions\/14883"}],"wp:attachment":[{"href":"https:\/\/egophobia.ro\/index.php?rest_route=%2Fwp%2Fv2%2Fmedia&parent=14882"}],"wp:term":[{"taxonomy":"category","embeddable":true,"href":"https:\/\/egophobia.ro\/index.php?rest_route=%2Fwp%2Fv2%2Fcategories&post=14882"},{"taxonomy":"post_tag","embeddable":true,"href":"https:\/\/egophobia.ro\/index.php?rest_route=%2Fwp%2Fv2%2Ftags&post=14882"}],"curies":[{"name":"wp","href":"https:\/\/api.w.org\/{rel}","templated":true}]}}