{"id":15139,"date":"2024-02-29T08:32:45","date_gmt":"2024-02-29T06:32:45","guid":{"rendered":"https:\/\/egophobia.ro\/?p=15139"},"modified":"2024-02-28T14:34:06","modified_gmt":"2024-02-28T12:34:06","slug":"gradinile-luminii","status":"publish","type":"post","link":"https:\/\/egophobia.ro\/?p=15139","title":{"rendered":"Gr\u0103dinile luminii"},"content":{"rendered":"<p style=\"text-align: center;\"><span style=\"color: green;\">o istorie de buzunar<\/span><\/p>\n<p style=\"text-align: right;\">de Ana-Maria Negril\u0103<\/p>\n<p style=\"text-align: justify;\">\u00a0\u00a0\u00a0\u00a0\u00a0\u00a0\u00a0\u00a0\u00a0\u00a0\u00a0 \u201eGr\u0103dinile luminii&#8221; este un roman scris de autorul franco-libanez Amin Maalouf. Publicat\u0103 \u00een 1991, cartea exploreaz\u0103 via\u021ba \u0219i aventurile lui Mani, profet \u0219i fondator al unei religii gnostice numite maniheism. Romanul urm\u0103re\u0219te povestea lui Mani din copil\u0103rie p\u00e2n\u0103 la maturitate \u0219i ofer\u0103 o viziune interesant\u0103 asupra contextului istoric \u0219i religios complex \u00een care acesta a tr\u0103it \u0219i \u0219i-a fondat religia.\u00a0\u00a0 <!--more--><\/p>\n<p style=\"text-align: justify;\">\u00a0\u00a0\u00a0\u00a0\u00a0\u00a0\u00a0\u00a0\u00a0\u00a0\u00a0 De fapt, \u201eGr\u0103dinile Luminii&#8221; nu este doar o carte despre Mani, profetul religios din secolul al III-lea, ci este una despre toleran\u021b\u0103 sau, mai bine zis, despre absen\u021ba ei. Mani viseaz\u0103 la o religie care s\u0103 le uneasc\u0103 pe cele existente, o credin\u021b\u0103 a p\u0103cii, a iubirii, a c\u0103ut\u0103rii cunoa\u0219terii, \u00eens\u0103 ceea ce \u00eent\u00e2lne\u0219te este tocmai intoleran\u021ba, setea de putere \u0219i de avere. P\u0103rin\u021bi \u00eei sunt nobilul Pattig \u0219i frumoasa Marian, pe care acesta o p\u0103r\u0103se\u0219te pentru a se al\u0103tura unui cult, atras fiind de promisiunile liderului acestuia, Sittai. Astfel, Mani este r\u0103pit din bra\u021bele mamei \u0219i \u00ee\u0219i tr\u0103ie\u0219te copil\u0103ria \u0219i adolescen\u021ba \u00een cadrul acestui cult, \u00een Gr\u0103dina de Palmieri a Ve\u0219mintelor Albe.<\/p>\n<p style=\"text-align: justify;\">\u00a0\u00a0\u00a0\u00a0\u00a0\u00a0\u00a0\u00a0\u00a0\u00a0\u00a0 Adev\u0103ratul Mani s-a n\u0103scut \u00een Persia Sasanid\u0103, un imperiu care a d\u0103inuit \u00eentre anii 224 \u0219i 651 d.Hr. \u00cen acea perioad\u0103, Persia era un centru important al lumii antice, cu o cultur\u0103 \u0219i o civiliza\u021bie extrem de bogate. Imperiul Persan Sasanid se afla \u00een plin\u0103 expansiune \u0219i era condus de o dinastie de monarhi care sus\u021bineau \u0219i promovau religiile \u0219i tradi\u021biile persane, dar erau deschi\u0219i \u0219i c\u0103tre influen\u021be externe. De asemenea, Persia se angajase \u00eentr-o lupt\u0103 pentru suprema\u021bie cu Imperiul Roman, iar conflictele dintre cele dou\u0103 imperii marcheaz\u0103 istoria vremii. Din punct de vedere spiritual, Persia era o \u021bar\u0103 \u00een care coexistau mai multe religii, \u00eens\u0103 \u00een timpul vie\u021bii lui Mani, religia predominant\u0103 era zoroastrismul, de\u0219i existau \u0219i alte culte, precum gnosticismul.<\/p>\n<p style=\"text-align: justify;\">\u00a0\u00a0\u00a0\u00a0\u00a0\u00a0\u00a0\u00a0\u00a0\u00a0\u00a0 \u00cen \u201eGr\u0103dinile luminii\u201d, Mani p\u0103r\u0103se\u0219te Gr\u0103dina de Palmieri a Ve\u0219mintelor Albe \u0219i \u00ee\u0219i fondeaz\u0103 propria religie, iar al\u0103turi de prietenul s\u0103u Malchos \u0219i de tat\u0103l s\u0103u, Pattig, drumul \u00eel poart\u0103 spre India, apoi Persia, la curtea \u0219ahului \u0218apur I. Aici, intr\u0103 \u00een gra\u021biile acestuia, \u00eens\u0103 \u00eent\u00e2lne\u0219te opozi\u021bia magilor, care \u00ee\u0219i v\u0103d puterea atacat\u0103. Cum pe vremea lui Mani, Persia se afla \u00eentr-o perioad\u0103 de transformare cultural\u0103 \u0219i religioas\u0103, datorat\u0103 cuceririlor \u0219i \u00eenglob\u0103rii \u00een imperiu a mai multor regiuni, profetul este profund influen\u021bat de aceast\u0103 atmosfer\u0103 \u0219i caut\u0103 s\u0103 \u00eembine \u00een \u00eenv\u0103\u021b\u0103turile sale elemente din diferite tradi\u021bii \u0219i credin\u021be. Astfel, el propov\u0103duie\u0219te existen\u021ba luminii \u0219i \u00eentunericului, a binelui \u0219i r\u0103ului, \u00een orice element al lumii, iar via\u021ba lui, r\u0103zboiul pe care \u00eel va duce cu cei care se lupt\u0103 pentru p\u0103strarea privilegiilor, \u00eel va conduce acolo unde se \u00eencheie toate marile idei care se ciocnesc de intoleran\u021b\u0103.<\/p>\n<p style=\"text-align: justify;\">\u00a0\u00a0\u00a0\u00a0\u00a0\u00a0\u00a0\u00a0\u00a0\u00a0\u00a0 \u201eGr\u0103dinile Luminii&#8221; nu este un roman comod, \u00eens\u0103 este un roman sincer care arat\u0103 lumea a\u0219a cum este, amestec de dragoste, bun\u0103tate, credin\u021b\u0103, dar, \u00een egal\u0103 m\u0103sur\u0103, \u0219i de invidie, r\u0103utate izvor\u00e2nd din lipsa de cuno\u0219tin\u021be, din ne\u00een\u021belegere \u0219i f\u0103\u021b\u0103rnicie. Sunt personaje care par s\u0103 fi adunat \u00een ele toate tr\u0103s\u0103turile negative ale lumii \u0219i al c\u0103ror impact asupra lui Mani \u00eensu\u0219i, asupra filosofiei \u0219i discipolilor lui, este profund.<\/p>\n<p style=\"text-align: justify;\">\u00a0\u00a0\u00a0\u00a0\u00a0\u00a0\u00a0\u00a0\u00a0\u00a0\u00a0 La final, cel care pierde nu este filosoful care credea \u00een frumuse\u021bea lumii \u0219i \u00een puterea ei regeneratoare, ci sunt cei care, prin ac\u021biunile lor, prin invidie \u0219i lips\u0103 de empatie sunt trecu\u021bi prin roata istoriei \u0219i uita\u021bi de genera\u021biile viitoare. Numele lui Mani continu\u0103 \u00eens\u0103 s\u0103 tr\u0103iasc\u0103 prins \u00eentre filele timpului, chiar dac\u0103 religia lui nu s-a impus.<\/p>\n","protected":false},"excerpt":{"rendered":"<p>o istorie de buzunar de Ana-Maria Negril\u0103 \u00a0\u00a0\u00a0\u00a0\u00a0\u00a0\u00a0\u00a0\u00a0\u00a0\u00a0 \u201eGr\u0103dinile luminii&#8221; este un roman scris de autorul franco-libanez Amin Maalouf. Publicat\u0103 \u00een 1991, cartea exploreaz\u0103 via\u021ba \u0219i aventurile lui Mani, profet \u0219i fondator al unei religii gnostice numite maniheism. Romanul urm\u0103re\u0219te povestea lui Mani din copil\u0103rie p\u00e2n\u0103 la maturitate \u0219i ofer\u0103 o viziune interesant\u0103 asupra contextului [&hellip;]<\/p>\n","protected":false},"author":2,"featured_media":0,"comment_status":"open","ping_status":"open","sticky":false,"template":"","format":"standard","meta":{"jetpack_post_was_ever_published":false,"_jetpack_newsletter_access":"","_jetpack_dont_email_post_to_subs":false,"_jetpack_newsletter_tier_id":0,"_jetpack_memberships_contains_paywalled_content":false,"_jetpack_memberships_contains_paid_content":false,"footnotes":""},"categories":[8,1681,1298],"tags":[1692,1255,1113,1682,1301],"class_list":["post-15139","post","type-post","status-publish","format-standard","hentry","category-critica","category-egophobia-79-80","category-o-istorie-de-buzunar","tag-amin-maalouf","tag-ana-maria-negrila","tag-critica","tag-egophobia-79-80","tag-o-istorie-de-buzunar"],"jetpack_featured_media_url":"","jetpack_sharing_enabled":true,"jetpack_shortlink":"https:\/\/wp.me\/p6DakB-3Wb","_links":{"self":[{"href":"https:\/\/egophobia.ro\/index.php?rest_route=\/wp\/v2\/posts\/15139","targetHints":{"allow":["GET"]}}],"collection":[{"href":"https:\/\/egophobia.ro\/index.php?rest_route=\/wp\/v2\/posts"}],"about":[{"href":"https:\/\/egophobia.ro\/index.php?rest_route=\/wp\/v2\/types\/post"}],"author":[{"embeddable":true,"href":"https:\/\/egophobia.ro\/index.php?rest_route=\/wp\/v2\/users\/2"}],"replies":[{"embeddable":true,"href":"https:\/\/egophobia.ro\/index.php?rest_route=%2Fwp%2Fv2%2Fcomments&post=15139"}],"version-history":[{"count":1,"href":"https:\/\/egophobia.ro\/index.php?rest_route=\/wp\/v2\/posts\/15139\/revisions"}],"predecessor-version":[{"id":15140,"href":"https:\/\/egophobia.ro\/index.php?rest_route=\/wp\/v2\/posts\/15139\/revisions\/15140"}],"wp:attachment":[{"href":"https:\/\/egophobia.ro\/index.php?rest_route=%2Fwp%2Fv2%2Fmedia&parent=15139"}],"wp:term":[{"taxonomy":"category","embeddable":true,"href":"https:\/\/egophobia.ro\/index.php?rest_route=%2Fwp%2Fv2%2Fcategories&post=15139"},{"taxonomy":"post_tag","embeddable":true,"href":"https:\/\/egophobia.ro\/index.php?rest_route=%2Fwp%2Fv2%2Ftags&post=15139"}],"curies":[{"name":"wp","href":"https:\/\/api.w.org\/{rel}","templated":true}]}}