{"id":15499,"date":"2024-12-05T21:52:13","date_gmt":"2024-12-05T19:52:13","guid":{"rendered":"https:\/\/egophobia.ro\/?p=15499"},"modified":"2024-12-05T21:52:13","modified_gmt":"2024-12-05T19:52:13","slug":"51","status":"publish","type":"post","link":"https:\/\/egophobia.ro\/?p=15499","title":{"rendered":"51%"},"content":{"rendered":"<p style=\"text-align: center;\"><span style=\"color: green;\"><strong>[debut]<\/strong><\/span><\/p>\n<p style=\"text-align: right;\">de Alexandra Florina Gu\u021b\u0103<\/p>\n<p style=\"text-align: justify;\">Anul 2028. Soarele parc\u0103 nu mai str\u0103lucea a\u0219a cum o f\u0103cea odinioar\u0103, iar eu m\u0103 sim\u021beam tot mai obosit\u0103 din cauza facult\u0103\u021bii. Lucram pentru a deveni avocat, \u00eens\u0103 \u00een zilele noastre, cuv\u00e2ntului dreptate nu prea \u00eei mai g\u0103seam un sens at\u00e2t de u\u0219or de <em>explicat.<\/em><\/p>\n<p style=\"text-align: justify;\">\u00a0\u00a0\u00a0\u00a0\u00a0\u00a0\u00a0\u00a0\u00a0\u00a0\u00a0 Rom\u00e2nia, al\u0103turi de alte \u021b\u0103ri, recente foste membre ale Uniunii Europene, nu prea o ducea at\u00e2t de bine pe c\u00e2t votan\u021bii referendumului pentru ie\u0219irea din aceast\u0103 alian\u021b\u0103 ar fi crezut. \u00cen \u021bara mea, 51% din electorat a fost entuziasmat de a\u0219a-zisa independen\u021b\u0103 conferit\u0103 de ie\u0219irea din Uniunea European\u0103. Totu\u0219i, \u00een acel moment, dezavantajele deciziei au eclipsat orice avantaj ar fi existat vreodat\u0103 \u00een acea alegere.<!--more--><\/p>\n<p style=\"text-align: justify;\"><em>\u00a0\u00a0\u00a0\u00a0\u00a0\u00a0\u00a0\u00a0\u00a0\u00a0\u00a0 <\/em>Accesul liber la pia\u021b\u0103 unic\u0103 european\u0103 a fost pierdut, ceea ce \u00eensemna impunerea de taxe vamale \u0219i bariere comerciale pentru importurile din \u0219i c\u0103tre Uniunea European\u0103. Acest fapt a dus la cre\u0219terea pre\u021burilor produselor. Mai mult, o mul\u021bime de investitori str\u0103ini alegeau s\u0103 se retrag\u0103 de pe pia\u021ba rom\u00e2nesc\u0103 din cauza barierelor comerciale \u0219i a na\u021bionalismului exagerat. Ca urmare, \u0219omajul era \u00een cre\u0219tere alert\u0103. Moneda na\u021bional\u0103 \u00eencepea s\u0103 \u00ee\u0219i piard\u0103 valoarea la nivel interna\u021bional, cauz\u00e2nd infla\u021bie galopant\u0103 \u0219i noi cre\u0219teri ale pre\u021burilor la produse de baz\u0103 \u0219i combustibili. Ba mai mult, am devenit mai vulnerabili la influen\u021ba Rusiei \u00een sectorul energetic, ie\u0219irea din UE duc\u00e2nd la sl\u0103birea leg\u0103turilor energetice cu Europa. Dependen\u021ba de gazul rusesc cre\u0219tea, iar pre\u021burile la energie explodau.<\/p>\n<p style=\"text-align: justify;\">\u00a0\u00a0\u00a0\u00a0\u00a0\u00a0\u00a0\u00a0\u00a0\u00a0\u00a0 Din nefericire, nu eram singura \u021bar\u0103 ce ie\u0219ise din Uniunea European\u0103. Ungaria, Polonia \u0219i Grecia se aflau \u00een aceea\u0219i categorie. Primele dou\u0103 au renun\u021bat la alian\u021b\u0103 din cauza ideologiilor tot mai diferite de standardele europene \u0219i de o multitudine de sanc\u021biuni aplicate acestora. Cea din urm\u0103 a luat aceast\u0103 decizie ca fiind o oportunitate de a-\u0219i c\u00e2\u0219tiga controlul asupra propriei economii. De asemenea, pe internet se vehicula zvonul c\u0103 \u0219i Fran\u021ba \u00ee\u0219i dorea crearea unui referendum pentru ie\u0219irea din aceast\u0103 alian\u021b\u0103.<\/p>\n<p style=\"text-align: justify;\">\u00a0\u00a0\u00a0\u00a0\u00a0\u00a0\u00a0\u00a0\u00a0\u00a0\u00a0 Acele detalii sumbre \u00eemi aminteau zilnic de perioada alegerilor preziden\u021biale din anul 2024. Aveam doar optsprezece ani pe atunci \u0219i eram \u00een ultimul an de liceu. Situa\u021bia p\u0103rea haotic\u0103 \u00eenc\u0103 din turul al doilea al acestora, av\u00e2nd de ales \u00eentre domnul Mure\u0219ean Alin \u0219i doamna Voinea Ioana. Cea din urm\u0103 era un candidat ce su\u021binea valorile europene, \u00eens\u0103, \u00een ultima perioad\u0103, aleg\u0103torii erau s\u0103tuli de aceast\u0103 organiza\u021bie, adesea declar\u00e2nd, c\u0103 Rom\u00e2nia nu era mai mult dec\u00e2t o colonie economic\u0103 pentru UE, iar ideologiile sociale ale uniunii \u00eenc\u0103lcau moralurile cre\u0219tine. De asemenea, pandemia din 2020, criza economic\u0103 \u0219i cea a imigran\u021bilor, le d\u0103deau mai multe motive de a fi \u00eempotriva UE. \u00cen schimb, Mure\u0219ean Alin venea cu o viziunea diferit\u0103, ceea ce le oferea speran\u021b\u0103. Schimbarea, dac\u0103 este venit\u0103 la momentul oportun, produce efectul opus celui a\u0219teptat, adic\u0103 n\u0103dejde. Uneori, nici nu \u00eei puteam \u00eenvinov\u0103\u021bi pe votan\u021bi pentru acea alegere, av\u00e2nd \u00een vedere c\u0103 mul\u021bi lucrau \u0219i c\u00e2te dou\u0103sprezece ore pe zi \u0219i abia aveau timp pentru ei \u00een\u0219i\u0219i din cauza pie\u021bei consumeriste c\u0103reia nu \u00eei mai ajungeau cele opt ore din via\u021ba unui angajat. Majoritatea nici nu aveau timp s\u0103 se informeze despre teme politice la c\u00e2t de preocupat\u0103 era via\u021ba lor cu munc\u0103, familie, cump\u0103r\u0103turi \u0219i \u00eendatoriri casnice. Pentru mul\u021bi, timpul alocat socializ\u0103rii \u0219i activit\u0103\u021bilor recrea\u021bionale era un mit. Totu\u0219i, de\u0219i diferite, declara\u021biile domnului Mure\u0219ean erau uluitoare, dar nu \u00eentr-un sens pozitiv, mai ales la adresa femeilor \u0219i la adresa teoriilor conspira\u021bioniste. Pentru acel om, aproape nimic din ceea ce era scris \u00een istorie nu p\u0103rea adev\u0103rat.<\/p>\n<p style=\"text-align: justify;\">\u00a0\u00a0\u00a0\u00a0\u00a0\u00a0\u00a0\u00a0\u00a0\u00a0\u00a0 Re\u021belele de socializare au jucat un rol important \u00een ascensiunea acelui candidat. Strategia sa, de\u0219i poate incorect\u0103 din punct de vedere moral, a convins o mul\u021bime de oameni s\u0103 \u00eel voteze. Toate post\u0103rile de pe internet legate de campanie erau umplute de comentarii ale unor conturi, probabil, pl\u0103tite s\u0103 fac\u0103 propagand\u0103. Acestea con\u021bineau c\u00e2teva aspecte cheie: numele candidatului, Andrei Mure\u0219ean \u0219i cuv\u00e2ntul <em>antisistem<\/em>. Oamenii ce lucrau dou\u0103sprezece ore pe zi sau aveau mai multe locuri de munc\u0103 pentru a se putea sus\u021bine financiar, obosi\u021bi, abia mai aveau chef de a se informa despre politic\u0103, iar vehicularea constant\u0103 a acestui nume pe re\u021belele de socializare, \u00eempreun\u0103 cu cuv\u00e2ntul magic \u201eantisistem\u201d, i-a f\u0103cut pe aleg\u0103tori s\u0103 \u00eel voteze dorindu-\u0219i o schimbare ce poate le-ar fi adus beneficii. Ceea ce au sc\u0103pat, totu\u0219i, din vedere au fost declara\u021biile extremiste ale domnului. Popula\u021bia a fost manipulat\u0103 exact ca \u00een romanul lui George Orwell, <em>1984<\/em>. Singura diferen\u021b\u0103 era c\u0103 tele-ecranele nu le-au fost impuse oamenilor, ci au fost alese.<\/p>\n<p style=\"text-align: justify;\">\u00a0\u00a0\u00a0\u00a0\u00a0\u00a0\u00a0\u00a0\u00a0\u00a0\u00a0 \u00cemi aminteam de zilele pline de incertitudine \u00een care tinerii erau speria\u021bi de propriul lor viitor. P\u00e2n\u0103 atunci, aveam impresia c\u0103 distopiile erau doar pove\u0219ti ce nu puteau s\u0103 se \u00eent\u00e2mple niciodat\u0103. Pe vremea aceea, \u00eemi doream s\u0103 fac o schimbare. \u00cemi doream din toat\u0103 inima s\u0103 pot spune cuiva r\u0103spicat c\u0103 alegerea acelui om ne-ar fi putut duce pe o pant\u0103 gre\u0219it\u0103. Nici cel\u0103lalt candidat nu era cel mai str\u0103lucit, \u00eens\u0103 a\u0219 fi f\u0103cut orice s\u0103 nu ne \u00eendrept\u0103m spre extrema dreapt\u0103. Parc\u0103 oamenii deja uitaser\u0103 de similaritatea perioadei actuale cu cea de dinaintea Celui de-Al Doilea R\u0103zboi Mondial.<\/p>\n<p style=\"text-align: justify;\">\u00a0\u00a0\u00a0\u00a0\u00a0\u00a0\u00a0\u00a0\u00a0\u00a0\u00a0 Rom\u00e2nia ardea. Europa ardea. Lumea ardea. Zilnic, pe drumul spre liceu auzeam oamenii vorbind \u00een autobuz depre alegeri. La \u0219coal\u0103, colegii mei discutau. Prietenii mei doar asta dezb\u0103teau. Re\u021belele de socializare, canalele TV, familia, totul era despre alegerile preziden\u021biale. Eram comple\u0219it\u0103 de at\u00e2ta informa\u021bie. Tinerii ie\u0219eau la proteste, oglindind situa\u021bia noastr\u0103 cu cea a Georgiei.<\/p>\n<p style=\"text-align: justify;\">\u00a0\u00a0\u00a0\u00a0\u00a0\u00a0\u00a0\u00a0\u00a0\u00a0\u00a0 \u00cen ziua celui de-al doilea tur electoral, m\u0103 aflam \u00een sufragerie al\u0103turi de cei mai buni prieteni ai mei, a\u0219tept\u00e2nd cu ner\u0103bdare rezultatele. Eram at\u00e2t de emo\u021biona\u021bi \u00eenc\u00e2t toat\u0103 via\u021ba noastr\u0103, parc\u0103, ar fi depins de acea zi. C\u00e2nd numele domnului Mure\u0219ean a fost anun\u021bat, o t\u0103cere de morm\u00e2nt s-a l\u0103sat \u00een camer\u0103. Acela era \u00eenceputul declinului nostru.<\/p>\n<p style=\"text-align: justify;\">\u00a0\u00a0\u00a0\u00a0\u00a0\u00a0\u00a0\u00a0\u00a0\u00a0\u00a0 Luni mai t\u00e2rziu, serviciul militar obligatoriu a fost introdus \u00een \u021bara noastr\u0103 pentru b\u0103rba\u021bi, parlamentul fiind format, de asemenea, din partide de extrem\u0103 dreapt\u0103 \u0219i fiind de acord cu acea decizie \u00een propor\u021bie de peste 50%. Pre\u0219edintele credea c\u0103 armata avea s\u0103 \u00eei disciplineze pe tineri \u0219i s\u0103-i preg\u0103teasc\u0103 pentru un r\u0103zboi ce p\u0103rea a bate la u\u0219\u0103.<\/p>\n<p style=\"text-align: justify;\">\u00a0\u00cen acea zi, \u00eenc\u0103 \u00eemi aminteam momentele \u00een care \u00eemi luam la revedere de la cei mai buni prieteni ai mei de sex masculin. \u021aara se preg\u0103tea de un r\u0103zboi despre care nimeni nu vorbea, dar al c\u0103rui aer se sim\u021bea \u00een atmosfera.<\/p>\n<p style=\"text-align: justify;\">\u00cen zilele prezente, st\u00e2nd pe canapea \u0219i sorbind din cafea, regretam c\u0103 la acea vreme nu am \u0219tiut cum s\u0103 \u00eemi exprim opinia \u00een mod public \u0219i s\u0103 aduc toate argumentele pentru care aveam s\u0103 c\u0103dem \u00een plasa pericolului. Nu voiam s\u0103 influen\u021bezez oamenii s\u0103 \u00ee\u0219i schimbe votul. Voiam doar s\u0103 le aduc o perspectiv\u0103 asupra unui subiect de care eram foarte pasionat\u0103. Nu m\u0103 a\u0219teptam neap\u0103rat ca cineva s\u0103 cread\u0103 o fat\u0103 de doar optsprezece ani, dar, poate, pentru unii a\u0219 fi trezit spiritul investiga\u021biei \u0219i ar fi ascultat \u00een mod obiectiv fiecare candidat, m\u0103car pentru o s\u0103pt\u0103m\u00e2n\u0103.<\/p>\n<p style=\"text-align: justify;\">Cu toate acestea, \u00een 2028, regretele datate \u00een urm\u0103 cu trei ani nu mai f\u0103ceau o mare diferen\u021b\u0103. Sistemul politic \u00een care tr\u0103iam se apropia din ce \u00een ce mai mult de distopie dec\u00e2t de realitate. Poate c\u0103 nici cel\u0103lalt candidat nu ne-ar fi oferit stabilitate, dar cine \u0219tie? \u00cenc\u0103 din cel de-al doilea tur am presim\u021bit c\u0103 o parte din faptele comise s-ar fi \u00eent\u00e2mplat \u0219i cu toate acestea, de ce nu am avut curajul s\u0103 \u00eemi exprim opinia?<\/p>\n","protected":false},"excerpt":{"rendered":"<p>[debut] de Alexandra Florina Gu\u021b\u0103 Anul 2028. Soarele parc\u0103 nu mai str\u0103lucea a\u0219a cum o f\u0103cea odinioar\u0103, iar eu m\u0103 sim\u021beam tot mai obosit\u0103 din cauza facult\u0103\u021bii. Lucram pentru a deveni avocat, \u00eens\u0103 \u00een zilele noastre, cuv\u00e2ntului dreptate nu prea \u00eei mai g\u0103seam un sens at\u00e2t de u\u0219or de explicat. \u00a0\u00a0\u00a0\u00a0\u00a0\u00a0\u00a0\u00a0\u00a0\u00a0\u00a0 Rom\u00e2nia, al\u0103turi de alte [&hellip;]<\/p>\n","protected":false},"author":2,"featured_media":0,"comment_status":"open","ping_status":"open","sticky":false,"template":"","format":"standard","meta":{"jetpack_post_was_ever_published":false,"_jetpack_newsletter_access":"","_jetpack_dont_email_post_to_subs":false,"_jetpack_newsletter_tier_id":0,"_jetpack_memberships_contains_paywalled_content":false,"_jetpack_memberships_contains_paid_content":false,"footnotes":""},"categories":[1730,15],"tags":[1736,1310,1728,1115],"class_list":["post-15499","post","type-post","status-publish","format-standard","hentry","category-egophobia-83","category-proza","tag-alexandra-florina-guta","tag-debut","tag-egophobia-83","tag-proza"],"jetpack_featured_media_url":"","jetpack_sharing_enabled":true,"jetpack_shortlink":"https:\/\/wp.me\/s6DakB-51","_links":{"self":[{"href":"https:\/\/egophobia.ro\/index.php?rest_route=\/wp\/v2\/posts\/15499","targetHints":{"allow":["GET"]}}],"collection":[{"href":"https:\/\/egophobia.ro\/index.php?rest_route=\/wp\/v2\/posts"}],"about":[{"href":"https:\/\/egophobia.ro\/index.php?rest_route=\/wp\/v2\/types\/post"}],"author":[{"embeddable":true,"href":"https:\/\/egophobia.ro\/index.php?rest_route=\/wp\/v2\/users\/2"}],"replies":[{"embeddable":true,"href":"https:\/\/egophobia.ro\/index.php?rest_route=%2Fwp%2Fv2%2Fcomments&post=15499"}],"version-history":[{"count":1,"href":"https:\/\/egophobia.ro\/index.php?rest_route=\/wp\/v2\/posts\/15499\/revisions"}],"predecessor-version":[{"id":15500,"href":"https:\/\/egophobia.ro\/index.php?rest_route=\/wp\/v2\/posts\/15499\/revisions\/15500"}],"wp:attachment":[{"href":"https:\/\/egophobia.ro\/index.php?rest_route=%2Fwp%2Fv2%2Fmedia&parent=15499"}],"wp:term":[{"taxonomy":"category","embeddable":true,"href":"https:\/\/egophobia.ro\/index.php?rest_route=%2Fwp%2Fv2%2Fcategories&post=15499"},{"taxonomy":"post_tag","embeddable":true,"href":"https:\/\/egophobia.ro\/index.php?rest_route=%2Fwp%2Fv2%2Ftags&post=15499"}],"curies":[{"name":"wp","href":"https:\/\/api.w.org\/{rel}","templated":true}]}}