{"id":15794,"date":"2025-06-15T18:05:54","date_gmt":"2025-06-15T16:05:54","guid":{"rendered":"https:\/\/egophobia.ro\/?p=15794"},"modified":"2025-12-15T23:53:10","modified_gmt":"2025-12-15T21:53:10","slug":"10-realityshow","status":"publish","type":"post","link":"https:\/\/egophobia.ro\/?p=15794","title":{"rendered":"10 #realityshow"},"content":{"rendered":"<p style=\"text-align: justify;\"><strong>[fragment din romanul \u201e<a href=\"https:\/\/edituradatagroup.ro\/products\/raul-cel-mai-mic\" target=\"_blank\" rel=\"noopener\">R\u0103ul cel mai mic<\/a>\u201d, Editura Datagroup, 2025]\u00a0<\/strong><\/p>\n<p style=\"text-align: right;\">de Sorin-Mihai Grad<\/p>\n<p style=\"text-align: justify;\">\u2014Promiteam o treab\u0103 cu Ziggy Ba L\u2019Hiverne, uite c\u0103 am reu\u0219it s\u0103 ne aliniem \u0219i s-o facem a\u0219a cum trebuie. Omul e haios \u0219i de\u0219tept, zici c\u0103-i subsemnatu\u2019 dup\u0103 o lun\u0103 \u00een Africa. Chiar dac\u0103-i super-ocupat cu campania electoral\u0103, a reu\u0219it s\u0103-mi ofere o zi \u00eentreag\u0103 \u00een care am f\u0103cut o gr\u0103mad\u0103 de nebunii \u00eempreun\u0103. Ne-am dat \u0219i \u00een ma\u0219inu\u021be bu\u0219itoare, am fost la pia\u021b\u0103 \u0219i la un t\u00e2rg de animale, plus o baie de mul\u021bime \u00een centru. I-am dat ocazia s\u0103 g\u0103teasc\u0103 pentru mine \u0219i familia mea, a ajutat la vopsitul unui gard \u0219i a plantat copaci \u00eentr-un parc, unde a \u0219i ajutat ni\u0219te copii la teme. \u0218i au mai fost \u0219i altele, ziua a trecut ca rapidu\u2019 prin halt\u0103. Frate-meu ne-a filmat peste tot \u0219i pe m\u00e2ine sear\u0103 sper s\u0103 v\u0103 putem da materialul pe toate canalele noastre. Nu \u0219tiu dac-o s\u0103 ias\u0103 o juma\u2019 d-or\u0103, o or\u0103 sau mai mult, <em>fratello<\/em> e Spielberg <em>featuring<\/em> Lucas la faza asta, da\u2019 v\u0103 garantez c-o s\u0103 v\u0103 plac\u0103. Iar ca s\u0103 finaliz\u0103m ziua a\u0219a cum trebuie, facem \u0219i un <em>live.<\/em> Nu v\u0103 pierde\u021bi vremea la televizor, sta\u021bi cu ochii \u0219i urechile la noi \u0219i s\u0103ri\u021bi cu \u00eentreb\u0103ri \u00een comentarii. Premiul pentru cea mai tare e un topor de calitate oferit de W\u00e4sl\u00fcy SRL.<!--more--><\/p>\n<p style=\"text-align: justify;\">\u2014Nu glume\u0219te, acesta e toporul de care \u00eel pute\u021bi sc\u0103pa pe domnul Topori\u0219c\u0103.<\/p>\n<p style=\"text-align: justify;\">\u2014F\u0103r\u0103 autograf, dar cu amprentele lui Zig Ba L\u2019Hiverne. Dac\u0103 por\u021bi m\u00e2nu\u0219i c\u00e2nd scapi de soacr\u0103 cu ajutorul lui, Ziggy va avea nevoie de alibi.<\/p>\n<p style=\"text-align: justify;\">\u2014M\u0103i Gigi, ai uitat c\u0103-s \u00een campanie electoral\u0103? Pe cine crezi c\u0103 pot convinge s\u0103 m\u0103 voteze dac\u0103 vorbe\u0219ti de-astea despre mine?<\/p>\n<p style=\"text-align: justify;\">\u2014\u00cen primul r\u00e2nd nou\u0103zeci \u0219i to\u021bi la sut\u0103 din cei c\u0103s\u0103tori\u021bi. \u00cen al doilea, la c\u00e2te \u0219tiri dubioase au ap\u0103rut despre partidul vostru, crezi c\u0103 mai bag\u0103 cineva \u00een seam\u0103 c-ai avea tu amprente pe un topor?<\/p>\n<p style=\"text-align: justify;\">\u2014Oric\u00e2t de incredibil pare, io m\u0103 \u00een\u021beleg perfect cu soacr\u0103-mea. \u00ce\u021bi dai seama, am declarat-o soacra mea favorit\u0103.<\/p>\n<p style=\"text-align: justify;\">\u2014Nu pot s\u0103-mi dau seama, da\u2019 te cred, e\u0219ti excep\u021bia care confirm\u0103 regula. Sau spui asta ca s\u0103 c\u00e2\u0219tigi \u0219i voturile soacrelor?<\/p>\n<p style=\"text-align: justify;\">\u2014Recunosc c\u0103 sunt subiecte unde \u00een calitate de cet\u0103\u021bean am o anumit\u0103 opinie, iar \u00een calitate de politician, de\u0219i nu-s sigur dac\u0103 chiar poate fi considerat\u0103 o calitate s\u0103 fii politician, sunt nevoit s\u0103 expun public o alta. Dar cei doi se \u00een\u021beleg de minune \u00een leg\u0103tur\u0103 cu soacra mea preferat\u0103.<\/p>\n<p><img data-recalc-dims=\"1\" decoding=\"async\" class=\"aligncenter\" src=\"https:\/\/i0.wp.com\/i.vgy.me\/wp2A4j.jpg?w=812&#038;ssl=1\" \/><\/p>\n<p style=\"text-align: justify;\">\u2014D\u0103-ne atunci un exemplu unde \u0103\u0219tia doi se iau la cu\u021bite.<\/p>\n<p style=\"text-align: justify;\">\u2014Hai, m\u0103i, \u00ees \u00een campanie electoral\u0103. Lumea vrea s\u0103 aud\u0103 promisiuni m\u0103re\u021be \u0219i fanteziste, nu despre conflicte interioare.<\/p>\n<p style=\"text-align: justify;\">\u2014Deci te preg\u0103te\u0219ti deja s\u0103 fii ambasador?<\/p>\n<p style=\"text-align: justify;\">\u2014Pe asta de unde-ai mai scos-o?<\/p>\n<p style=\"text-align: justify;\">\u2014Faci pe diplomatul, iar dup\u0103 ce ies pe linie moart\u0103 politicienii \u00ee\u0219i aranjeaz\u0103 sinecuri, deseori pe la ambasade.<\/p>\n<p style=\"text-align: justify;\">\u2014\u00cenc\u0103 n-am intrat \u00een Casa Poporului \u0219i vrei s\u0103-mi planific via\u021ba postparlamentar\u0103?<\/p>\n<p style=\"text-align: justify;\">\u2014Serios? N-ai intrat \u00een Casa Poporului? Ce fel de rom\u00e2n e\u0219ti?<\/p>\n<p style=\"text-align: justify;\">\u2014S\u0103 \u0219tii c\u0103 nu e\u0219ti primul care se \u00eendoie\u0219te de rom\u00e2nitatea mea.<\/p>\n<p style=\"text-align: justify;\">\u2014Dac\u0103 faci parte din Partidul Adev\u0103rat Rom\u00e2nesc, \u00ee\u021bi asumi \u0219i asemenea nedumeriri.<\/p>\n<p style=\"text-align: justify;\">\u2014Cum naiba s\u0103 nu fiu rom\u00e2n? Nu-mi amintesc nimic de dinainte s\u0103 ajung aici, vorbesc cu accent de Cluuuj, \u0219tiu cu c\u00e2te i\u2019uri se scrie membri \u0219i \u00een ce jude\u021b e Aninoasa, ce altceva mai vrei de la mine?<\/p>\n<p style=\"text-align: justify;\">\u2014Nu te ambala, frate! Chiar a\u0219a, \u0219tie cineva dintre voi cei care ne urm\u0103ri\u021bi unde e Aninoasa? Cineva scrie pe chat D\u00e2mbovi\u021ba, altcineva Gorj sau V\u00e2lcea. Sta\u021bi jos, ave\u021bi doi la geografie pentru azi. Zigule, f\u0103-\u021bi campanie.<\/p>\n<p style=\"text-align: justify;\">\u2014Deci vota\u021bi-ne pe noi, c\u0103 suntem dec\u00e2t cei mai tari.<\/p>\n<p style=\"text-align: justify;\">\u2014Promi\u021b\u0103tor \u00eenceput. Da\u2019 lipse\u0219te un m\u00e2nca\u021b\u2019a\u0219 ca s\u0103 fii cu adev\u0103rat conving\u0103tor.<\/p>\n<p style=\"text-align: justify;\">\u2014Las\u2019 c\u0103 mi l-ai ad\u0103ugat tu.<\/p>\n<p style=\"text-align: justify;\">\u2014Totu\u2019i bine c\u00e2nd se termin\u0103 cu bine.<\/p>\n<p style=\"text-align: justify;\">\u2014<em>Famous last words<\/em>. Prea mi-ai servit-o.<\/p>\n<p style=\"text-align: justify;\">\u2014Las\u0103 vr\u0103jeala, vr\u0103je\u0219te-ne!<\/p>\n<p style=\"text-align: justify;\">\u2014Cu pl\u0103cere. Pentru cei care au deschis mai t\u00e2rziu internetul, invitatul <em>live<\/em>\u2019ului de azi al vlogului vostru preferat este Zig Ba L\u2019Hiverne, secretarul general al Partidului Adev\u0103rat Rom\u00e2nesc, P:A:R.<\/p>\n<p style=\"text-align: justify;\">\u2014\u0218i dec\u00e2t s\u0103 v\u0103 b\u0103ga\u021bi ceva \u00een el de vot, mai bine b\u0103ga\u021bi P:A:R \u00een parlament.<\/p>\n<p style=\"text-align: justify;\">\u2014Pe scurt, da. \u0102sta e mesajul meu, acum putem vorbi despre ce vrei tu.<\/p>\n<p style=\"text-align: justify;\">\u2014Hai s\u0103 l\u0103murim pe veci, sunte\u021bi de st\u00e2nga sau de dreapta? Cei de la St\u00e2nga Unit\u0103 au dat chiar un comunicat \u00een care se delimiteaz\u0103 de voi, c-a\u021bi fi prea de dreapta, iar conservatorii v\u0103 fac neomarxi\u0219ti.<\/p>\n<p style=\"text-align: justify;\">\u2014\u00cen primul r\u00e2nd St\u00e2nga Unit\u0103 nu e chiar un reper, cele trei partide minuscule care s-au aliat sub acest nume pompos ar avea probleme s\u0103 umple un bloc de zece etaje cu membrii lor. Iar cine e-n politic\u0103 \u0219i \u00eenc\u0103 n-a primit eticheta de neomarxist consider c\u0103 are dificult\u0103\u021bi majore de percep\u021bie a realit\u0103\u021bii contemporane. Ei, pe scurt, st\u00e2nga ne consider\u0103 conservatori, dreapta st\u00e2ngi\u0219ti, iar cei din centru nu ne bag\u0103-n seam\u0103, fiind prea preocupa\u021bi cu propriile conflicte interne. Tu unde ne vezi?<\/p>\n<p style=\"text-align: justify;\">\u2014C\u0103lare pe situa\u021bie.<\/p>\n<p style=\"text-align: justify;\">\u2014Glumim, glumim, dar vorbim serios c\u00e2nd spunem c\u0103 nu urm\u0103m o ideologie anume. Ne inspir\u0103m de unde putem, \u00eens\u0103 e important s\u0103 specific c\u0103 m\u0103surile propuse de P:A:R nu sunt neap\u0103rat p\u0103rerile membrilor s\u0103i, ci idei cu care rezoneaz\u0103 poporul nostru.<\/p>\n<p style=\"text-align: justify;\">\u2014Iar poporul nostru e cam conservator de st\u00e2nga.<\/p>\n<p style=\"text-align: justify;\">\u2014E greu s\u0103-i pui o etichet\u0103 mai potrivit\u0103.<\/p>\n<p style=\"text-align: justify;\">\u2014Din ce spui, \u00een\u021beleg c\u0103 voi nu vre\u021bi s\u0103 face\u021bi ce e bine, ci ce vrea poporul.<\/p>\n<p style=\"text-align: justify;\">\u2014De obicei ce e bine nu se vede imediat. Pe moment vezi ce e mai u\u0219or, ce-\u021bi poate aduce imediat un c\u00e2\u0219tig sau o satisfac\u021bie, ce a fost sau ar fi fost bine afli doar \u00een retrospectiv\u0103.<\/p>\n<p style=\"text-align: justify;\">\u2014Unde tr\u0103iesc doar cet\u0103\u021benii din Republica Ideal\u0103 Rom\u00e2nia.<\/p>\n<p style=\"text-align: justify;\">\u2014O idee lansat\u0103 de \u0218tefan C. Mare, pre\u0219edintele P:A:R, care a prins trac\u021biune. Noi suntem convin\u0219i c\u0103 \u00een\u021belepciunea colectiv\u0103 a poporului nostru e mai benefic\u0103 \u021b\u0103rii dec\u00e2t ideile oric\u0103ruia dintre noi. Colect\u0103m idei, studiem cum rezoneaz\u0103 compatrio\u021bii no\u0219tri cu unele pe care le propunem noi, iar \u00een programul P:A:R ajung doar cele care au parte de sus\u021binere \u00een popor.<\/p>\n<p style=\"text-align: justify;\">\u2014Deci plagia\u021bi poporul, cu alte cuvinte.<\/p>\n<p style=\"text-align: justify;\">\u2014\u00cei oferim o oportunitate de a-\u0219i face cunoscute opiniile \u0219i, sper\u0103m, de a pune \u00een practic\u0103 solu\u021biile pe care le vede la problemele \u021b\u0103rii. Pentru asta, \u00eens\u0103, e nevoie s\u0103 ajungem \u00een parlament \u0219i la guvernare.<\/p>\n<p style=\"text-align: justify;\">\u2014L\u0103sa\u021bi-ne s\u0103 v\u0103 dezam\u0103gim!<\/p>\n<p style=\"text-align: justify;\">\u2014Da, e unul dintre sloganele noastre, al\u0103turi de <em>r\u0103ul cel mai mic<\/em>. Mai era \u0219i <em>s\u0103 ne fie bine<\/em>, dar n-a prins a\u0219a puternic precum celelalte \u0219i l-am cam neglijat \u00een ultima vreme.<\/p>\n<p style=\"text-align: justify;\">\u2014Ultima vreme? Sunte\u021bi un partid \u00eenfiin\u021bat \u00een acest an, totul e ultima vreme pentru voi.<\/p>\n<p style=\"text-align: justify;\">\u2014\u0218i eu care credeam c\u0103 m-ai invitat s\u0103 vorbim pentru c\u0103 \u021bi-s simpatic.<\/p>\n<p style=\"text-align: justify;\">\u2014De-aia a fost invita\u021bia, dar con\u021binutul nu-l controlezi. Te \u00eentreb orice vreau, astea-s regulile pe vlogul meu.<\/p>\n<p style=\"text-align: justify;\">\u2014D\u0103-i b\u0103taie.<\/p>\n<p style=\"text-align: justify;\">\u2014Hai s\u0103 vedem ce mai zice lumea pe chat. Iorgu din Aninoasa, pe tine nu te \u00eentreb din ce jude\u021b e\u0219ti. Ce vrei s\u0103 afli de la acest politician pe care am avut bun\u0103voin\u021ba s\u0103-l invit \u00een casa mea virtual\u0103?<\/p>\n<p style=\"text-align: justify;\">\u2014Zigule, dac\u0103-mi permi\u021bi, c\u0103 suntem de aceea\u0219i v\u00e2rst\u0103, ce planuri ave\u021bi ca s\u0103 elimina\u021bi re\u021belele de corup\u021bie din administra\u021bie?<\/p>\n<p style=\"text-align: justify;\">\u2014Iorgule, mersi pentru \u00eentrebare. \u00cenainte s\u0103-\u021bi r\u0103spund d\u0103-mi voie s\u0103 specific c\u0103 prefer ca lumea s\u0103 mi se adreseze pe numele mic, f\u0103r\u0103 domnisme.<\/p>\n<p style=\"text-align: justify;\">\u2014P\u0103i da, c\u0103 domni au fost \u0218tefan, Mihai, Mircea, nu bunicu-t\u0103u dup\u0103 care te-au botezat.<\/p>\n<p style=\"text-align: justify;\">\u2014Gigi, ai pus ca de obicei topori\u0219ca pe y. Iorgule, ideea care urmeaz\u0103 ne-a fost sugerat\u0103 de un sudor pensionar din Buz\u0103u \u0219i a adunat ova\u021bii unanime peste tot unde a fost discutat\u0103, a\u0219a c\u0103-s sigur c\u0103 va fi integrat\u0103 \u00een programul nostru parlamentar. Pe scurt, \u00een posturile de la stat s\u0103 nu mai poat\u0103 fi numi\u021bi politicieni, cu micile excep\u021bii unde nu se poate altfel. \u00cen rest, s\u0103 fie concursuri peste tot unde se poate, iar cei care au avut func\u021bii politice \u00een ultimii ani s\u0103 nu fie eligibili pentru ele. M\u0103car a\u0219a sper\u0103m s\u0103 reu\u0219im s\u0103 scuturam din caracati\u021bele care au cuprins administra\u021bia \u0219i institu\u021biile \u0219i companiile de stat.<\/p>\n<p style=\"text-align: justify;\">\u2014Cum naiba nu s-a g\u00e2ndit nimeni la asta p\u00e2n\u0103 acum?<\/p>\n<p style=\"text-align: justify;\">\u2014De ce s-ar g\u00e2ndi, c\u00e2nd interesul lor a fost mereu s\u0103-\u0219i plaseze bine oamenii care n-au fost reale\u0219i, rudele \u0219i prietenii lor?<\/p>\n<p style=\"text-align: justify;\">\u2014Ileana din Bor\u0219a, tu urmezi.<\/p>\n<p style=\"text-align: justify;\">\u2014Ave\u021bi \u00een plan o reform\u0103 a asigur\u0103rilor sociale?<\/p>\n<p style=\"text-align: justify;\">\u2014Mul\u021bumesc, Ileana. A\u021bi fi surprin\u0219i c\u00e2\u021bi compatrio\u021bi \u0219i-ar dori s\u0103 nu achite contribu\u021bii sociale. Unii pentru c\u0103 nu le \u00een\u021beleg utilitatea, al\u021bii pentru c\u0103 nu cred c\u0103 vor ajunge s\u0103 beneficieze de pe urma lor, \u0219i mai sunt \u0219i destui c\u0103rora nu le pas\u0103 de subiect \u0219i-\u0219i doresc doar s\u0103 primeasc\u0103 mai mult, acum. Cum se vor descurca \u00eentr-un viitor \u00een care vor fi b\u0103tr\u00e2ni \u0219i bolnavi e o problem\u0103 de rezolvat \u00eentr-un c\u00e2ndva foarte \u00eendep\u0103rtat. Pentru ace\u0219tia, am putea sus\u021bine introducerea unui model simplificat de asigur\u0103ri sociale care s\u0103 coste mai nimic \u0219i s\u0103 acopere la nevoie doar strictul necesar pentru subzisten\u021b\u0103 \u0219i servicii medicale de urgen\u021b\u0103, pentru c\u0103 oameni suntem cu to\u021bii.<\/p>\n<p style=\"text-align: justify;\">\u2014\u0218i pensia?<\/p>\n<p style=\"text-align: justify;\">\u2014Nimic, doar suma necesar\u0103 subzisten\u021bei. Nu a\u0219 \u00eencuraja pe nimeni s\u0103 adere la acest plan, dar lu\u0103m \u00een calcul s\u0103 propunem introducerea lui, c\u0103ci se pare c\u0103 exist\u0103 doritori.<\/p>\n<p style=\"text-align: justify;\">\u2014Voi sunte\u021bi con\u0219tien\u021bi c\u0103 o asemenea m\u0103sur\u0103 ne-ar \u00eentoarce \u00een zorii capitalismului s\u0103lbatic?<\/p>\n<p style=\"text-align: justify;\">\u2014Poporul nostru, st\u0103p\u00e2nul nostru.<\/p>\n<p style=\"text-align: justify;\">\u2014\u0218i oricine v\u0103 acuza c-a\u021bi fi de st\u00e2nga nu mai are deloc motive s-o fac\u0103.<\/p>\n<p style=\"text-align: justify;\">\u2014Catastrof\u0103 cosmic\u0103, ce mai&#8230;<\/p>\n<p style=\"text-align: justify;\">\u2014Serios acum, de unde le scoate\u021bi?<\/p>\n<p style=\"text-align: justify;\">\u2014Chiar crezi c\u0103 glumim c\u00e2nd ne dezv\u0103luim sursa ideilor din programul electoral?<\/p>\n<p style=\"text-align: justify;\">\u2014De acord, problema \u0219colilor f\u0103r\u0103 toalete trebuie rezolvat\u0103 urgent, dar unele m\u0103suri pe care le propune\u021bi \u00ees demne de <em>Gogonele<\/em>, nu de pus \u00een legi. S\u0103 nu se \u00een\u021beleag\u0103 c\u0103 parlamentu\u2019 nostru nu-i o glum\u0103 proast\u0103. C\u0103 e.<\/p>\n<p style=\"text-align: justify;\">\u2014Spre deosebire de glumele gogoneilor, care-s de obicei reu\u0219ite. Bine, m\u0103 repet, ce s\u0103 fac? Pe de o parte, colect\u0103m idei de la oameni, iar mai nou chiar ei ni le trimit, \u0219i, folosind mijloace \u0219tiin\u021bifice, studiem dac\u0103 e vorba de p\u0103reri izolate sau ale unei por\u021biuni semnificative dintre concet\u0103\u021benii no\u0219tri.<\/p>\n<p style=\"text-align: justify;\">\u2014Statistica este doar un mijloc de a ne sim\u021bi din c\u00e2nd \u00een c\u00e2nd speciali.<\/p>\n<p style=\"text-align: justify;\">\u2014Printre altele, dar s\u0103 \u0219tii c\u0103 e \u0219i util\u0103, pe alocuri.<\/p>\n<p style=\"text-align: justify;\">\u2014I-am dep\u0103\u0219it pe unguri la PIB pe c\u0103ciul\u0103.<\/p>\n<p style=\"text-align: justify;\">\u2014De exemplu. S\u0103 \u00eenchei totu\u0219i ideea anterioar\u0103. Pe l\u00e2ng\u0103 ideile cooptate din popor, mai propunem spre dezbatere \u0219i ce ne trece nou\u0103 prin cap, \u00eens\u0103 astea nu intr\u0103-n program dec\u00e2t dac\u0103 chiar prind la oameni. \u00cen principiu, ne baz\u0103m mai degrab\u0103 pe prima categorie, a\u0219 estima o propor\u021bie de 5 la 1 au a\u0219a ceva \u00een favoarea ei. Chiar suntem un partid altfel, bazat pe ce-\u0219i doresc oamenii, nu pe cum interpreteaz\u0103 c\u00e2\u021biva contemporani care viseaz\u0103 la func\u021bii ce-au aberat unii acum dou\u0103 secole.<\/p>\n<p style=\"text-align: justify;\">\u2014E\u0219ti dur cu doctrinele.<\/p>\n<p style=\"text-align: justify;\">\u2014Cum altfel s\u0103 fii azi? St\u00e2nga \u0219i dreapta \u00ees pove\u0219ti, proprietatea colectiv\u0103 nu func\u021bioneaz\u0103 la oameni, ecologia e o necesitate, iar homosexualitatea nu e boal\u0103. Hopa, aproape c\u0103 nu mai sunt teme pe care s\u0103 se contreze cei de orient\u0103ri politice diferite, trebuie s-o iei spre extreme ca s\u0103 g\u0103se\u0219ti ceva ce \u0103ialal\u021bi n-au.<\/p>\n<p style=\"text-align: justify;\">\u2014Unii ar spune c\u0103 doctrinele evolueaz\u0103.<\/p>\n<p style=\"text-align: justify;\">\u2014Unele spre altele. Acum c\u00e2teva alegeri \u00een Germania platformele cre\u0219tin-democra\u021bilor \u0219i social-democra\u021bilor deveniser\u0103 foarte asem\u0103n\u0103toare, iar candida\u021bii lor principali aproape c\u0103 nu se contrau, de r\u00e2deau ziarele c\u0103 lumea are parte de un duet, nu duel, electoral. Iar ce se \u00eent\u00e2mpl\u0103 la noi e o zacusc\u0103 total\u0103, cu liberali m\u0103rind taxe, sociali\u0219ti reduc\u00e2ndu-le \u0219i conservatori preocupa\u021bi de m\u0103rirea pensiilor.<\/p>\n<p style=\"text-align: justify;\">\u2014Cum \u021bi se pare caracterizarea P:A:R de pe conserva.ro?<\/p>\n<p style=\"text-align: justify;\">\u2014E cel mai haios site politic de la noi. \u0218i n-o spun doar pentru c-o \u0219tiu pe fondatoarea lui, o fat\u0103 de milioane. \u00cemi place mult \u0219i <em>Gogonele<\/em>, cu glumele lor directe, dar <em>Conserva<\/em> e mai subtil, pentru multe poante e nevoie de un anumit <em>background<\/em> ca s\u0103 le pricepi pe deplin. \u0218i mi se pare superb c\u0103 exist\u0103 oameni care iau de bun ce scrie acolo, chiar dac\u0103 pe prima pagin\u0103 scrie clar c\u0103 e o conserv\u0103 de idei drepte ap\u0103rut\u0103 \u00een semn de protest fa\u021b\u0103 de st\u00e2ng\u0103cia politicienilor rom\u00e2ni. Iar ce-a scris despre P:A:R a fost pur \u0219i simplu delicios. At\u00e2tea cli\u0219ee stupide adunate \u00eentr-un loc nu g\u0103se\u0219ti nici la cei care ne \u00eenjur\u0103 pe bune.<\/p>\n<p style=\"text-align: justify;\">\u2014Anghelu\u021b\u0103 te \u00eentreab\u0103 pe chat ce sentimente ai fa\u021b\u0103 de Liberia dac\u0103 te consideri rom\u00e2n.<\/p>\n<p style=\"text-align: justify;\">\u2014Am fost recent al\u0103turi de \u0218tefan C. Mare \u00eentr-un miniturneu prin diaspora. Una dintre problemele ridicate de mai mul\u021bi dintre rom\u00e2nii cu care am vorbit a fost cea a asimil\u0103rii copiilor lor \u00een \u021b\u0103rile \u00een care locuiesc. Le-am explicat c\u0103 eu, chiar dac\u0103 am fost de c\u00e2teva ori \u00een Liberia \u0219i \u021bin \u0219i cu echipa lor na\u021bional\u0103 de fotbal, m\u0103 consider rom\u00e2n. Uite, la un meci Rom\u00e2nia \u2013 Liberia \u021bin cu am\u0103r\u00e2\u021bii no\u0219tri. No\u0219tri, adic\u0103 rom\u00e2nii. C\u00e2nd vorbesc despre noi, m\u0103 refer la rom\u00e2ni, f\u0103r\u0103 s\u0103 m\u0103 g\u00e2ndesc. A\u0219a e \u0219i cu copiii lor, vorbesc la \u0219coal\u0103 sau la munc\u0103 doar pe limba local\u0103 \u0219i ajung s\u0103 se identifice locului respectiv. F\u0103r\u0103 ca asta s\u0103 fie o problem\u0103. Ce am mai remarcat, e c\u0103 la rom\u00e2ni integrarea \u00een \u021bara de domiciliu e \u00eencurajat\u0103 \u00een familie, cel pu\u021bin la \u00eenceput, iar c\u00e2nd devine oarecum problematic\u0103 e prea t\u00e2rziu pentru a mai schimba ceva. Imigran\u021bii din alte na\u021bii tr\u0103iesc genera\u021bii la r\u00e2nd \u00een enclave f\u0103r\u0103 a se integra cu adev\u0103rat, ru\u0219ii sau turcii, de exemplu. Asta mi se pare c\u0103 e o gre\u0219eal\u0103, de ce naiba stai acolo, dac\u0103 nu profi\u021bi cu adev\u0103rat de noile perspective? Ca s\u0103 r\u0103spund concret la \u00eentrebare, cred c\u0103 Liberia e pentru mine a treia \u021bar\u0103 \u00een ordinea importan\u021bei dup\u0103 Rom\u00e2nia \u0219i Moldova. Le doresc tot binele, ajut c\u00e2nd \u0219i cum pot, dar nu m\u0103 v\u0103d locuind acolo \u0219i nici nu prea urm\u0103resc ce se \u00eent\u00e2mpl\u0103 acolo. Am rude liberiene cu care \u021bin leg\u0103tura at\u00e2t acolo, c\u00e2t \u0219i prin Europa, dar cam at\u00e2t. Nu am abonamente sau alerte la \u0219tiri despre Liberia, nu am cet\u0103\u021benia liberian\u0103. Am pierdut-o c\u00e2nd am primit-o pe cea rom\u00e2n\u0103. Abia de cur\u00e2nd s-a schimbat legisla\u021bia \u0219i a\u0219 avea dreptul s-o redob\u00e2ndesc, dar nu m\u0103 intereseaz\u0103.<\/p>\n<p style=\"text-align: justify;\">\u2014Azorel te \u00eentreab\u0103 dac\u0103 P:A:R are \u00een vedere ceva legat de drepturile animalelor.<\/p>\n<p style=\"text-align: justify;\">\u2014Exist\u0103 legisla\u021bie pentru protejarea drepturilor animalelor. E \u00eembun\u0103t\u0103\u021bibil\u0103, de acord, dar m\u0103car nu pornim chiar de la zero. Sunt probleme \u0219i cu aplicarea acestor legi. \u00cen general, profilul partidului nostru ne ajut\u0103 s\u0103 identific\u0103m \u0219i propunem m\u0103suri \u00een care \u0219i noi credem, \u00een domeniu protec\u021biei animalelor \u00eens\u0103, acest lucru se \u00eentoarce \u00eempotriva noastr\u0103 pe alocuri. Exemplu concret, am e\u0219uat \u00een a g\u0103si o majoritate dispus\u0103 s\u0103 sus\u021bin\u0103 interzicerea \u021binerii c\u00e2inilor \u00een lan\u021b. \u00centr-o \u021bar\u0103 \u00een care aceast\u0103 practic\u0103 este foarte r\u0103sp\u00e2ndit\u0103, mai ales \u00een mediul rural, nu ajung opiniile c\u00e2torva iubitori de animale, de obicei din mediul urban, conform c\u0103rora e barbar s\u0103 \u021bii c\u00e2inele legat.<\/p>\n<p style=\"text-align: justify;\">\u2014\u0218i ce ave\u021bi de g\u00e2nd s\u0103 face\u021bi totu\u0219i?<\/p>\n<p style=\"text-align: justify;\">\u2014Nu avem cum for\u021ba pe nimeni s\u0103-\u0219i schimbe opinia \u0219i nici nu urm\u0103rim s\u0103 g\u0103sim vreo tehnicalitate care s\u0103 ne permit\u0103 s\u0103 interzicem \u021binerea c\u00e2inilor \u00een lan\u021b, chiar dac\u0103 majoritatea poporului e \u00eempotriv\u0103. \u00cen acest caz vom miza pe educa\u021bie. Exist\u0103 studii \u0219tiin\u021bifice despre urm\u0103rile nepl\u0103cute ale \u021binutului c\u00e2inilor lega\u021bi asupra acestora. Trebuie s\u0103 le populariz\u0103m rezultatele.<\/p>\n<p style=\"text-align: justify;\">\u2014Chiar a\u0219a, ce face\u021bi c\u00e2nd voi vre\u021bi o chestie, dar poporul contrarul? Ca-n cazu\u2019 pot\u0103ilor \u00eenl\u0103n\u021buite.<\/p>\n<p style=\"text-align: justify;\">\u2014Vom pune accentul pe educa\u021bie \u0219i dezbateri. C\u00e2nd e ceva cu adev\u0103rat important, ne vom da toat\u0103 silin\u021ba ca s\u0103 ob\u021binem o sus\u021binere popular\u0103 puternic\u0103 a proiectului, f\u0103r\u0103 a recurge la \u0219iretlicuri.<\/p>\n<p style=\"text-align: justify;\">\u2014Adic\u0103 f\u0103r\u0103 s\u0103 m\u0103slui\u021bi numere \u0219i alde astea? Io te cred, jup\u00e2ne, dar pe al\u021bii cum \u00eei convinge\u021bi? C\u0103 pe ochi frumo\u0219i&#8230; S-o fi declar\u00e2nd credincio\u0219i rom\u00e2nii, da\u2019 transforma\u021bi \u00eent\u00e2i apa-n vin, ca s\u0103-i c\u00e2\u0219tiga\u021bi de partea voastr\u0103.<\/p>\n<p style=\"text-align: justify;\">\u2014Dac\u0103 nu m-ai fi-ntrebat, probabil c\u0103 nu-mi trecea prin cap s\u0103 fac public c\u0103 P:A:R lucreaz\u0103 cu un birou notarial care certific\u0103 rezultatele tuturor cercet\u0103rilor legate de stabilirea programului electoral. Am mai spus-o \u0219i eu, au zis \u0219i al\u021bii, lucr\u0103m cu mijloace \u0219tiin\u021bifice, nu discut\u0103m cu trei be\u021bivi c\u0103rora le pl\u0103tim c\u00e2te-o cinzeac\u0103 \u0219i \u0103\u0219tia ne confirm\u0103 toate fanteziile.<\/p>\n<p style=\"text-align: justify;\">\u2014\u0218i dac\u0103 descoperi\u021bi c\u0103 nou\u0103 rom\u00e2nilor ne place s\u0103 fim min\u021bi\u021bi?<\/p>\n<p style=\"text-align: justify;\">\u2014Proclam\u0103m \u00eent\u00e2i aprilie ca zi na\u021bional\u0103.<\/p>\n<p style=\"text-align: justify;\">\u2014Ne las\u0103 ciprio\u021bii?<\/p>\n<p style=\"text-align: justify;\">\u2014Nu \u0219tiu dac\u0103 e nevoie s\u0103 le cerem permisiunea, nu cred c\u0103 e ca la steaguri c\u00e2nd ne-am ciond\u0103nit cu Ciadul. Din ce \u0219tiu, exist\u0103 \u021b\u0103ri care se s\u0103rb\u0103toresc deodat\u0103. Oricum, dac\u0103 \u0219tie cineva sigur, i-a\u0219 fi recunosc\u0103tor dac\u0103 ne-ar contacta. Dar tu cum de-ai dat de informa\u021bia c\u0103 ziua na\u021bional\u0103 a Ciprului e pe-nt\u00e2i aprilie? \u0218i cum de-ai re\u021binut-o?<\/p>\n<p style=\"text-align: justify;\">\u2014Secret profesional. C\u00e2nd mergi \u00een alt\u0103 \u021bar\u0103, e recomandabil s\u0103 \u0219tii dac\u0103 nimere\u0219ti peste zile libere pe acolo, s\u0103 nu te pomene\u0219ti c-ai de mers c\u00e2\u021biva kilometri p\u00e2n\u0103 la urm\u0103toarea benzin\u0103rie doar ca s\u0103-\u021bi iei un sandvici.<\/p>\n<p style=\"text-align: justify;\">\u2014Ha, ha, ai p\u0103\u021bit-o \u0219i tu?<\/p>\n<p style=\"text-align: justify;\">\u2014Nu recunosc nimic. Hai c\u0103 trec iar io la-ntreb\u0103ri.\u00a0 Ce ve\u021bi face ca s\u0103 crea\u021bi locuri de munc\u0103?<\/p>\n<p style=\"text-align: justify;\">\u2014\u00ce\u021bi mul\u021bumesc pentru \u00eencredere. Ca s\u0103 fim \u00een pozi\u021bia de a contribui la crearea de locuri de munc\u0103 trebuie s\u0103 fim \u00een parlament.<\/p>\n<p style=\"text-align: justify;\">\u2014Cu pl\u0103cere, dar nu neap\u0103rat.<\/p>\n<p style=\"text-align: justify;\">\u2014Las\u0103-m\u0103, frate, s\u0103 m\u0103 bucur c\u0103 ne sus\u021bii.<\/p>\n<p style=\"text-align: justify;\">\u2014Am zis c\u0103 v\u0103 votez \u0219i te-am chemat s\u0103-i convingi \u0219i pe al\u021bii, dar n-o s\u0103 m\u0103 vezi f\u0103c\u00e2ndu-v\u0103 propagand\u0103 sau cu carnet de membru de partid.<\/p>\n<p style=\"text-align: justify;\">\u2014S\u0103 \u0219tii c\u0103 abia cu pu\u021bin peste jum\u0103tate dintre rom\u00e2ni sus\u021bin necesitatea cre\u0103rii de noi locuri de munc\u0103. Acum c\u00e2\u021biva ani procentul era mai mare, chiar mult mai mare, \u00eens\u0103 acum oamenii vor doar bani, f\u0103r\u0103 ca ob\u021binerea acestora s\u0103 fie legat\u0103 de un loc de munc\u0103. Pe scurt, vrem o via\u021b\u0103 ca pe instagram, f\u0103r\u0103 \u00eens\u0103 s\u0103 ne dorim s\u0103 muncim s\u0103 o avem. Nu zic c\u0103 nu muncim, spun c\u0103 nu ne dorim s-o facem. Noi ca popor, nu noi doi sau noi P:A:R.<\/p>\n<p style=\"text-align: justify;\">\u2014Recunosc c\u0103 nici io nu-s fan al muncitului, da\u2019 dup\u0103 o vreme te obi\u0219nuie\u0219ti.<\/p>\n<p style=\"text-align: justify;\">\u2014Iar tu e\u0219ti dintre cei care \u0219i-au transformat <em>hobby<\/em>ul \u00een profesie. Ce s\u0103 mai spun\u0103 cei care dau la lopat\u0103? Revenind, oamenii vor s\u0103 aib\u0103 bani, a\u0219a c\u0103, glumind, am propus s\u0103 trecem \u00een programul P:A:R c\u0103 vom da bani oamenilor. A\u0219a, pur \u0219i simplu, tip\u0103rim bani \u0219i-i distribuim. Economi\u0219tii sus\u021bin c\u0103 infla\u021bia e bun\u0103, a\u0219a c\u0103 hai s\u0103 d\u0103m bani poporului, m\u0103rind \u00een acela\u0219i timp infla\u021bia. <em>Win-win!<\/em><\/p>\n<p style=\"text-align: justify;\">\u2014E\u0219ti nebun, frate!<\/p>\n<p style=\"text-align: justify;\">\u2014\u00ce\u021bi mul\u021bumesc, am petrecut o zi \u00eentreag\u0103 \u00eempreun\u0103 \u0219i abia acum \u00eemi faci un compliment.<\/p>\n<p style=\"text-align: justify;\">\u2014Realizezi c\u0103 tocmai ai recunoscut pe band\u0103 c\u0103 e\u0219ti pe l\u00e2ng\u0103 la economie?<\/p>\n<p style=\"text-align: justify;\">\u2014\u021aie \u021bi s-a p\u0103rut vreodat\u0103 c\u0103 ar conta la alegeri competen\u021ba \u00een economie? Oamenii se plictisesc repede c\u00e2nd aud speciali\u0219ti \u0219i savan\u021bi povestind crai verzi pe pere\u021bi. De ce s\u0103 nu fiu cinstit? Nu-i cazul s\u0103-mi ascund ignoran\u021ba, oamenii apreciaz\u0103 mai mult sinceritatea dec\u00e2t competen\u021ba. Drept dovad\u0103, vezi oricare alegeri din 1989 \u00eencoace.<\/p>\n<p style=\"text-align: justify;\">\u2014Chiar crezi c-a contat undeva sinceritatea? At\u00e2t de pu\u021bin\u0103 c\u00e2t\u0103 ni s-a oferit \u0219i nou\u0103.<\/p>\n<p style=\"text-align: justify;\">\u2014Nu prea. Dar competen\u021ba nici m\u0103car at\u00e2t.<\/p>\n<p style=\"text-align: justify;\">\u2014Milu\u021b de la Haita Votan\u021bilor la Mi\u0219to zice c\u0103 voi le p\u0103re\u021bi cel mai mi\u0219to partid la mi\u0219to care candideaz\u0103 la alegerile astea \u0219i o s\u0103 v\u0103 voteze.<\/p>\n<p style=\"text-align: justify;\">\u2014Dac\u0103 ne voteaz\u0103 HVM, ne-am scos! Respect, Milu\u021b! Dou\u0103 aspecte aici, de fapt trei. \u00cen principiu, mul\u021bumim anticipat pentru fiecare vot, indiferent de unde vine \u0219i ce-l motiveaz\u0103. Vot cu vot se adun\u0103 procentele necesare ca s\u0103 dep\u0103\u0219im pragul electoral. \u00cen al doilea r\u00e2nd, noi, P:A:R, nu suntem un partid la mi\u0219to, precum cele ale b\u0103utorilor de bere sau altele asemenea. Nu cerem bazaconii precum construirea de f\u00e2nt\u00e2ni de bere sau \u00eenfiin\u021barea de clinici pentru dependen\u021bii de oxigen. De fapt nu cerem nimic, nu suntem protestatari, noi propunem. \u0218i nu propunem un program bazat pe dorin\u021bele noastre, propunem un nou mod de abordare a politicii &#8211; aleg\u0103torii decid dac\u0103 \u00ee\u0219i doresc a\u0219a ceva, ca vocile \u0219i nevoile lor s\u0103 fie auzite \u00eentr-un mod mai direct dec\u00e2t p\u00e2n\u0103 acum, sau nu. \u00cen general, nimeni n-ar trebui s\u0103 voteze la b\u0103\u0219c\u0103lie, ci dup\u0103 o analiz\u0103 critic\u0103 \u00een care fiecare alege partidul sau alian\u021ba sau candidatul care-i reprezint\u0103 cel mai bine interesele.<\/p>\n<p style=\"text-align: justify;\">\u2014La noi \u0219tii c\u0103 nu-i cazul. Ce zice primaru\u2019, cine sare cu uleiu\u2019, astea-s interesele primordiale, nu cre\u0219terea economic\u0103 sau dezvoltarea infrastructurii.<\/p>\n<p style=\"text-align: justify;\">\u2014Iar \u00een al patrulea r\u00e2nd, uite c-am mai scos o idee, sunt foarte bucuros c\u0103 la noi nu exist\u0103 un partid al b\u0103utorilor de bere. Cu el \u00een joc, n-am avea nici o \u0219ans\u0103 la voturile HVM. Astea fiind spuse, eu sunt un simpatizant al Haitei de c\u00e2nd am citit despre \u00eenfiin\u021barea ei \u0219i m\u0103 bucur c\u0103 ace\u0219ti oameni se implic\u0103 \u0219i particip\u0103 la vot, chiar dac\u0103, din ce \u00een\u021beleg, nu se simt reprezenta\u021bi de nimeni dintre candida\u021bi \u0219i aleg s\u0103 voteze pe criterii diferite de cele ale majorit\u0103\u021bii.<\/p>\n<p style=\"text-align: justify;\">\u2014Hai, breuceanule, c\u0103 majoritatea voteaz\u0103 f\u0103r\u0103 s\u0103-\u0219i pun\u0103 c\u0103p\u0103\u021b\u00e2na la treab\u0103. Ulei, <em>remember<\/em>?<\/p>\n<p style=\"text-align: justify;\">\u2014Deci, Milu\u021b \u0219i Haita, P:A:R v\u0103 mul\u021bume\u0219te anticipat pentru sus\u021binere.<\/p>\n<p style=\"text-align: justify;\">\u2014Ce p\u0103rere ai despre cei care v\u0103 critic\u0103?<\/p>\n<p style=\"text-align: justify;\">\u2014Excelent\u0103, c\u00e2nd critica e la obiect. \u00cen general, \u00eencerc\u0103m s\u0103 lu\u0103m ce se poate din orice opinie critic\u0103 despre P:A:R, au fost chiar unele cazuri \u00een care ne-au ajutat s\u0103 progres\u0103m.<\/p>\n<p style=\"text-align: justify;\">\u2014Ce po\u021bi stoarce din ce spun cei care v-au proclamat vagabonzi \u0219i tr\u0103d\u0103tori de \u021bar\u0103?<\/p>\n<p style=\"text-align: justify;\">\u2014O lacrim\u0103 pentru starea lor sufleteasc\u0103 \u0219i intelectual\u0103.<\/p>\n<p style=\"text-align: justify;\">\u2014B\u0103, frate, iar m-ai f\u0103cut s\u0103 r\u00e2d ca nebunu\u2019. Chemi omu\u2019 s\u0103 vorbi\u021bi chestii serioase, iar el se crede la <em>stand-up<\/em>.<\/p>\n<p style=\"text-align: justify;\">\u2014Nu te-ai s\u0103turat s\u0103 ai de ales \u00eentre Morgel, Morgu\u021ba \u0219i Morgescu?<\/p>\n<p style=\"text-align: justify;\">\u2014Eeeee, Morgu\u021ba.<\/p>\n<p style=\"text-align: justify;\">\u2014E m\u0103ritat\u0103.<\/p>\n<p style=\"text-align: justify;\">\u2014\u0218i ce conteaz\u0103? Chiar crezi c\u0103 dac\u0103 v\u0103 prezenta\u021bi a\u0219a, mai relaxa\u021bi, mai nu \u0219tiu, normali, o s\u0103 v\u0103 voteze lumea?<\/p>\n<p style=\"text-align: justify;\">\u2014Tu ai vota doar un om serios, la costum?<\/p>\n<p style=\"text-align: justify;\">\u2014Deloc. Am anun\u021bat deja c\u0103 votez cu voi, iar pe tine nu te-am v\u0103zut niciodat\u0103 la costum.<\/p>\n<p style=\"text-align: justify;\">\u2014S\u0103 precizez c\u0103, de\u0219i \u00ee\u021bi urm\u0103resc canalul de ceva vreme&#8230;<\/p>\n<p style=\"text-align: justify;\">\u2014A, deci tu e\u0219ti \u0103la care m\u0103 urm\u0103re\u0219te \u0219i-n canal.<\/p>\n<p style=\"text-align: justify;\">\u2014Vinovat. Iar tu m-ai v\u0103zut probabil pe la televizor sau pe net. Am comunicat <em>online<\/em>, ne-am auzit la telefon, dar abia azi ne-a v\u0103zut fa\u021b\u0103-n fa\u021b\u0103 pentru prima oar\u0103.<\/p>\n<p style=\"text-align: justify;\">\u2014V\u0103zut \u0219i pl\u0103cut.<\/p>\n<p style=\"text-align: justify;\">\u2014Asemenea, dar vezi c\u0103-s \u00eensurat. Asta a\u0219a, ca s\u0103 nu-\u0219i fac\u0103 lumea impresii gre\u0219ite.<\/p>\n<p style=\"text-align: justify;\">\u2014Da, b\u0103, \u0219tiu, toat\u0103 lumea a auzit c\u0103 e\u0219ti singurul rom\u00e2n din afara Vasluiului care-\u0219i iube\u0219te soacra.<\/p>\n<p style=\"text-align: justify;\">\u2014Mda, ce s\u0103 mai zic de concluzii eronate.<\/p>\n<p style=\"text-align: justify;\">\u2014Au dreptate cei care v\u0103 acuz\u0103 c-a\u021bi fi un partid neserios?<\/p>\n<p style=\"text-align: justify;\">\u2014S-a tot votat cu oameni ce p\u0103reau serio\u0219i \u0219i uite unde-am ajuns, s\u0103 fie nevoie ca eu s\u0103 m\u0103 rup din rutina mea de om realizat \u00een via\u021b\u0103 ca s\u0103 bat c\u00e2mpii \u021b\u0103rii \u0219i Europei cer\u0219ind voturi de la necunoscu\u021bi. Nu suntem un <em>Spa\u00dfpartei<\/em>, cum zic nem\u021bii, ci unul serios \u0219i, nu ne temem s-o spunem, cu idei originale. Dac\u0103 prefer\u0103m s\u0103 nu facem o campanie electoral\u0103 \u00eencr\u00e2ncenat\u0103, nu \u00eenseamn\u0103 c\u0103 nu abord\u0103m teme serioase. Ca orice adev\u0103ra\u021bi rom\u00e2ni, mai ascundem adev\u0103rurile grave sub straturi de b\u0103\u0219c\u0103lie \u0219i mi\u0219to.<\/p>\n<p style=\"text-align: justify;\">\u2014Mioara Berbece, \u00eenainte s\u0103-\u021bi citesc \u00eentrebarea tre\u2019 s\u0103 zic c-ai un nume perfect pentru P:A:R. O primi\u021bi, Zigule?<\/p>\n<p style=\"text-align: justify;\">\u2014Primim pe toat\u0103 lumea care ne \u00eemp\u0103rt\u0103\u0219e\u0219te valorile \u0219i ideile.<\/p>\n<p style=\"text-align: justify;\">\u2014Mioara vrea s\u0103 \u0219tie cum inten\u021biona\u021bi s\u0103 sprijini\u021bi femeile.<\/p>\n<p style=\"text-align: justify;\">\u2014Nu e deloc secret c\u0103 propunerea noastr\u0103 pentru postul de prim-ministru este Alexandra Buna.<\/p>\n<p style=\"text-align: justify;\">\u2014Spune totu\u0219i ceva realist. Sunte\u021bi voi buni, dar totu\u0219i, chiar s\u0103 da\u021bi premierul la prima participare la alegeri?<\/p>\n<p style=\"text-align: justify;\">\u2014Bine, dac\u0103 ar ap\u0103rea un partid al femeilor a\u0219 vota cu el.<\/p>\n<p style=\"text-align: justify;\">\u2014Scandalos! Secretarul general al P:A:R ar vota cu alt partid!<\/p>\n<p style=\"text-align: justify;\">\u2014Am spus-o, n-o retrag. Ca s\u0103-i r\u0103spund doamnei la \u00eentrebare&#8230;<\/p>\n<p style=\"text-align: justify;\">\u2014De ce doamnei? Poate c\u0103 e domni\u0219oar\u0103?<\/p>\n<p style=\"text-align: justify;\">\u2014D\u0103-mi voie s\u0103 cred c\u0103 un astfel de nume se poate dob\u00e2ndi doar \u00een urma c\u0103s\u0103toriei.<\/p>\n<p style=\"text-align: justify;\">\u2014\u0218i ce vrei s\u0103-i r\u0103spunzi? Tampoane gratis \u0219i zilele libere?<\/p>\n<p style=\"text-align: justify;\">\u2014Ca prime m\u0103suri. Egalitate salarial\u0103 real\u0103 cu b\u0103rba\u021bii. Acolo vrem s\u0103 ajungem.<\/p>\n<p style=\"text-align: justify;\">\u2014\u0218i v\u0103 las\u0103 poporul?<\/p>\n<p style=\"text-align: justify;\">\u2014\u0218tii c\u0103 \u00een \u021bara noastr\u0103 exist\u0103 mai multe femei dec\u00e2t b\u0103rba\u021bi, nu?<\/p>\n<p style=\"text-align: justify;\">\u2014\u00cen agricultur\u0103 ce-ave\u021bi de g\u00e2nd s\u0103 face\u021bi?<\/p>\n<p style=\"text-align: justify;\">\u2014S\u0103 \u00eencuraj\u0103m corelarea produc\u021biei cu consumul. Bun, ananasul \u0219i mango nu cresc \u00eenc\u0103 la noi, dar cartofii da. \u00cen loc s\u0103 export\u0103m gr\u00e2u \u0219i s\u0103 import\u0103m cartofi, de exemplu, mai bine g\u0103sim modalit\u0103\u021bi spre a \u00eenlocui o parte din culturile de gr\u00e2u cu unele de cartofi. \u0218i \u00eencurajarea pomiculturii. Pe l\u00e2ng\u0103 c\u0103 n-ar trebui s\u0103 import\u0103m vreodat\u0103 mere, dup\u0103 ultimele evolu\u021bii climatice se pare c\u0103 am putea produce dublul consumului intern de kiwi sau migdale. De ce s\u0103 nu devenim un exportator de mar\u021bipan? \u0218i, foarte important, e nevoie urgent\u0103 \u00een toat\u0103 \u021bara de depozite frigorifice pentru preluarea de la \u021b\u0103rani a recoltelor de fructe \u0219i legume care se consum\u0103 proaspete. \u00cen loc s\u0103 se deterioreze \u00een dou\u0103-trei zile dac\u0103 nu se v\u00e2nd rapid, astfel ar putea rezista la calitate \u00eenalt\u0103 o s\u0103pt\u0103m\u00e2n\u0103, chiar dou\u0103. Ceea ce \u00een perioadele de v\u00e2rf de recoltare ar fi excelent.<\/p>\n<p style=\"text-align: justify;\">\u2014Pentru asista\u021bii social?<\/p>\n<p style=\"text-align: justify;\">\u2014Cursuri gratuite de englez\u0103. \u0218i de calificare \u00een diverse meserii cerute de pia\u021b\u0103. \u0218i subven\u021bii dac\u0103 se mut\u0103 \u00een zone unde \u0219i-ar g\u0103si de lucru.<\/p>\n<p style=\"text-align: justify;\">\u2014Subven\u021bii ca s\u0103 se depopuleze de tot satele \u0219i ora\u0219ele semi-moarte?<\/p>\n<p style=\"text-align: justify;\">\u2014Situa\u021bia actual\u0103 arat\u0103 c\u0103 nu pot fi salva\u021bi \u0219i oamenii \u0219i localit\u0103\u021bile. S-ar putea b\u0103ga bani serio\u0219i \u00een zonele respective, sau s\u0103-ncuraj\u0103m oamenii s\u0103 plece de acolo. P\u0103rerea mea coincide cu tendin\u021ba ar\u0103tat\u0103 de concet\u0103\u021benii no\u0219tri, hai s\u0103 ne ocup\u0103m \u00eent\u00e2i de oameni.<\/p>\n<p style=\"text-align: justify;\">\u2014Ce ne po\u021bi spune despre faza cu momentele zero de care tot pomene\u0219te pre\u0219edintele P:A:R?<\/p>\n<p style=\"text-align: justify;\">\u2014E o idee cu care lumea pare de acord, eu mai pu\u021bin, dar a\u0219a e-n democra\u021bie, ne supunem majorit\u0103\u021bii. Pe scurt, hai s\u0103 iert\u0103m tot ce-a fost p\u00e2n\u0103 acum pentru cine-\u0219i recunoa\u0219te public p\u0103catele \u0219i achit\u0103 datoriile, dar s\u0103 cre\u0219tem pedepsele pentru cine calc\u0103 pe bec de acum \u00eenainte. Corup\u021bie, evaziune, datorii, colaborare cu securitatea, aranjamente necurate, sunt mai multe domenii.<\/p>\n<p style=\"text-align: justify;\">#<\/p>\n<p style=\"text-align: justify;\">romanul <strong>\u201e<a href=\"https:\/\/edituradatagroup.ro\/products\/raul-cel-mai-mic\" target=\"_blank\" rel=\"noopener\">R\u0103ul cel mai mic<\/a>\u201d <\/strong>poate fi <a href=\"https:\/\/edituradatagroup.ro\/products\/raul-cel-mai-mic\" target=\"_blank\" rel=\"noopener\">achizi\u021bionat \u0219i de pe site-ul Editurii Datagroup<\/a><\/p>\n","protected":false},"excerpt":{"rendered":"<p>[fragment din romanul \u201eR\u0103ul cel mai mic\u201d, Editura Datagroup, 2025]\u00a0 de Sorin-Mihai Grad \u2014Promiteam o treab\u0103 cu Ziggy Ba L\u2019Hiverne, uite c\u0103 am reu\u0219it s\u0103 ne aliniem \u0219i s-o facem a\u0219a cum trebuie. Omul e haios \u0219i de\u0219tept, zici c\u0103-i subsemnatu\u2019 dup\u0103 o lun\u0103 \u00een Africa. Chiar dac\u0103-i super-ocupat cu campania electoral\u0103, a reu\u0219it s\u0103-mi [&hellip;]<\/p>\n","protected":false},"author":2,"featured_media":0,"comment_status":"open","ping_status":"open","sticky":false,"template":"","format":"standard","meta":{"jetpack_post_was_ever_published":false,"_jetpack_newsletter_access":"","_jetpack_dont_email_post_to_subs":false,"_jetpack_newsletter_tier_id":0,"_jetpack_memberships_contains_paywalled_content":false,"_jetpack_memberships_contains_paid_content":false,"footnotes":""},"categories":[1781,15],"tags":[1782,875,1115,116],"class_list":["post-15794","post","type-post","status-publish","format-standard","hentry","category-egophobia-85","category-proza","tag-egophobia-85","tag-fragment-de-roman","tag-proza","tag-sorin-mihai-grad"],"jetpack_featured_media_url":"","jetpack_sharing_enabled":true,"jetpack_shortlink":"https:\/\/wp.me\/p6DakB-46K","_links":{"self":[{"href":"https:\/\/egophobia.ro\/index.php?rest_route=\/wp\/v2\/posts\/15794","targetHints":{"allow":["GET"]}}],"collection":[{"href":"https:\/\/egophobia.ro\/index.php?rest_route=\/wp\/v2\/posts"}],"about":[{"href":"https:\/\/egophobia.ro\/index.php?rest_route=\/wp\/v2\/types\/post"}],"author":[{"embeddable":true,"href":"https:\/\/egophobia.ro\/index.php?rest_route=\/wp\/v2\/users\/2"}],"replies":[{"embeddable":true,"href":"https:\/\/egophobia.ro\/index.php?rest_route=%2Fwp%2Fv2%2Fcomments&post=15794"}],"version-history":[{"count":4,"href":"https:\/\/egophobia.ro\/index.php?rest_route=\/wp\/v2\/posts\/15794\/revisions"}],"predecessor-version":[{"id":16077,"href":"https:\/\/egophobia.ro\/index.php?rest_route=\/wp\/v2\/posts\/15794\/revisions\/16077"}],"wp:attachment":[{"href":"https:\/\/egophobia.ro\/index.php?rest_route=%2Fwp%2Fv2%2Fmedia&parent=15794"}],"wp:term":[{"taxonomy":"category","embeddable":true,"href":"https:\/\/egophobia.ro\/index.php?rest_route=%2Fwp%2Fv2%2Fcategories&post=15794"},{"taxonomy":"post_tag","embeddable":true,"href":"https:\/\/egophobia.ro\/index.php?rest_route=%2Fwp%2Fv2%2Ftags&post=15794"}],"curies":[{"name":"wp","href":"https:\/\/api.w.org\/{rel}","templated":true}]}}