{"id":15865,"date":"2025-06-15T18:52:49","date_gmt":"2025-06-15T16:52:49","guid":{"rendered":"https:\/\/egophobia.ro\/?p=15865"},"modified":"2025-08-05T00:02:10","modified_gmt":"2025-08-04T22:02:10","slug":"lansare","status":"publish","type":"post","link":"https:\/\/egophobia.ro\/?p=15865","title":{"rendered":"Lansare"},"content":{"rendered":"<p><span style=\"color: green;\">[egoZaur]<\/span><\/p>\n<p style=\"text-align: right;\">de Sorin-Mihai Grad<\/p>\n<p style=\"text-align: justify;\">La 15 ani de la prima mea lansare de carte (e vorba de volumul <a href=\"https:\/\/surogat.egophobia.ro\/\" target=\"_blank\" rel=\"noopener\"><em>SUROGAT [poerezii]<\/em><\/a>, prima carte scoas\u0103 de <a href=\"https:\/\/www.hergbenet.ro\/\" target=\"_blank\" rel=\"noopener\">Editura Herg Benet<\/a>), am avut parte de a doua. \u00cen ritmul \u0103sta, poate mai prind una \u00eenainte s\u0103 ies la pensie. Asta-i via\u021ba de autor de limb\u0103 rom\u00e2n\u0103 diasporean, ale c\u0103rui reveniri \u00een \u021bar\u0103 nu se potrivesc niciodat\u0103 cu locuri \u0219i perioade propice unor lans\u0103ri de carte. \u00cens\u0103 de aceast\u0103 dat\u0103 s-au aliniat corespunz\u0103tor stelele \u0219i una dintre c\u0103r\u021bile lansate la Bookfest Bucure\u0219ti 2025 \u00een prezen\u021ba autorului a fost romanul meu <a href=\"https:\/\/raulcelmaimic.ro\/\" target=\"_blank\" rel=\"noopener\"><em>r\u0103ul cel mai mic<\/em><\/a>.<!--more--><\/p>\n<p><img data-recalc-dims=\"1\" decoding=\"async\" class=\"aligncenter\" src=\"https:\/\/i0.wp.com\/i.vgy.me\/wp2A4j.jpg?w=812&#038;ssl=1\" \/><\/p>\n<p style=\"text-align: justify;\">Spre deosebire de prima lansare, care a durat vreo or\u0103, \u00een care au vorbit despre carte editorul \u0219i doi critici, dup\u0103 care am citit c\u00e2teva texte din ea \u0219i am dat autografe celor prezen\u021bi, de data asta am stat la standul de la Bookfest al <a href=\"https:\/\/www.edituradatagroup.ro\" target=\"_blank\" rel=\"noopener\">Editurii Datagroup<\/a> mai mult de \u0219ase ore. La un moment dat a fost \u0219i o prezentare a romanului de c\u0103tre un critic literar, cu care am discutat apoi pe marginea c\u0103r\u021bii, am r\u0103spuns \u0219i unor \u00eentreb\u0103ri din public (surprinz\u0103tor de numeros, \u021bin\u00e2nd seama c\u0103 \u00een acela\u0219i timp \u00ee\u0219i lansau c\u0103r\u021bi \u0219i Mircea C\u0103rt\u0103rescu \u0219i Jos\u00e9 Lu\u00eds Peixoto), am dat autografe (la un moment dat chiar se f\u0103cuse coad\u0103, bine, nu de dimensiunile celor de la mesele\u00a0 unde semnau M.C \u0219i J.L.P), am vorbit despre carte cu cei interesa\u021bi, \u0219i am reu\u0219it s\u0103 conving c\u00e2\u021biva cititori s-o cumpere. \u00cen plus, a fost un prilej excelent s\u0103 cunosc echipa <a href=\"https:\/\/www.edituradatagroup.ro\" target=\"_blank\" rel=\"noopener\">Editurii Datagroup<\/a> (oameni de calitate cu to\u021bii), m-am \u00eent\u00e2lnit cu c\u00e2\u021biva colegi din redac\u021bia EgoPHobia \u0219i cu colaboratori ai revistei noastre, \u0219i am l\u0103sat c\u00e2teva autografe \u0219i pe c\u00e2teva exemplare ale primului meu roman, <a href=\"https:\/\/www.cruxed.ro\/produs\/camera-666\/\" target=\"_blank\" rel=\"noopener\"><em>Camera 66(6)<\/em><\/a> la standul <a href=\"https:\/\/www.cruxed.ro\/\" target=\"_blank\" rel=\"noopener\">Editurii Crux Publishing<\/a>.<\/p>\n<p style=\"text-align: justify;\">Dup\u0103 \u00eencheierea t\u00e2rgului, am fost informat c\u0103 <a href=\"https:\/\/www.edituradatagroup.ro\/produs\/raul-cel-mai-mic\/\" target=\"_blank\" rel=\"noopener\">romanul meu<\/a> a fost \u00eentre cele mai v\u00e2ndute zece c\u0103r\u021bi ale <a href=\"https:\/\/www.edituradatagroup.ro\" target=\"_blank\" rel=\"noopener\">Editurii Datagroup<\/a> la aceast\u0103 edi\u021bie a Bookfest, o frumoas\u0103 surpriz\u0103, \u021bin\u00e2nd seama c\u0103 ie\u0219ise din tipografie cu nici o s\u0103pt\u0103m\u00e2n\u0103 \u00een urm\u0103 \u0219i nu avusese parte de publicitate, exept\u00e2nd c\u00e2teva anu\u021buri legate de lansare. Mul\u021bumiri tuturor celor care au trecut pe la standul Datagroup c\u00e2t am fost prezent \u0219i nu pot dec\u00e2t s\u0103 sper c\u0103 v\u0103 plac nu doar coper\u021bile romanului <a href=\"https:\/\/www.edituradatagroup.ro\/produs\/raul-cel-mai-mic\/\" target=\"_blank\" rel=\"noopener\"><em>r\u0103ul cel mai mic<\/em><\/a>, ci \u0219i se se g\u0103se\u0219te \u00eentre ele. \u0218i mai sper ca \u00een cursul acestui an s\u0103 mai reu\u0219im s\u0103-i organiz\u0103m c\u0103r\u021bii m\u0103car \u00eenc\u0103 o lansare.<\/p>\n","protected":false},"excerpt":{"rendered":"<p>[egoZaur] de Sorin-Mihai Grad La 15 ani de la prima mea lansare de carte (e vorba de volumul SUROGAT [poerezii], prima carte scoas\u0103 de Editura Herg Benet), am avut parte de a doua. \u00cen ritmul \u0103sta, poate mai prind una \u00eenainte s\u0103 ies la pensie. Asta-i via\u021ba de autor de limb\u0103 rom\u00e2n\u0103 diasporean, ale c\u0103rui [&hellip;]<\/p>\n","protected":false},"author":2,"featured_media":0,"comment_status":"open","ping_status":"open","sticky":false,"template":"","format":"standard","meta":{"jetpack_post_was_ever_published":false,"_jetpack_newsletter_access":"","_jetpack_dont_email_post_to_subs":false,"_jetpack_newsletter_tier_id":0,"_jetpack_memberships_contains_paywalled_content":false,"_jetpack_memberships_contains_paid_content":false,"footnotes":""},"categories":[55,1781,115],"tags":[1120,1782,1126,116],"class_list":["post-15865","post","type-post","status-publish","format-standard","hentry","category-articole","category-egophobia-85","category-egozaur","tag-articole","tag-egophobia-85","tag-egozaur","tag-sorin-mihai-grad"],"jetpack_featured_media_url":"","jetpack_sharing_enabled":true,"jetpack_shortlink":"https:\/\/wp.me\/s6DakB-lansare","_links":{"self":[{"href":"https:\/\/egophobia.ro\/index.php?rest_route=\/wp\/v2\/posts\/15865","targetHints":{"allow":["GET"]}}],"collection":[{"href":"https:\/\/egophobia.ro\/index.php?rest_route=\/wp\/v2\/posts"}],"about":[{"href":"https:\/\/egophobia.ro\/index.php?rest_route=\/wp\/v2\/types\/post"}],"author":[{"embeddable":true,"href":"https:\/\/egophobia.ro\/index.php?rest_route=\/wp\/v2\/users\/2"}],"replies":[{"embeddable":true,"href":"https:\/\/egophobia.ro\/index.php?rest_route=%2Fwp%2Fv2%2Fcomments&post=15865"}],"version-history":[{"count":1,"href":"https:\/\/egophobia.ro\/index.php?rest_route=\/wp\/v2\/posts\/15865\/revisions"}],"predecessor-version":[{"id":15866,"href":"https:\/\/egophobia.ro\/index.php?rest_route=\/wp\/v2\/posts\/15865\/revisions\/15866"}],"wp:attachment":[{"href":"https:\/\/egophobia.ro\/index.php?rest_route=%2Fwp%2Fv2%2Fmedia&parent=15865"}],"wp:term":[{"taxonomy":"category","embeddable":true,"href":"https:\/\/egophobia.ro\/index.php?rest_route=%2Fwp%2Fv2%2Fcategories&post=15865"},{"taxonomy":"post_tag","embeddable":true,"href":"https:\/\/egophobia.ro\/index.php?rest_route=%2Fwp%2Fv2%2Ftags&post=15865"}],"curies":[{"name":"wp","href":"https:\/\/api.w.org\/{rel}","templated":true}]}}