{"id":15877,"date":"2025-08-26T22:33:38","date_gmt":"2025-08-26T20:33:38","guid":{"rendered":"https:\/\/egophobia.ro\/?p=15877"},"modified":"2025-08-26T22:33:38","modified_gmt":"2025-08-26T20:33:38","slug":"vrem-intr-adevar-sa-traim-la-tara","status":"publish","type":"post","link":"https:\/\/egophobia.ro\/?p=15877","title":{"rendered":"Vrem \u00eentr-adev\u0103r s\u0103 tr\u0103im la \u021bar\u0103?"},"content":{"rendered":"<p style=\"text-align: justify;\"><strong>Eseu cvasi-optimist <\/strong><\/p>\n<p style=\"text-align: right;\">de\u00a0Ana Bazac<\/p>\n<p style=\"text-align: justify;\"><strong>\u00a0<\/strong><\/p>\n<p style=\"text-align: justify;\"><strong>Avertisment<\/strong><\/p>\n<p style=\"text-align: justify;\">\u00centrebarea de mai sus pare o glum\u0103, fire\u015fte. C\u0103ci, pe de o parte, st\u0103m unde <em>vrem<\/em> \u2013 fiind liberi ca cet\u0103\u0163eni, putem s\u0103 locuim undeva din propria noastr\u0103 hot\u0103r\u00e2re \u2013 \u015fi, pe de alt\u0103 parte, st\u0103m unde <em>putem<\/em>, adic\u0103 unde ne permit mijloacele materiale \u015fi \u00eemprejur\u0103rile care ne-au condi\u0163ionat ocupa\u0163ia \u015fi traiectoria. A\u015fa c\u0103 nu facem \u00eentotdeauna ceea ce am dori, conchidem noi cu \u00een\u0163elepciunea ancorat\u0103 \u00een acest prim \u015fi cel mai constr\u00e2ng\u0103tor strat al eviden\u0163ei.<!--more--><\/p>\n<p style=\"text-align: justify;\">\u015ei-atunci are rost s\u0103\u00a0 ne chestion\u0103m vrerea? Are, fire\u015fte. C\u0103ci dac\u0103, din moment ce, oricare dintre aspectele de mai sus le-am lua, tot noi hot\u0103r\u00e2m, important este s\u0103 ne \u00eentreb\u0103m asupra hot\u0103r\u00e2rii noastre. O asemenea pozi\u0163ie ne permite s\u0103 \u00een\u0163elegem limitele determin\u0103rii noastre de condi\u0163iile exterioare nou\u0103 (de mijloacele materiale etc.), ca \u015fi mersul propriilor noastre hot\u0103r\u00e2ri printre imagini legate de tipul dezirabil de a\u015fezare uman\u0103.<\/p>\n<p style=\"text-align: justify;\">\u201eNoi\u201d, \u201ehot\u0103r\u00e2rile noastre\u201d. Principala motiva\u0163ie a poposirii asupra subiectului din titlu este \u2013 desigur, nu cel de generalizare \u015fi de impunere a vreunei generaliz\u0103ri, ci \u2013 focalizarea aten\u0163iei asupra faptului c\u0103 <em>\u015fi alegerile celorlal\u0163i fiind la fel de justificate ca \u015fi cele ale noastre<\/em>, chiar perspectiva despre propria dorin\u0163\u0103 legat\u0103 de stabilirea noastr\u0103 \u00eentr-un fel de a\u015fezare uman\u0103 sau altul este legat\u0103 de istoria civiliza\u0163iei \u015fi, deci, a rela\u0163iilor dintre oameni.<\/p>\n<p style=\"text-align: justify;\">\n<p style=\"text-align: justify;\"><strong>Introducerea \u00eentreb\u0103rii<\/strong><\/p>\n<p style=\"text-align: justify;\">\n<p style=\"text-align: justify;\">Mai ales vara, c\u00e2nd aerul din ora\u015f este mai irespirabil ca oric\u00e2nd iar dorin\u0163a de a ie\u015fi \u00een natur\u0103 este mai irepresibil\u0103, \u00eentrebarea de mai sus poate p\u0103rea cel pu\u0163in bizar\u0103. \u201eLa \u0163ar\u0103 e cel pu\u0163in aerul mai curat, ai mereu un fruct, legume proaspete etc. \u015ei ce dac\u0103 n-ai\u00a0 confort? Dar las\u0103, c\u0103 \u015fi acolo se trage ap\u0103 \u015fi se pun gaze. Oricum, e\u015fti mai lini\u015ftit, nu e\u015fti tot timpul stresat\u2026\u201d<\/p>\n<p style=\"text-align: justify;\">Oare? Se pare c\u0103 unii \u00eenainta\u015fi ai no\u015ftri, chiar dac\u0103 vedeau furnicarul din ora\u015f<a href=\"#_edn1\" name=\"_ednref1\">[1]<\/a>, nu concepeau s\u0103 \u00eel p\u0103r\u0103seasc\u0103. \u015ei nu \u00een primul r\u00e2nd pentru c\u0103 preferau distrac\u0163iile urbane celor naive, s\u0103te\u015fti<a href=\"#_edn2\" name=\"_ednref2\">[2]<\/a>. Ci tocmai pentru c\u0103 ocupa\u0163iile lor erau legate de ora\u015f, iar cel mai mare stres ar fi fost s\u0103 nu \u015fi le mai poat\u0103 exercita.<\/p>\n<p style=\"text-align: justify;\">Unde vrem s\u0103 tr\u0103im? \u00cenainte de a r\u0103spunde, s\u0103 vedem ce \u00eenseamn\u0103 pentru om <em>a tr\u0103i.<\/em><\/p>\n<p style=\"text-align: justify;\">\n<p style=\"text-align: justify;\"><strong>Ce \u00eenseamn\u0103 a tr\u0103i?<\/strong><\/p>\n<p style=\"text-align: justify;\">\n<ol style=\"text-align: justify;\">\n<li><\/li>\n<\/ol>\n<p style=\"text-align: justify;\">\u00censeamn\u0103, <em>\u00een primul r\u00e2nd<\/em>, <em>a activa<\/em>, \u015fi nu a se odihni. Sigur c\u0103 cele dou\u0103 momente sunt interdependente, dar ceea ce construie\u015fte existen\u0163a uman\u0103, deci \u015fi esen\u0163a sa, este activitatea specific uman\u0103, <em>crea\u0163ia<\/em>. Aceast\u0103 crea\u0163ie este desigur impulsionat\u0103 de nevoi, iar forma ei ia \u00een primul r\u00e2nd tr\u0103s\u0103turile repetitive \u015fi silite ale muncii<a href=\"#_edn3\" name=\"_ednref3\">[3]<\/a>, dar pot exista \u015fi activit\u0103\u0163i creatoare \u00een care secven\u0163ele uniforme sunt cu totul subordonate crea\u0163iei ca atare. De-a lungul timpului, arti\u015ftii \u015fi oamenii de \u015ftiin\u0163\u0103 au fost modelele de via\u0163\u0103 cele mai dorite, \u015fi nu st\u0103p\u00e2nitorii beneficiind de libertate: tocmai pentru c\u0103 primii creau, \u015fi nu erau cantona\u0163i \u00een afara crea\u0163iei.<\/p>\n<p style=\"text-align: justify;\">Dar nu putem s\u0103 cre\u0103m \u015fi la \u0163ar\u0103? \u00cen fond, munca \u2013 a\u015fadar \u015fi crea\u0163ia \u2013 \u00eenseamn\u0103 <em>rezolvarea de probleme<\/em>: din acest punct de vedere, exist\u0103 oare diferen\u0163e \u00eentre decizii legate de cultivarea plantelor (Exist\u0103 oare \u00eentrunite condi\u0163iile optime? Ce elemente sunt necesare? Etc.) \u015fi, pe de alt\u0103 parte, cele legate de experimentele dintr-un laborator? Pe de o parte, se poate spune c\u0103 <em>nu<\/em>: exist\u0103 elemente cunoscute ce stau la baza deciziilor \u015fi exist\u0103 \u015fi elemente necunoscute (prefigurate\/ideale\/virtuale) care justific\u0103 planificarea ac\u0163iunii \u015fi ac\u0163iunea ca atare (plantatul etc. sau cercetarea \u015ftiin\u0163ific\u0103 ce \u00eenglobeaz\u0103 experimentele).<\/p>\n<p style=\"text-align: justify;\">Pe de alt\u0103 parte, <em>da<\/em>, activit\u0103\u0163ile sunt diferite: primele (cele legate de agricultur\u0103) presupun \u00een amontele ac\u0163iunii, mai multe elemente cunoscute dec\u00e2t necunoscute \u015fi, mai ales, rezultatele din aval sunt cunoscute (gradul de probabilitate al rezultatelor este foarte mare); pe c\u00e2nd \u00een activit\u0103\u0163ile de cercetare \u015ftiin\u0163ific\u0103, chiar dac\u0103, \u00een preg\u0103tirea unui experiment, elementele cunoscute sunt \u00een num\u0103r mare, rezultatele nu sunt dec\u00e2t presupuse \u015fi \u00eenc\u0103 \u00eentr-un num\u0103r de variante; p\u00e2n\u0103 ce experimentele nu sunt concludente, forma \u00een care se prezint\u0103 elementele din aval este doar aceea a ipotezei; \u00een timp ce \u00een agricultur\u0103, num\u0103rul de elemente \u015fi de date cunoscute \u00eenainte de demararea activit\u0103\u0163ilor permite prefigurarea relativ cert\u0103 a rezultatelor, \u00een parametri de probabilitate \u00eenalt\u0103.<\/p>\n<p style=\"text-align: justify;\">Ca urmare \u015fi l\u0103s\u00e2nd la o parte c\u0103 exist\u0103 unele activit\u0103\u0163i comune \u015fi satului \u015fi ora\u015fului, putem conchide c\u0103, din punctul de vedere al tipurilor de activit\u0103\u0163i, dac\u0103 analiza acestor tipuri arat\u0103 c\u0103 \u015fi \u00een ora\u015f exist\u0103 numeroase munci monotone, repetitive, cu rezultate predictibile, ar \u00eensemna c\u0103 nu exist\u0103 diferen\u0163e prea mari \u00eentre sat \u015fi ora\u015f: iar noi alegem s\u0103 tr\u0103im acolo unde ne atrag alte avantaje, nu tipul de munc\u0103. Este adev\u0103rat c\u0103 \u00a0la \u0163ar\u0103 nu exist\u0103 laboratoare, institute de cercet\u0103ri \u015fi teatre, dar la o adic\u0103 putem comunica prin internet cu primele, nu? Iar dintre arti\u015fti, se pare c\u0103 numai cei care au nevoie de scen\u0103 nu pot tr\u0103i la \u0163ar\u0103: c\u0103ci pictorii au fost demult \u00eendrepta\u0163i \u0219i \u00eentr-acolo.<\/p>\n<p style=\"text-align: justify;\">\n<p style=\"text-align: justify;\"><strong>\u00a0B.<\/strong><\/p>\n<p style=\"text-align: justify;\">\u00cen <em>al doilea r\u00e2nd<\/em>, a tr\u0103i \u00eenseamn\u0103 a sim\u0163i <em>interdependen\u0163a dintre tine \u015fi ceilal\u0163i<\/em> \u015fi a <em>experimenta aceast\u0103 interdependen\u0163\u0103<\/em>. Adic\u0103 a lucra pentru aceast\u0103 interdependen\u0163\u0103, a o face glorioas\u0103<a href=\"#_edn4\" name=\"_ednref4\">[4]<\/a>.<\/p>\n<p style=\"text-align: justify;\">A, spun partizanii iremediabil nostalgici ai ruralului, dac\u0103 e a\u015fa \u00eenseamn\u0103 nu numai c\u0103 nu exist\u0103 nicio diferen\u0163\u0103 \u00eentre sat \u015fi ora\u015f, dar satul e chiar superior: nu exist\u0103 oare o \u00eentreag\u0103 literatur\u0103 despre \u00eensingurarea din ora\u015f \u2013 cu c\u00e2t este mai mare \u015fi mai aglomerat, cu at\u00e2t mai mult se simte individul ca pe insuli\u0163a lui pustie \u00een mijlocul oceanului \u2013 \u015fi, \u00een acela\u015fi timp, despre comunitatea \u015fi despre inter-cunoa\u015fterea de la sat?<\/p>\n<p style=\"text-align: justify;\">Spiritul comunului\/al lucrului comun \u2013 de exemplu, al <em>commons <\/em>din satele engleze\u015fti de dinainte de modernitate \u2013 a ap\u0103rut, fire\u015fte, la sat. Acest spirit s-a manifestat prin con\u015ftiin\u0163a practic\u0103 a comunit\u0103\u0163ii drept mijlocul principal de ap\u0103rare a oamenilor \u00een fa\u0163a mediului natural. Dar exist\u0103 dou\u0103 fenomene care, fie contracareaz\u0103 spiritul comunitar s\u0103tesc, fie au dus la reducerea acestuia.<\/p>\n<p style=\"text-align: justify;\">Unul este chiar tipul de <em>munc\u0103<\/em>: s\u0103teanul \u2013 chiar dac\u0103 folosea islazul comunal \u015fi p\u0103durea comunal\u0103, sau chiar dac\u0103 muncea \u00een comun unele p\u0103r\u0163i ale activit\u0103\u0163ii \u2013 lucra \u015fi lucreaz\u0103 \u00een cea mai mare parte cu obiecte naturale \u00een mijlocul mediului natural. El a sim\u0163it \u015fi simte c\u0103 depinde mai degrab\u0103 de natur\u0103<a href=\"#_edn5\" name=\"_ednref5\">[5]<\/a>, c\u0103ci \u015fi ceilal\u0163i\u00a0 s\u0103teni depind la fel \u015fi simt la fel. Rela\u0163ia cu natura le determin\u0103\u00a0 o anumit\u0103 \u00eendep\u0103rtare de socialitate, c\u0103ci <em>principala condi\u0163ie a muncii lor<\/em>, deci a existen\u0163ei lor, le pare a fi natura. Combina\u0163ia dintre tipul de munc\u0103 \u015fi cel de locuire \u00eent\u0103re\u015fte rolul naturii de a-l \u00eendep\u0103rta pe individ de ceilal\u0163i: gr\u0103dina, livada, via sunt, cumva, o prelungire a casei, iar comunitatea cu ele pare s\u0103-i umple nevoia de semnificare a lumii. <em>Spa\u0163iul<\/em> natural se interpune \u00eentre indivizi.<\/p>\n<p style=\"text-align: justify;\">Al doilea fenomen este tipul de <em>proprietate<\/em> predominant. O bun\u0103 parte a muncii s\u0103teanului are loc \u00een gospod\u0103ria sa care este, desigur, proprietate personal\u0103 dar care \u00eei permite nu doar supravie\u0163uirea, ci chiar un mai bine prin v\u00e2nzarea unor produse. Mai mult: p\u0103m\u00e2ntul aflat \u00een afara satului \u015fi ale c\u0103rui roade le vinde cu folos este \u015fi el, \u00eentr-un sens, parte a gospod\u0103riei. Pur \u015fi simplu, el, s\u0103teanul, nu poate fi definit \u00een afara gospod\u0103riei sale. Iar dac\u0103 aceast\u0103 gospod\u0103rie este at\u00e2t de \u00eentins\u0103 \u00eenc\u00e2t cere \u015fi bra\u0163e de munc\u0103 str\u0103ine iar produc\u021bia este <em>da capo<\/em> pentru v\u00e2nzare, deci proprietatea devine chiar privat\u0103, o dat\u0103 mai mult determin\u0103 restr\u00e2ngerea privirii s\u0103teanului la ceea ce are. <em>Timpul <\/em>petrecut \u00een jurul gospod\u0103riei este aproape cel mai important: gospod\u0103ria este aceea care \u00eei \u00eenghite tot timpul (\u015fi nu \u0163ara, indiferent de puterea televizorului). Insuli\u0163a pe care era desenat or\u0103\u015feanul ca afl\u00e2ndu-se acolo pare, astfel, a se potrivi mai degrab\u0103 s\u0103teanului.<\/p>\n<p style=\"text-align: justify;\">Sociologic, \u0163\u0103ranul cu proprietate oric\u00e2t de mic\u0103 dar <em>care \u00eei poate asigura existen\u0163a<\/em> face parte din mica burghezie. Ca urmare, el este interesat, \u00eenainte de orice, de <em>condi\u0163iile <\/em>existen\u0163ei sale <em>pe care le are<\/em>. Doar atunci c\u00e2nd aceste condi\u0163ii devin insuficiente, pune el \u00een func\u0163iune rela\u0163ia cu ceilal\u0163i: de \u00eentr-ajutorare, dar mai degrab\u0103 de revolt\u0103. Dar nu ne intereseaz\u0103 aici c\u0103 toate r\u0103scoalele \u0163\u0103ranilor au fost \u00eenfr\u00e2nte, chiar dac\u0103 \u00een urma lor societatea ca atare s-a mai schimbat. Nici c\u0103 dup\u0103 r\u0103scoale, via\u0163a \u0163\u0103ranului s-a derulat \u00een aceea\u015fi paradigm\u0103. Nici c\u0103 modernitatea ca atare \u2013 iar modelul este Europa occidental\u0103, \u015fi nu socialismul care nu a f\u0103cut dec\u00e2t \u00eel aplice \u2013 a limitat drastic civiliza\u0163ia s\u0103teasc\u0103, deoarece satul a fost cel care a stat la baza industrializ\u0103rii. Nici polarizarea \u0163\u0103r\u0103nimii. Ci spiritul s\u0103u comunitar.<\/p>\n<p style=\"text-align: justify;\">Esen\u0163ial este, pentru \u0163\u0103ran, s\u0103 fie l\u0103sat s\u0103 ob\u0163in\u0103 roadele propriet\u0103\u0163ii sale \u015fi s\u0103 se bucure de ele. De aceea, <em>solidaritatea nu avea cum s\u0103 se nasc\u0103 la sat<\/em>. Nici la nivelul comunit\u0103\u0163ii sale \u015fi cu at\u00e2t mai pu\u0163in la nivelul \u00eentregii societ\u0103\u0163i. Interesul pe termenul scurt \u2013 dictat de ciclurile naturii \u2013 \u015fi care este, \u00een acela\u015fi timp, interesul legat de propria gospod\u0103rie este cel care \u00eel mobilizeaz\u0103 mai mult \u015fi mai u\u015for dec\u00e2t orice sfat moral<a href=\"#_edn6\" name=\"_ednref6\">[6]<\/a>. Sentimentul de <em>apartenen\u0163\u0103<\/em> \u015fi cel de <em>participare \u015fi \u00eemp\u0103rt\u0103\u015fire a condi\u0163iei comune <\/em>sunt subordonate sentimentului <em>propriei gospod\u0103rii<\/em>: c\u0103ci acesta din urm\u0103 este, \u00eenainte de toate, cel legat de vie\u0163uirea sa. Iar solidaritatea cu ceilal\u0163i este <em>subordonat\u0103 <\/em>acestui sentiment al propriei gospod\u0103rii: mai mult, cu c\u00e2t ace\u015fti ceilal\u0163i se afl\u0103 mai departe, \u015fi spa\u0163ial \u015fi politic, cu at\u00e2t mai slab este interesul fa\u0163\u0103 de ei, chiar dac\u0103 au aflat c\u0103 situa\u0163ia lor este intolerabil\u0103 din punct de vedere uman.<\/p>\n<p style=\"text-align: justify;\">Dar la ora\u015f lucrurile se schimb\u0103. Desigur c\u0103 fiecare om dore\u015fte s\u0103 fie st\u0103p\u00e2n asupra unei locuin\u0163e (ce, oricum ar fi, e \u201ecastelul\u201d s\u0103u), inclusiv la ora\u015f. Dar locuin\u0163a, fie c\u0103 este proprietatea sa fie c\u0103 este \u00eenchiriat\u0103, <em>nu \u00eei mai e suficient\u0103 pentru a tr\u0103i<\/em> \u2013 adic\u0103 pentru a munci, a crea, a semnifica existen\u0163a. Nu, oric\u00e2t se simt or\u0103\u015fenii \u00een apartamentele lor ca \u00een ni\u015fte insuli\u0163e (sau colivii, spun unii) \u2013 fa\u0163\u0103 de spa\u0163iul generos al naturii care prelunge\u015fte casa s\u0103teanului \u2013 ei nu pot tr\u0103i de pe urma acestei locuiri: de aceea, <em>ies \u00een\u00a0 strad\u0103<\/em>.<\/p>\n<p style=\"text-align: justify;\"><em>Strada<\/em> este unul dintre cele dou\u0103 spa\u0163ii \u00een care se constituie solidaritatea interuman\u0103: nici \u00een <em>polis<\/em>-ul grecesc, nu gospod\u0103ria ci pia\u0163a public\u0103 (<em>agora<\/em>) era locul unde oamenii vorbeau, deci comunicau dincolo de c\u00e2mpul strict ale nevoilor primare: adic\u0103 1) despre elemente comune, deci probleme comune ale comunit\u0103\u0163ii \u015fi 2) supun\u00e2nd ra\u0163iunii celorlal\u0163i p\u0103rerile proprii despre lucruri. <em>Agora<\/em> a fost locul public de re-unire a oamenilor din ora\u015f: el era \u015fi tribunal, \u015fi pia\u0163\u0103 \u00een care negu\u0163\u0103torii \u00ee\u015fi desf\u0103ceau nego\u0163ul dar, mai ales, locul pentru adunarea public\u0103 a cet\u0103\u0163enilor \u015fi, aten\u0163ie, pentru discursul \u0163inut \u00een fa\u0163a acestei adun\u0103ri.<\/p>\n<p style=\"text-align: justify;\">Cu at\u00e2t mai mult pe m\u0103sur\u0103 ce \u00eenfiriparea modernit\u0103\u0163ii a dus la consolidarea ora\u015felor, ele s-au umplut de oameni care <em>aveau nevoie de solidaritate pentru a tr\u0103i<\/em>. Ideea drepturilor omului este urmarea acestei nevoi \u015fi a fost, la r\u00e2ndul ei, rezultatul ie\u015firii \u00een strad\u0103 ce a c\u0103p\u0103tat chiar \u015fi forma revolu\u0163iei.<\/p>\n<p style=\"text-align: justify;\">Al doilea spa\u0163iu al solidarit\u0103\u0163ii \u2013 resim\u0163it\u0103 ca fraternitate dincolo de rela\u0163iile familiale dintr-o gospod\u0103rie restr\u00e2ns\u0103 sau mai larg\u0103 \u2013 a fost <em>locul de munc\u0103 or\u0103\u015fenesc<\/em>, rupt de locuin\u0163\u0103 \u015fi f\u0103r\u0103 de care or\u0103\u015fenii nu puteau tr\u0103i. Marea majoritate a acestora, desigur, c\u0103ci nu doar atelierul fabricii a fost locul de munc\u0103 (principal, a\u015fa cum o \u015ftim cu to\u0163ii), ci \u015fi biroul ziari\u015ftilor, teatrul actorilor \u015fi cinematograful spectatorilor, pr\u0103v\u0103lia cump\u0103r\u0103torilor, localul caragialian unde destinderea se \u00eempletea cu \u00a0expunerea sim\u0163ului critic asupra institu\u0163iilor dominatoare \u015fi cu experimentarea \u00eencerc\u0103rilor de frond\u0103.<\/p>\n<p style=\"text-align: justify;\">Ora\u015ful \u00eenseamn\u0103, \u00een esen\u0163\u0103, solidaritate. Cuv\u00e2ntul antic de <em>polis <\/em>(\u03c0\u03cc\u03bb\u03b9\u03c2) se referea nu la spa\u0163iul urban construit (acesta se numea \u03ac\u03c3\u03c4\u03c5), ci la <em>structura dat\u0103 de conducerea de c\u0103tre ansamblul de cet\u0103\u0163eni<\/em><a href=\"#_edn7\" name=\"_ednref7\">[7]<\/a> \u015fi, \u00een conexiune, la <em>solidaritatea cultural\u0103<\/em> (legate de cultele religioase)<a href=\"#_edn8\" name=\"_ednref8\">[8]<\/a> care a fundamentat acea a\u015fezare. Este interesant c\u0103 dac\u0103 \u00een ora\u015fele-state grece\u015fti zidul de ap\u0103rare nu avea importan\u0163a institu\u0163iilor politice \u015fi culturale (agora, acropolis, \u015fcolile, teatrele), \u00een ora\u015fele europene ren\u0103scute ca atare \u00een Evul Mediu timpuriu, zidul a fost cel care a dat chiar numele de ora\u015f (numele german al ora\u015fului, <em>Stadt<\/em>, este legat de <em>Zaun<\/em>, gard): \u00eemprejmuirea e garan\u0163ia siguran\u0163ei celor din\u0103untrul ei. Destul de repede, \u00eens\u0103, ace\u015ftia au presat pentru a avea privilegii fa\u0163\u0103 de st\u0103p\u00e2nitorii din jur. Privilegiile nu \u00eei atingeau pe to\u0163i locuitorii ora\u015fului la fel, dar oricum le asigurau libertatea fa\u0163\u0103 de servitu\u0163ile feudale. A\u015fa c\u0103 merita s\u0103 lup\u0163i pentru ora\u015f. Apartenen\u0163a la acesta, cet\u0103\u0163enia, era garan\u0163ia drepturilor, adic\u0103 a ceea ce permitea s\u0103 fii considerat fiin\u0163\u0103 uman\u0103 de c\u0103tre ceilal\u0163i, cel pu\u0163in la nivelul abstract<a href=\"#_edn9\" name=\"_ednref9\">[9]<\/a> \u00een care erai l\u0103sat \u00een pace s\u0103 te descurci cum po\u0163i.<\/p>\n<p style=\"text-align: justify;\">\n<p style=\"text-align: justify;\"><strong><em>Addendum la B: protestul or\u0103\u015fenesc<\/em><\/strong><\/p>\n<p style=\"text-align: justify;\">Dar munca industrial\u0103 de la ora\u015f a fost procesul care a n\u0103scut <em>fraternitatea <\/em>modern\u0103: interdependen\u0163a practicat\u0103 prin munca de fabric\u0103 (mai ales o dat\u0103 cu banda rulant\u0103), condi\u0163iile comune de munc\u0103 \u2013 \u00eentr-adev\u0103r, mult mai grele \u015fi fizic \u015fi psihic, prin monotonia \u015fi brutalitatea lor \u00eennebunitoare \u015fi o dat\u0103 mai mult stresante prin artificialitatea lor obscur\u0103, dec\u00e2t cea mai dur\u0103 robot\u0103 a c\u00e2mpului \u2013 au fost factorii care au construit profilul modern al proletarului \u015fi singura lui solu\u0163ie existen\u0163ial\u0103.<\/p>\n<p style=\"text-align: justify;\">Da, locuitorul majoritar al ora\u015fului este <em>proletarul<\/em>, <em>cel care nu are alt\u0103 surs\u0103 de existen\u0163\u0103 dec\u00e2t v\u00e2nzarea puterii sale de munc\u0103<\/em>. Chiar dac\u0103 locuin\u0163a \u00eei apar\u0163ine, el trebuie totu\u015fi s\u0103 se v\u00e2nd\u0103 pentru un salariu. Iar deoarece condi\u0163ia de proletar este \u00eemp\u0103rt\u0103\u015fit\u0103 de mul\u0163i, ea genereaz\u0103 \u015fi nevoia de solidaritate.<\/p>\n<p style=\"text-align: justify;\">Nu putem, fire\u015fte, s\u0103 nu \u0163inem seama de evolu\u0163ia lucrurilor. Mai ales o dat\u0103 cu politica <em>welfare state<\/em> \u00een Occidentul postbelic \u2013 determinat\u0103 at\u00e2t de spa\u021biul economic eliberat prin distrugerile r\u0103zboiului<a href=\"#_edn10\" name=\"_ednref10\">[10]<\/a> (deci de refacerea de dup\u0103 r\u0103zboi), c\u00e2t \u0219i de frica de modelul socialist \u0219i nevoia de a-l concura \u2013 o bun\u0103 parte dintre proletarii ora\u015felor \u015fi-au ridicat nivelul material la cel al micii burghezii, ca s\u0103 folosesc un termen sociologic mai vechi, sau la cel al \u201eclasei de mijloc\u201d, dac\u0103 vrem s\u0103 ne referim la criteriul nivelului mediu \u00eenst\u0103rit de consum. De aceea, mul\u0163i dintre membrii beneficiari ai acestei politici au devenit convin\u015fi c\u0103 ei chiar nu mai sunt proletari: cu at\u00e2t mai mult cu c\u00e2t fabricile au devenit aerisite \u015fi pline de automate. \u015ei cu at\u00e2t mai mult cu c\u00e2t num\u0103rul serviciilor aflate mai departe de ma\u015fini, \u00een amontele preg\u0103tirii industriei \u015fi \u00een avalul comercializ\u0103rii ei, a devenit foarte mare: ca urmare, prestatorii ei spuneau c\u0103 \u201enu mai erau clas\u0103 muncitoare\u201d.<\/p>\n<p style=\"text-align: justify;\">Nu ne intereseaz\u0103 aici teoriile \u2013 adic\u0103 spus mai frust, propaganda \u2013 care au b\u0103tut la cap oamenii de diminea\u0163a p\u00e2n\u0103 seara, ci situa\u0163ia obiectiv\u0103 a acestora. Iar aceasta a fost acum, \u015fi chiar dac\u0103 ei erau \u00een continuare\u00a0 dependen\u0163i de v\u00e2nzarea for\u0163ei lor de munc\u0103, diferit\u0103 de aceea a lucr\u0103torilor din fabricile din secolul al XIX-lea \u015fi a celor tayloriste.<\/p>\n<p style=\"text-align: justify;\">\u015ei tocmai pe terenul politicii de <em>welfare state<\/em> a avut loc \u015fi trecerea la cea de-a Doua Revolu\u0163ie Industrial\u0103: dup\u0103 Prima \u2013 \u00een care muncitorul <em>deservea<\/em> ma\u0219ina<a href=\"#_edn11\" name=\"_ednref11\">[11]<\/a> \u2013 acum cibernetica \u0219i automatizarea <em>au \u00eenlocuit<\/em> multe munci de deservire \u015fi au transformat ma\u015finile \u00een a\u015fa fel \u00eenc\u00e2t <em>productivitatea lor este uria\u015f\u0103<\/em>; iar introducerea actual\u0103 a Inteligen\u021bei Artificiale \u00a0a eliberat \u0219i mai mul\u021bi oameni de rigorile muncii industriale \u0219i, \u00een general, ale muncii repetitive \u0219i translabile \u00een algoritmi ce asigur\u0103 o predictibilitate deplin\u0103 a muncii.<\/p>\n<p style=\"text-align: justify;\">Ca urmare, num\u0103rul de locuri de munc\u0103 a devenit principala problem\u0103 a or\u0103\u0219enilor: pentru a tr\u0103i,<\/p>\n<ul style=\"text-align: justify;\">\n<li><em>fie<\/em> se dezvolt\u0103 politici sociale reale (of, \u015fi c\u00e2t\u0103 nevoie este de <em>mai mul\u0163i<\/em> pedagogi, medici \u015fi infirmiere, cercet\u0103tori, <em>cercet\u0103tori<\/em> \u2013 de la fizic\u0103 la istorie etc. \u2013, de ecologi, de agronomi \u0219i biologi urbani, de psihologi, de transdisciplinari\u015fti),<\/li>\n<li><em>fie<\/em> <em>unii<\/em> reu\u015fesc s\u0103 se aciueze \u00een servicii birocratice de stat \u015fi private (inclusiv \u00een ONG-uri ce ob\u0163in fonduri, inclusiv de la statul ce \u00ee\u0219i \u201eexternalizeaz\u0103\u201d responsabilit\u0103\u021bile; sau \u00een acele <em>bulshit<\/em> joburi<a href=\"#_edn12\" name=\"_ednref12\">[12]<\/a> \u2013 ce sunt \u0219i ele birocratizate, adic\u0103 stratificate \u00een joburi bine pl\u0103tite \u0219i \u00een altele slab remunerate; \u0219i care, <em>obiectiv<\/em>, sunt servicii care nu r\u0103spund unor nevoi reale sau aceste nevoi sunt artificial impuse<a href=\"#_edn13\" name=\"_ednref13\">[13]<\/a>, de aceea, <em>subiectiv<\/em>, cei care le \u00eendeplinesc se simt aliena\u021bi sau, \u00eentr-o form\u0103 pervers\u0103 a alien\u0103rii, mul\u021bumi\u021bi de plafonare; de fapt, <em>bulshit <\/em>joburile sunt cele care corespund criteriului descrierii acestor joburi ca risipitoare de creativitate uman\u0103<a href=\"#_edn14\" name=\"_ednref14\">[14]<\/a> \u0219i chiar d\u0103un\u0103toare<a href=\"#_edn15\" name=\"_ednref15\">[15]<\/a>, determin\u00e2nd din ce \u00een ce mai mult \u00eentrebarea: cu ce corespund joburile <em>nevoilor<\/em> societ\u0103\u021bii<a href=\"#_edn16\" name=\"_ednref16\">[16]<\/a> ; a\u0219adar, <em>bulshit <\/em>joburile sunt cele care atac\u0103 nevoia omului 1) de a face (\u0219i nu de a transfera activitatea altuia<a href=\"#_edn17\" name=\"_ednref17\">[17]<\/a>), 2) de a face efort (de abia \u00een urma c\u0103ruia odihna fiind pl\u0103cut\u0103), 3) de a fi util \u00een mod real \u2013),<\/li>\n<li>iar <em>ceilal\u0163i<\/em> supravie\u0163uiesc la limita de jos, prin muncile precare pe care le \u00eendeplinesc: \u00een condi\u021biile legii sau \u00een afara ei.<\/li>\n<\/ul>\n<p style=\"text-align: justify;\">\u00cen treac\u0103t, adev\u0103rata politic\u0103 social\u0103 nu este aceea \u00een care cre\u015fte num\u0103rul de poli\u0163i\u015fti deoarece cre\u015fte num\u0103rul de infrac\u0163iuni \u015fi de infractori, ci aceea \u00een care se previne infrac\u0163ionalitatea prin educa\u0163ie, grij\u0103 comun\u0103 pentru condi\u0163ii de via\u0163\u0103 demne \u015fi pentru perspectiva fiec\u0103ruia. Iar dac\u0103 proletarii sunt tot proletari \u015fi nu au nicio putere s\u0103 impun\u0103 o politic\u0103 social\u0103, s\u0103 nu ne mir\u0103m c\u0103 <em>anomia cre\u015fte, indiferent de num\u0103rul poli\u0163i\u015ftilor<\/em>.<\/p>\n<p style=\"text-align: justify;\">A\u015fadar, \u00een timpul Primei Revolu\u0163ii Industriale proletarii ie\u015feau \u00een strad\u0103 \u2013 altfel, chiar s-ar fi sufocat \u00een fabrici \u015fi locuin\u0163ele umile \u2013 \u015fi, chiar dac\u0103 unii dintre ei visau la o r\u0103sturnare, exact a\u015fa cum burghezia acum st\u0103p\u00e2n\u0103 f\u0103cuse cu un secol \u00eenainte, cu to\u0163ii \u015ftiau c\u0103 pot s\u0103 ob\u0163in\u0103 \u015fi p\u00e2n\u0103 atunci ceva: o v\u00e2nzare mai avantajoas\u0103 a for\u0163ei lor de munc\u0103. C\u0103ci f\u0103r\u0103 ei nu se puteau ob\u0163ine nici produse \u015fi nici profit.<\/p>\n<p style=\"text-align: justify;\">Politica de <em>welfare state<\/em> a fost, \u00eentr-o mare m\u0103sur\u0103, \u015fi rezultatul fricii de escaladarea protestului de jos: mai bine li se \u00eendeplinea oamenilor un anumit nivel al dolean\u0163elor, socotit a nu impieta prea mult asupra profitului, chiar dimpotriv\u0103 \u2013 deoarece doar prin politica de <em>welfare<\/em> s-a constituit \u0219i a crescut consumul de mas\u0103 \u2013\u00a0 dec\u00e2t s\u0103 nu mai poat\u0103 fi st\u0103p\u00e2ni\u0163i \u015fi s\u0103 impun\u0103 <em>ei<\/em> ceva distructiv pentru profitul \u00eensu\u015fi.<\/p>\n<p style=\"text-align: justify;\">S\u0103 nu ne imagin\u0103m, \u00eens\u0103, c\u0103 perioada p\u00e2n\u0103 prin anii 70 ai secolului trecut a fost foarte roz\u0103: au existat multe greve \u015fi tensiuni \u2013 legate direct <em>\u015fi<\/em> indirect<a href=\"#_edn18\" name=\"_ednref18\">[18]<\/a> de situa\u0163ia muncii \u2013 \u015fi nu numai pentru c\u0103 lucrurile cucerite trebuiau, \u015fi trebuie, mereu \u015fi mereu re-cucerite. \u00centregul deceniu 61-70 este turbulent \u00een SUA, \u00een timp ce \u00een Europa occidental\u0103 mai-ul 1968 d\u0103 seam\u0103 de ceea ce nu doar p\u00e2n\u0103 atunci, ci \u015fi mai t\u00e2rziu, civiliza\u0163ia capitalist\u0103 genereaz\u0103: disperarea<a href=\"#_edn19\" name=\"_ednref19\">[19]<\/a> lipsei de sens al vie\u0163ii. Dar oamenii nu au mai ie\u015fit \u00een strad\u0103 a\u015fa cum o f\u0103ceau \u00een perioada de glorie a Primei Revolu\u0163ii Industriale: acum demersul s-a realizat mai degrab\u0103 insular, parc\u0103 lipsit de o logic\u0103 a continuit\u0103\u0163ii.<\/p>\n<p style=\"text-align: justify;\">Dup\u0103 cum se \u015ftie, termenul de \u201eAmerica profund\u0103\u201d a fost folosit pentru a descrie categoriile mai degrab\u0103 rurale \u015fi ale or\u0103\u015felelor, care au semnificative concep\u0163ii conservatoare. \u00cen ce m\u0103 prive\u015fte, folosesc termenul de \u201eurbanul profund\u201d drept sinonim al st\u0103rii de rebeliune: eficient\u0103 \u015fi ordonat\u0103 de lupta sindical\u0103 \u015fi a partidelor muncitore\u015fti p\u00e2n\u0103 prin anii 70, latent\u0103 \u015fi \u00een reflux p\u00e2n\u0103 prin anii 2000 \u2013 dar nu mai pu\u0163in real\u0103 \u2013, \u00een proces de flux \u00eentrerupt din 2000 \u00eencoace.<\/p>\n<p style=\"text-align: justify;\">\u00centr-adev\u0103r, o dat\u0103 cu anii 70 \u2013 \u015fi nu numai pentru c\u0103 r\u0103bufnirile din 68 fuseser\u0103 stinse \u2013 au \u00eenceput s\u0103 se manifeste doar elemente (p\u00e2n\u0103 prin anii 89) de a Doua Revolu\u0163ie Industrial\u0103; dar prin <em>externalizarea<\/em> produc\u0163iei \u00een \u0163\u0103rile periferice \u015fi prin <em>ter\u0163iarizarea<\/em> economiilor occidentale (cele mai multe locuri de munc\u0103 \u00een servicii, pl\u0103tite relativ bine pe seama ieftin\u0103t\u0103\u0163ii for\u0163ei de munc\u0103 din Periferii), s-au rarefiat \u015fi rela\u0163iile de solidaritate \u00eentre \u201egulerele albe\u201d \u015fi \u201egulerele albastre\u201d, constituite pe fundalul politicii de <em>welfare <\/em>ce p\u0103ruse s\u0103 sus\u021bin\u0103 imaginea drepturilor democratice de tipul unui iluminism redivivus. C\u0103ci acum, <em>transna\u0163ionalizarea<\/em> capitalului (termenul cunoscut este de <em>globalizare<\/em>) \u00a0a dus \u015fi la cre\u015fterea <em>independen\u0163ei capitalului fa\u0163\u0103 de state<\/em> \u015fi, desigur, <em>de for\u0163a de munc\u0103<\/em> din aceste state: capitalul are la dispozi\u0163ie, prin <em>delocalizare<\/em>, for\u0163a de munc\u0103 din \u00eentreaga lume \u2013 peste tot statele cheam\u0103 capitalul, c\u0103ci altfel nu au economie \u015fi nici surse de venit, \u015fi le ofer\u0103 \u201econdi\u0163ii prietenoase\u201d \u2013 o for\u0163\u0103 de munc\u0103 domesticit\u0103, care accept\u0103 sc\u0103derea salariilor c\u0103ci altfel pare c\u0103 nu le-ar mai avea deloc, \u015fi desigur are la dispozi\u021bie \u015fi taxe sc\u0103zute pe profit. Forma intelectual\u0103 a \u201egulerelor albe\u201d ce credeau c\u0103 vor r\u0103m\u00e2ne privilegiate pe vecie \u0219i ferite de constr\u00e2ngerea de neoprit a profitabilit\u0103\u021bii, nu a reu\u0219it s\u0103-\u0219i p\u0103streze capacitatea de inovare \u00een domeniul drepturilor \u0219i valorilor sociale, ci s-a supus acestei constr\u00e2ngeri \u0219i s-a umplut de legitim\u0103ri ale inegalit\u0103\u021bii \u0219i injusti\u021biei. Voturile \u201egulerelor albe\u201d au sus\u021binut neclara \u0219i apoi explicita revolu\u021bie neo-liberal\u0103\/neo-conservatoare ce s-a profilat cel pu\u021bin din anii 80 \u0219i a devenit \u00eenving\u0103toare odat\u0103 cu \u00eenceperea noului mileniu.<\/p>\n<p style=\"text-align: justify;\">Sindicatele fuseser\u0103 organiz\u0103ri eficiente ale solidarit\u0103\u0163ii atunci c\u00e2nd capitalul lucra doar cu for\u0163a de munc\u0103 din statul respectiv. Acum, \u00een fa\u0163a transna\u0163ionaliz\u0103rii, ele nu sunt dec\u00e2t forme goale dac\u0103 nu devin pe potriva capitalului, adic\u0103 <em>interna\u021bionale<\/em>: \u00a0care mai e rostul lor dac\u0103 nu \u021bin pasul cu tipul de capital?<\/p>\n<p style=\"text-align: justify;\">La fel e situa\u0163ia \u015fi cu partidele muncitore\u015fti. De aceea, p\u00e2n\u0103 prin 2000 \u2013 c\u00e2nd teoria politic\u0103 <em>mainstream<\/em> a fost at\u00e2t de <em>ilogic\u0103<\/em> \u00eenc\u00e2t s\u0103 cread\u0103 c\u0103 modelul occidental al <em>serviciilor din \u021b\u0103rile Centru<\/em>, bazat pe pre\u0163ul mai mare al acestora, \u015fi al <em>consumului<\/em>, dar realizat \u00een esen\u0163\u0103 <em>pe datorie<\/em>, ar fi viabil \u015fi pentru <em>o<\/em> \u0163ar\u0103 (chiar occidental\u0103), \u015fi \u00eenc\u0103 \u00a0<em>forever<\/em>, \u015fi pentru <em>multe <\/em>\u0163\u0103ri care l-ar prelua: o perspectiv\u0103 iluzorie, dat\u0103 mai ales \u201egulerelor albe\u201d pentru a le \u00eent\u0103ri autoam\u0103girea \u2013 cohortele de proletari cu gulere albe deja s-au retras \u00een via\u0163a privat\u0103<a href=\"#_edn20\" name=\"_ednref20\">[20]<\/a>. Ele au \u015fi fost \u00eempinse aici, iar \u201egulerele albastre\u201d mai degrab\u0103 au \u00a0sus\u0163inut iner\u0163ial vechea organizare sindical\u0103 \u015fi politic\u0103 a protestului lor.<\/p>\n<p style=\"text-align: justify;\">R\u0103scrucea dintre milenii a eviden\u0163iat, \u00eens\u0103, dou\u0103 lucruri: c\u0103 nici m\u0103car <em>high tech<\/em>-ul nu fere\u015fte capitalismul de criz\u0103 (vezi criza dot.com, 2000, dup\u0103 bula speculativ\u0103 dintre 1995-2000) \u015fi c\u0103 acumul\u0103rile cantitative duc, p\u00e2n\u0103 la urm\u0103, la treziri \u2013 chiar \u00een \u0163\u0103rile occidentale; \u015fi c\u0103 lumea nu se mai reduce la o vitrina\u00a0 de succes \u2013 nici p\u00e2n\u0103 atunci nu se reducea, dar ideologia oficial\u0103 considera c\u0103 nu e important dec\u00e2t ce este \u00een Occident \u015fi, rar, primprejur \u2013. Anii de r\u0103scruce au fost martorii forumurilor sociale \u015fi ale protestelor de r\u0103sunet mondial \u00een care au participat \u015fi tineri occidentali \u015fi cei din America Latin\u0103, Asia \u015fi Africa<a href=\"#_edn21\" name=\"_ednref21\">[21]<\/a>. Anul 2011 a v\u0103zut \u201eprim\u0103vara arab\u0103\u201d<a href=\"#_edn22\" name=\"_ednref22\">[22]<\/a>, iar \u00een urm\u0103torii 14 ani prezen\u021ba \u00een strad\u0103 a rezultat \u00een votul popular pentru guverne de st\u00e2nga \u00een America Latin\u0103 \u0219i pentru schimbarea guvernelor corupte \u00een Asia. Popula\u021bia privilegiat\u0103 a Occidentului s-a manifestat \u0219i se manifest\u0103 divizat, o parte satelitiz\u00e2nd \u00een jurul ideologiei politice a domina\u021biei occidentale asupra lumii \u2013 ca garan\u021bie a p\u0103str\u0103rii roadelor acestei domina\u021bii<a href=\"#_edn23\" name=\"_ednref23\">[23]<\/a> \u2013 \u0219i o parte ce con\u0219tientizeaz\u0103\u00a0 crizele globale ca evident antropogene (mai mult, capitalogene)<a href=\"#_edn24\" name=\"_ednref24\">[24]<\/a> uneori transform\u0103 incapacitatea de a \u00een\u021belege cauzele de clas\u0103<a href=\"#_edn25\" name=\"_ednref25\">[25]<\/a> ale acestora \u00een teorii ale conspira\u021biei persoanelor<a href=\"#_edn26\" name=\"_ednref26\">[26]<\/a>.<\/p>\n<p style=\"text-align: justify;\">A\u015fa cum sistemul capitalist este mondial, a\u015fa \u015fi solidaritatea uman\u0103 \u2013 ceea ce \u00eenseamn\u0103, \u00eenainte de toate, solidaritatea \u00een fa\u0163a condi\u0163iilor muncii \u015fi opozi\u0163ia \u00eempotriva confisc\u0103rii private a deciziilor privind viitorul planetei \u2013 devine, prin experien\u0163e concrete, mondial\u0103. Iar locul unde s-a constituit \u015fi se constituie solidaritatea dincolo de gospod\u0103rie \u015fi de sat este\u00a0 ora\u015ful. Ora\u015ful este locul de na\u015ftere a politicilor sociale \u015fi a filantropiei, ca modalit\u0103\u0163i de sus \u2013 contradictorii \u00eentre ele \u2013 de pre\u00eent\u00e2mpinare a solidarit\u0103\u0163ii proletare, deci de diminuare a cauzelor sociale concrete ale acesteia.<\/p>\n<p style=\"text-align: justify;\">\u00cen sf\u00e2r\u015fit aici, protestul modern \u00ee\u015fi are originea \u015fi \u00een spa\u0163iul \u00eentins al Periferiei, iar principala motiva\u0163ie a fost aducerea \u00een stare de sclavie a acestei Periferii \u015fi de subjugare iar apoi, continuarea economic\u0103 a acestei st\u0103ri, neocolonialismul. Marile ora\u015fe de la Periferie sau din zone emergente ale ei se afl\u0103 azi \u00een fruntea mobiliz\u0103rii spre public a popula\u0163iei. Deoarece cea mai mare parte a megalopolis-urilor (iar cele mai multe se afl\u0103 \u00een Asia) are \u00eenf\u0103\u0163i\u015farea unor \u201emahalale globale\u201d<a href=\"#_edn27\" name=\"_ednref27\">[27]<\/a> \u015fi cea mai mare parte a popula\u0163iei acestora este \u00a0proletar\u0103.<\/p>\n<p style=\"text-align: justify;\">\n<ol style=\"text-align: justify;\">\n<li><strong>C<\/strong>. \u00cen al treilea r\u00e2nd, a tr\u0103i \u00eenseamn\u0103 a avea \u015fi <em>rela\u0163ii cu obiectele materiale<\/em>. Pozi\u0163ionarea fa\u0163\u0103 de acestea \u015fi conferirea de semnifica\u0163ii acestora sunt factori fundamentali ai existen\u0163ei umane: adic\u0103 \u015fi ai existen\u0163ei ca atare \u015fi a caracteristicii umane a existen\u0163ei.<\/li>\n<\/ol>\n<p style=\"text-align: justify;\">Satul este, a\u015fa cum se \u015ftie, locul (originar al) folosirii <em>uneltelor<\/em>. Acestea sunt prelungirea abilit\u0103\u0163ilor omene\u015fti \u015fi, \u00eentruc\u00e2t obiectivul s\u0103tenilor este, \u00een principal, u\u015furarea muncii de cre\u015ftere a plantelor \u015fi animalelor \u015fi beneficierea de roadele acestei cultiv\u0103ri, deci \u00eentruc\u00e2t \u00een ultim\u0103 instan\u0163\u0103 \u015fi plantele \u015fi animalele pot fi folosite \u015fi nemijlocit (f\u0103r\u0103 intermediul uneltelor), uneltele sunt simple. Nu ne intereseaz\u0103 aici inventivitatea \u0163\u0103ranilor \u015fi tr\u0103s\u0103turile de mecanism ale unor unelte, ci faptul c\u0103 <em>scopul principal<\/em> al s\u0103tenilor a fost exploatarea naturii, \u015fi nu al fabricii\/fabricarea<a href=\"#_edn28\" name=\"_ednref28\">[28]<\/a>, adic\u0103 al invent\u0103rii de mijloace tehnice: \u00een ultim\u0103 instan\u0163\u0103, natura produce pentru subzisten\u0163\u0103 \u015fi f\u0103r\u0103 s\u0103 fie impulsionat\u0103 \u015fi canalizat\u0103 de c\u0103tre unelte. Pe c\u00e2nd <em>construirea<\/em> de mijloace tehnice \u2013 deci <em>multiplicarea <\/em>\u015fi <em>complicarea<\/em> lor, ceea ce \u00eenseamn\u0103 \u015fi eficien\u0163a lor ce duce, p\u00e2n\u0103 la urm\u0103, la \u00a0excluderea total\u0103 a efortului de munc\u0103 \u2013 este ea \u00eens\u0103\u015fi o activitate intermediar\u0103 celei de ob\u0163inere a bunului primar, hrana.<\/p>\n<p style=\"text-align: justify;\">Diferen\u0163a de obiective \u00eentre sat \u015fi ora\u015f a dus \u015fi duce la rela\u0163ii calitativ distincte ale locuitorilor celor dou\u0103 tipuri de a\u015fez\u0103ri cu mijloacele de munc\u0103. Rolul tehnicii nu este acela\u015fi la sat \u015fi la ora\u015f, sau emerg\u00e2nd \u00eentr-un loc sau \u00een cel\u0103lalt. Pe de o parte, fire\u015fte c\u0103 spiritul constructiv, cel prin care omul a reu\u015fit s\u0103 \u00eenving\u0103 condi\u0163iile nepropice de trai, apar\u0163ine lui <em>homo sapiens<\/em> \u015fi, deci, s-a n\u0103scut la \u0163ar\u0103, \u00een rela\u0163ia direct\u0103 cu natura. <em>Atitudinea constructiv\u0103 a omului este aceea de creare a lumii sale proprii, artificiale<\/em><a href=\"#_edn29\" name=\"_ednref29\">[29]<\/a>. Dar ora\u015ful este legat de <em>tehnica <\/em><em>\u00eenalt\u0103<\/em> \u2013 aceea dependent\u0103 de \u015ftiin\u0163a care p\u0103trunde necunoscutul \u2013, pe c\u00e2nd satul (\u015fi nu ne intereseaz\u0103 aici c\u0103 locuitori actuali ai satului pot fi str\u00e2ns lega\u0163i de tehnica cea mai \u00eenalt\u0103<a href=\"#_edn30\" name=\"_ednref30\">[30]<\/a>) poate supravie\u0163ui \u015fi f\u0103r\u0103 aceasta. Or ora\u015ful chiar nu poate<a href=\"#_edn31\" name=\"_ednref31\">[31]<\/a>. Diviziunea muncii din ora\u015fe \u2013 capabil\u0103 s\u0103 creeze lucruri inedite fa\u0163\u0103 de cele de la sat \u2013 este determinat\u0103 de <em>\u015ftiin\u0163a<\/em> care este urmarea <em>concentr\u0103rii umane urbane<\/em><a href=\"#_edn32\" name=\"_ednref32\">[32]<\/a>.<\/p>\n<p style=\"text-align: justify;\">Pe de alt\u0103 parte, numai specificul tehnicii moderne permite omului \u00eentrebarea privitoare la esen\u0163a tehnicii, c\u0103ci numai ea dezvolt\u0103 la paroxism crea\u0163ia tehnic\u0103 supus\u0103 func\u0163ionalit\u0103\u0163ii care poate ajunge s\u0103 rup\u0103 omul \u015fi de natur\u0103 \u015fi de g\u00e2ndirea asupra lui \u00eensu\u015fi. Hiper-func\u0163ionalismul tehnic \u2013 transfigurat \u00een <em>optimismul tehnologic<\/em> ce consider\u0103 \u015fi c\u0103 tehnica este aceea care rezolv\u0103 problemele umane \u015fi c\u0103 numai prin tehnic\u0103 se poate omul \u00een\u0163elege \u2013 \u00a0este tocmai terenul ce \u00eel preseaz\u0103 pe om s\u0103 se opreasc\u0103 \u015fi s\u0103 chestioneze modul \u00een care el scoate din starea de ascundere adev\u0103rul s\u0103u. Deocamdat\u0103, func\u0163ionalismul care este reduc\u0163ionist, prin for\u0163a lucrurilor, a dat ideea c\u0103 tot adev\u0103rul (capacitatea \u015fi iner\u0163ia) omului ar fi dat(e) de tehnic\u0103, de obiect. Or, tocmai aglomerarea consecin\u0163elor acestei tehnici care reprezint\u0103 un pericol prin faptul c\u0103 pare c\u0103 logica sa func\u0163ionalist\u0103, de supunere-la-comand\u0103 a ac\u0163iunii omului de a inventa \u015fi a g\u00e2ndi, ar fi inevitabil\u0103, este ceea ce <em>ne determin\u0103 s\u0103 ne \u00eentreb\u0103m dac\u0103 ceea ce cre\u0103m tehnic se acord\u0103 cu esen\u0163a noastr\u0103 de a ne \u00een\u0163elege rostul vie\u0163ii<\/em>. Ajun\u015fi \u00een acest moment, nu mai privim tehnica doar ca pe un instrument \u2013 pe care \u00eel st\u0103p\u00e2nim, fire\u015fte (a\u015fa cum st\u0103p\u00e2nim \u015fi obiectele asupra c\u0103rora ac\u0163ioneaz\u0103 tehnica) \u2013 ci ca pe un <em>revelator destinal <\/em>al capacit\u0103\u0163ii noastre de a p\u0103trunde sub n straturi de adev\u0103r al lucrurilor \u015fi al nostru<a href=\"#_edn33\" name=\"_ednref33\">[33]<\/a>.<\/p>\n<p style=\"text-align: justify;\">Dincolo de o asemenea interpretare filosofic\u0103, se poate spune c\u0103 rela\u0163ia dintre oameni \u015fi tehnic\u0103 \u2013 adic\u0103 obiectele materiale \u015fi abstract-materiale pe care le creeaz\u0103 \u2013 este semnificativ\u0103 pentru \u00een\u0163elegerea <em>rela\u0163iei dintre subiect \u015fi obiect<\/em>. Nu este locul aici pentru o descriere, chiar sumar\u0103, a acestei rela\u0163ii. Este important, \u00eens\u0103, s\u0103 \u00een\u0163elegem <em>ambiguitatea <\/em>tehnicii, deci a obiectului, \u015fi atunci \u015fi a subiectului. Ca urmare, \u00eenainte de toate, s\u0103 nu \u00eemp\u0103rt\u0103\u015fim o ideologie <em>tehnofob\u0103<\/em>, potrivit c\u0103reia tehnica ar fi rea \u015fi ar duce la pervertirea omului. S-a spus \u0219i dovedit nu o dat\u0103 c\u0103 tehnica elibereaz\u0103 capacitatea noastr\u0103 de a crea, deoarece ne u\u015fureaz\u0103 \u015fi traiul zilnic. \u00cen acest proces, nu tehnica \u201ee de vin\u0103\u201d pentru \u00eendep\u0103rtarea noastr\u0103 de ceilal\u0163i \u015fi de ceea ce ar trebui s\u0103 cre\u0103m \u015fi s\u0103 existe ca obiect artificial, ci noi \u00een\u015fine, <em>obiectivele pe care le alegem<\/em> (inclusiv \u00eentr-un cadru func\u0163ionalist dincolo de care nu mai mergem) \u015fi <em>valorile pe care le \u00eemp\u0103rt\u0103\u015fim<\/em>.<\/p>\n<p style=\"text-align: justify;\">Ca urmare, a\u015fa cum manifestarea solidarit\u0103\u0163ii \u00een ora\u015ful modern a dus \u015fi la globalizarea urbanului \u015fi, astfel, a contribuit la eliberarea Periferiei, a\u015fa \u015fi rela\u0163ia or\u0103\u015feneasc\u0103 modern\u0103 cu mijloacele fabricate a dus cel pu\u0163in la eliberarea, par\u0163ial\u0103, desigur, dar extrem de important\u0103 a jum\u0103t\u0103\u0163ii popula\u0163iei urbane: femeile. \u00centr-adev\u0103r, \u201ema\u015fina de sp\u0103lat a schimbat lumea mai mult dec\u00e2t internetul\u201d<a href=\"#_edn34\" name=\"_ednref34\">[34]<\/a>.<\/p>\n<p style=\"text-align: justify;\">\n<p style=\"text-align: justify;\"><strong>Evadarea <\/strong><\/p>\n<p style=\"text-align: justify;\"><strong>\u00a0<\/strong><\/p>\n<p style=\"text-align: justify;\">Este interesant c\u0103 tocmai ceea ce este specific ora\u015fului \u2013 viteza, mi\u015fcarea rapid\u0103<a href=\"#_edn35\" name=\"_ednref35\">[35]<\/a> \u2013 permite conceperea \u015fi hot\u0103r\u00e2rea de a ie\u015fi din zona urban\u0103 tumultuoas\u0103 spre periferiile mai lini\u015ftite \u015fi chiar \u201e\u00eenapoi, la \u0163ar\u0103\u201d. Desigur c\u0103 aceast\u0103 mi\u015fcare are motiva\u0163ii economice (deci \u015fi tehnice) \u015fi politice, dar ea reflect\u0103 \u015fi imagini culturale despre propria noastr\u0103 fericire dependent\u0103 de diferite a\u015fez\u0103ri umane.<\/p>\n<p style=\"text-align: justify;\">A\u015fa cum, atunci c\u00e2nd un num\u0103r mare de s\u0103teni au fugit la ora\u015f \u00eenainte de toate constr\u00e2n\u015fi de precaritatea, dac\u0103 nu chiar imposibilitatea, mijloacelor de existen\u0163\u0103 de la sat, dar reprezent\u00e2ndu-\u015fi ora\u015ful drept un nou t\u0103r\u00e2m al f\u0103g\u0103duin\u0163elor, a\u015fa \u015fi ast\u0103zi exist\u0103 iluzii despre \u201e<em>habitatul cel\u0103lalt<\/em>\u201d ca Edenul\u00a0 pe care dorim s\u0103 \u00eel atingem \u015fi \u00een care s\u0103 ne g\u0103sim limanul.<\/p>\n<p style=\"text-align: justify;\">Evadarea este \u00eentotdeauna \u015fi o evaziune: nu mai putem, nu mai vrem s\u0103 contribuim la \u00eembun\u0103t\u0103\u0163irea traiului \u00een habitatul unde suntem, \u015fi ne sustragem obliga\u0163iilor fa\u0163\u0103 de ceilal\u0163i de aici. Dorin\u0163a <em>noastr\u0103<\/em> de a sc\u0103pa ne face s\u0103 urm\u0103rim ca <em>noi <\/em>s\u0103 ajungem acolo unde ni se pare c\u0103 e mai bine, iar asta o facem trec\u00e2nd, furi\u015f\u00e2ndu-ne<a href=\"#_edn36\" name=\"_ednref36\">[36]<\/a>.<\/p>\n<p style=\"text-align: justify;\">E important ca <em>noi<\/em> s\u0103 reu\u015fim s\u0103 sc\u0103p\u0103m: \u00een fond, depinde de ce vrea \u015fi ce poate fiecare, nu? Aceast\u0103 observa\u0163ie este amar\u0103, dar ea este prilejuit\u0103 de strategiile ac\u0163ionale ce sunt oferite de solu\u0163iile <em>mainstream<\/em> concentrate \u00een jurul simplului \u015fi primitivului \u201escap\u0103 cine poate\u201d. Aceste strategii apar, de exemplu, \u00een filmele \u00een care nici m\u0103car satul nu mai este socotit loc de refugiu din ora\u015fe, ci vreo caban\u0103 izolat\u0103 \u00een creierii mun\u0163ilor sau pe o insul\u0103 pustie. Da, acolo pare a fi locul \u00een care \u00ee\u015fi g\u0103sesc eroii alinarea, m\u00e2ng\u00e2ierea: dar a) ei nu sunt chiar ni\u015fte Robinson Crusoe, ci beneficiaz\u0103, chiar dac\u0103 indirect, de tehnica modern\u0103, \u015fi b) iar <em>aceast\u0103 tehnic\u0103 este creat\u0103 de al\u0163ii.\u00a0 <\/em><\/p>\n<p style=\"text-align: justify;\">Evadarea este diminuarea capacit\u0103\u0163ii \u015fi datoriei noastre de a construi: desigur, a \u00een\u0103l\u0163a o cas\u0103 la \u0163ar\u0103, a o moderniza pe cea b\u0103tr\u00e2neasc\u0103 nu \u00eenseamn\u0103 defel a abdica. Este frumos s\u0103 st\u0103m \u015fi la \u0163ar\u0103, dar ce facem noi pentru ora\u015f?<\/p>\n<p style=\"text-align: justify;\">\u00a0\u00a0\u00a0\u00a0\u00a0\u00a0\u00a0\u00a0\u00a0\u00a0\u00a0 \u00cen timpul Primei Revolu\u0163ii Industriale, ora\u015ful a fost locul ce oferea posibilitate de construire, deci de eliberare (chiar dac\u0103 par\u0163ial\u0103): individualismul \u0163\u0103r\u0103nesc (determinat \u015fi de modul de locuire, dar \u015fi de miturile intelectuale moderne liberale) a fost cumva \u00eenlocuit cu spiritul implic\u0103rii comune. Ast\u0103zi, ora\u015ful nu mai pare a fi spa\u0163iul unde eliberarea poate fi continuat\u0103: solu\u0163ia, sus\u0163inut\u0103 de mesajele intelectuale <em>mainstream<\/em>, este individualist\u0103, o re-\u00eentoarcere la spa\u0163iul restr\u00e2ns din care fierberea \u015ftiin\u0163ific\u0103 \u015fi cultural\u0103 specific\u0103 ora\u015fului este exclus\u0103, iar vechiul motiv liberal c\u0103 <em>societatea<\/em> ar fi o simpl\u0103 adunare a indivizilor este din nou \u00eembr\u0103\u0163i\u015fat. \u015ei poate nu numai prin str\u0103mutarea la \u0163ar\u0103: ci st\u00e2nd, \u00een continuare, \u00eentr-un ora\u015f emasculat de puterea sa de <em>common<\/em>, de participare. Dar asta duce la r\u0103t\u0103cire<a href=\"#_edn37\" name=\"_ednref37\">[37]<\/a>.<\/p>\n<p style=\"text-align: justify;\">\n<p style=\"text-align: justify;\">\u00a0\u00a0\u00a0\u00a0\u00a0\u00a0\u00a0\u00a0\u00a0\u00a0\u00a0 <strong>\u015ei-atunci?<\/strong><\/p>\n<p style=\"text-align: justify;\">\n<p style=\"text-align: justify;\">\u00a0\u00a0\u00a0\u00a0\u00a0\u00a0\u00a0\u00a0\u00a0\u00a0\u00a0 Nu putem s\u0103 alegem, suntem constr\u00e2n\u015fi de o logic\u0103 dincolo de care ajungem s\u0103 nu mai vedem c\u0103, de\u015fi suntem sili\u0163i <em>s\u0103 ne livr\u0103m<\/em> \u2013 ca s\u0103 folosesc cuvintele lui Heidegger despre tehnic\u0103 \u2013 avem totu\u015fi puterea s\u0103\u00a0 chestion\u0103m aceast\u0103 logic\u0103 \u015fi locul-nostru-\u00een-ea. Mai mult: ce <em>criterii<\/em> pot fi mai bune pentru a legitima dorin\u0163a noastr\u0103 de a ne schimba habitat-ul dec\u00e2t nevoile ce urc\u0103 de la cele primare la cele de siguran\u0163\u0103, de apartenen\u0163\u0103, de stim\u0103, de actualizare a sinelui (de moralitate, crea\u0163ie, spontaneitate, rezolvare realist\u0103 de probleme resping\u00e2nd prejudec\u0103\u0163ile)<a href=\"#_edn38\" name=\"_ednref38\">[38]<\/a>? Dac\u0103 ni le \u00eendeplinim mai bine \u00eentr-un loc sau altul, cine ce treab\u0103 are?<\/p>\n<p style=\"text-align: justify;\">\u00a0\u00a0\u00a0\u00a0\u00a0\u00a0\u00a0\u00a0\u00a0\u00a0\u00a0 \u00a0A\u015fa este. Iar mersul obiectiv al crea\u0163iei umane, deci al \u015ftiin\u0163ei \u015fi tehnicii, duce, prin caracterul s\u0103u global, la o <em>apropiere<\/em> \u00eentre sat \u015fi ora\u015f din punctul de vedere al <em>folosirii tehnicii din ce \u00een ce mai \u00eenalte.<\/em> Tehnica este un teren ce va oferi sprijin deopotriv\u0103 la sat \u015fi la ora\u015f, chiar dac\u0103 ora\u015ful\/spiritul urban \u00eei va fi \u015fi \u00een continuare sursa. Oricum, dac\u0103 nivelul tehnic va apropia cele dou\u0103 tipuri de locuire, alegerea noastr\u0103 pentru a sc\u0103pa de unul dintre ele va avea mai pu\u0163ine temeiuri.<\/p>\n<p style=\"text-align: justify;\">\u00a0\u00a0\u00a0\u00a0\u00a0\u00a0\u00a0\u00a0\u00a0\u00a0\u00a0 Dar \u00eenainte de a duce ra\u0163ionamentul mai departe, s\u0103 nu trecem u\u015for peste aceast\u0103 alegere ca atare: <em>putem oare s\u0103 o facem atunci c\u00e2nd \u015ftim c\u0103 al\u0163ii nu pot? <\/em>Putem tr\u0103i c\u00e2nd \u015ftim c\u0103 al\u0163ii sunt constr\u00e2n\u015fi s\u0103 se ghemuiasc\u0103 \u00een borta \u00een care vor doar s\u0103 vie\u0163uiasc\u0103? Nu ne g\u00e2ndim la ce simt ei \u015fi cum ar fi dac\u0103 am fi \u00een locul lor? Dincolo de explica\u0163iile sociologice ale originii traiectoriilor umane, <em>etica<\/em> este extrem de important\u0103 atunci c\u00e2nd inten\u0163ion\u0103m s\u0103 punem omul fa\u0163\u0103 \u00een fa\u0163\u0103 cu <em>esen\u0163a<\/em> sa: care nici nu poate ap\u0103rea atunci c\u00e2nd el nu este liber s\u0103 aleag\u0103 potrivit voin\u0163ei sale de a fi liber <em>\u00een mod uman.<\/em><\/p>\n<p style=\"text-align: justify;\">\u00a0\u00a0\u00a0\u00a0\u00a0\u00a0\u00a0\u00a0\u00a0\u00a0\u00a0 Mul\u0163i oameni sunt convin\u015fi c\u0103 ei nu tr\u0103iesc dac\u0103 \u00eei ignor\u0103 pe semeni, afla\u0163i mai aproape sau mai departe.\u00a0 Presiuni puternice din partea de\u0163in\u0103torilor de putere, prin tot felul de porta-voci \u015fi de halo-uri, sunt puse \u00een joc pentru a opri aceast\u0103 <em>tendin\u0163\u0103 natural\u0103<\/em> (chiar dac\u0103 educat\u0103, fire\u015fte) <em>spre grija fa\u0163\u0103 de ceilal\u0163i<\/em>. \u00cencordarea maxim\u0103 legat\u0103 de confruntarea oamenilor cu aceste presiuni poate duce \u015fi la e\u015fecuri: oricum, la irosirea timpului de a tr\u0103i a at\u00e2tor oameni.<\/p>\n<p style=\"text-align: justify;\">\u00a0\u00a0\u00a0\u00a0\u00a0\u00a0\u00a0\u00a0\u00a0\u00a0\u00a0 Exist\u0103, \u00eens\u0103, un proces obiectiv\u00a0 care ne permite s\u0103 nu ne socotim ni\u015fte f\u0103pturi ce se bazeaz\u0103 pe auto-mistificare pentru c\u0103 altfel nu ar putea dura-pu\u0163in-\u00een-prezen\u0163\u0103: acesta este <em>schimbarea muncii<\/em> (legat\u0103, desigur, de aceea a tehnicii) <em>\u015fi a civiliza\u0163iei<\/em>. Integrarea mondial\u0103 prin \u015ftiin\u0163a \u015fi tehnica \u00een av\u00e2nt, adecvarea for\u0163ei de munc\u0103 la formidabila deschidere \u015fi productivitate, sporul ei \u00een inteligen\u0163\u0103 \u015fi cunoa\u015ftere (cu toate piedicile puse acestui spor), deci capacitatea ei de a impune o <em>ordine uman\u0103 potrivit\u0103 acelei productivit\u0103\u0163i fantastice<\/em> constituie, toate aceste aspecte, stimulii noii civiliza\u0163ii.<\/p>\n<p style=\"text-align: justify;\">\u00a0\u00a0\u00a0\u00a0\u00a0\u00a0\u00a0\u00a0\u00a0\u00a0\u00a0 Nu lipsurile \u015fi constr\u00e2ngerile vor fi cauzele obiective ale dorin\u0163ei de a ne muta \u00eentr-un loc sau altul: ci, \u00eentr-un cuv\u00e2nt, <em>dorin\u0163a de a experimenta c\u00e2t mai multe vie\u0163i<\/em>.<\/p>\n<p style=\"text-align: justify;\">\u00a0\u00a0\u00a0\u00a0\u00a0\u00a0\u00a0\u00a0\u00a0\u00a0\u00a0 Ast\u0103zi, aceast\u0103 dorin\u0163\u0103 este satisf\u0103cut\u0103, pentru o bun\u0103 parte din oameni, prin privirea la televizor\/pe internet \u015fi prin turism. \u00cen fond, oamenii sunt \u0163intui\u0163i acolo unde i-a pus soarta, adic\u0103 \u00eemprejur\u0103rile. Din c\u00e2nd \u00een c\u00e2nd evadeaz\u0103 turistic, dar asta nu le schimb\u0103 cadrul de via\u0163\u0103. Dar, oare, poate reprezenta turismul solu\u0163ia <em>pluri-experien\u0163ei umane aute<\/em>ntice?<\/p>\n<p style=\"text-align: justify;\">\u00a0\u00a0\u00a0\u00a0\u00a0\u00a0\u00a0\u00a0\u00a0\u00a0\u00a0 Nu, schimbarea civiliza\u0163iei ne va permite nu s\u0103 evad\u0103m unidirec\u0163ional \u2013 s\u0103 ne amintim, c\u00e2nd de la sat la ora\u015f, c\u00e2nd de la ora\u015f la sat\/or\u0103\u015fel \u2013 ci, pur \u015fi simplu, <em>s\u0103 tr\u0103im \u00een multe locuri<\/em>. \u201ePeste tot\u201d, ca urmare. \u015ei atunci, chiar \u00eentrebarea de la care am pornit aici se dovede\u015fte a fi istoric\u0103.<\/p>\n<p style=\"text-align: justify;\">\n<p style=\"text-align: justify;\"><em>\u00a0<\/em><\/p>\n<p style=\"text-align: justify;\"><em>\u00a0<\/em><\/p>\n<p style=\"text-align: justify;\"><em>Note<\/em><\/p>\n<p style=\"text-align: justify;\"><a href=\"#_ednref1\" name=\"_edn1\">[1]<\/a> Eminescu, <em>Privesc ora\u015ful furnicar<\/em>, 1873.<\/p>\n<p style=\"text-align: justify;\"><a href=\"#_ednref2\" name=\"_edn2\">[2]<\/a> Vezi parodia cunoscut\u0103 a lui Grigore Top\u00e2rceanu,\u00a0 <em>Al. Dep\u0103r\u0103\u0163eanu: Via\u0163a la \u0163ar\u0103<\/em> (1916).<\/p>\n<p style=\"text-align: justify;\"><a href=\"#_ednref3\" name=\"_edn3\">[3]<\/a> Tadeusz Kotarbinski. 1976. <em>Tratat despre lucrul bine f\u0103cut<\/em> (1973), Traducere de Ihor Lemnij, Bucure\u015fti, Editura Politic\u0103, p. 122: \u201e\u00cen \u00een\u0163elesul nostru praxeologic, munca este opus\u0103 oric\u0103rei activit\u0103\u0163i care nu este supus\u0103 unei constr\u00e2ngeri\u201d.<\/p>\n<p style=\"text-align: justify;\"><a href=\"#_ednref4\" name=\"_edn4\">[4]<\/a> Acesta a fost \u015fi punctul de vedere expus de Hannah Arendt. 1958. <em>The Human Condition<\/em>, Chicago, University of Chicago Press. (vezi \u015fi Ana Bazac. 2010. \u00ab\u00a0Travail et action : la philosophie face au d\u00e9fi du cach\u00e9\u00a0\u00bb, <em>L&#8217;Universel et le Devenir de l&#8217;Humain<\/em>, Actes du XXII\u00b0 congr\u00e8s international de l&#8217;ASPLF<br \/>\ndu 28 ao\u00fbt au 1er septembre 2008, Tunis, Association Tunisienne des \u00c9tudes Philosophiques, ASPLF: 391-403).<\/p>\n<p style=\"text-align: justify;\"><a href=\"#_ednref5\" name=\"_edn5\">[5]<\/a> Ca ciobanul din <em>Miori\u021ba<\/em>.<\/p>\n<p style=\"text-align: justify;\"><a href=\"#_ednref6\" name=\"_edn6\">[6]<\/a> Vezi de exemplu pozi\u0163ia \u0163\u0103ranilor francezi fa\u0163\u0103 de revolu\u0163ie: atunci c\u00e2nd Fran\u0163a a fost atacat\u0103 iar pentru ap\u0103rare a trebuit s\u0103 rechizi\u0163ioneze p\u0103r\u0163i din avutul \u0163\u0103ranilor, cei afla\u0163i mai aproape de grani\u0163a dinspre nord-est (de unde veneau armatele coali\u0163iei anti-revolu\u0163ionare) au continuat s\u0103 sprijine revolu\u0163ia deoarece se temeau mai mult de reinstaurarea rela\u0163iilor feudale impuse de o eventual\u0103 victorie a armatei statelor germane \u00een primul r\u00e2nd (\u00een care \u015ferbia a \u00eenceput s\u0103 fie abolit\u0103 abia din 1805 \u015fi p\u00e2n\u0103 prin 1848) dec\u00e2t de s\u0103r\u0103cirea temporar\u0103 determinat\u0103 de rechizi\u0163ii; \u00een timp ce \u0163\u0103ranii din sud-vest (vezi Vandeea) au fost mai u\u015for manipulabili de c\u0103tre for\u0163ele contra-revolu\u0163ionare interne deoarece sim\u0163eau mai mult povara rechizi\u0163iilor dec\u00e2t se temeau de armatele care erau departe.<\/p>\n<p style=\"text-align: justify;\"><a href=\"#_ednref7\" name=\"_edn7\">[7]<\/a> Mogens Herman Hansen. 2006. <em>Polis: An Introduction to the Ancient Greek City-State<\/em>, Oxford, Oxford University Press, pp. 56-63.<\/p>\n<p style=\"text-align: justify;\"><a href=\"#_ednref8\" name=\"_edn8\">[8]<\/a> Vezi Fran\u00e7ois de Polignac. 1984. <em>La naissance de la cit\u00e9 grecque. Cultes, espace, et soci\u00e9t\u00e9, VIIIe \u2013 VIIe si\u00e8cles avant J.-C.<\/em>, Paris, \u00c9ditions de La D\u00e9couverte.<\/p>\n<p style=\"text-align: justify;\"><a href=\"#_ednref9\" name=\"_edn9\">[9]<\/a> G. W.\u00a0 F. Hegel<em>. <\/em>1970. \u201eWer denkt abstrakt\u00a0?\u201d \u00a0(1807),<em> Werke in zwanzig B\u00e4nden,<\/em> 2 Band (Jenaer Schriften \u2013 1801-1807), Frankfurt am Main, Surkamp Verlag: 575-580.<\/p>\n<p style=\"text-align: justify;\"><a href=\"#_ednref10\" name=\"_edn10\">[10]<\/a> Ana Bazac. 2024. \u201cIncompatible Deployment: The Non-Creative Destruction of the Human Constructions\u201d, <em>Analele Universit\u0103\u021bii din Craiova, Seria Filosofie<\/em>, N. 53 (1): 126-152.<\/p>\n<p style=\"text-align: justify;\"><a href=\"#_ednref11\" name=\"_edn11\">[11]<\/a> Care a luat locul <em>uneltei <\/em>din \u00eentreaga istorie anterioar\u0103 Primei Revolu\u021bii Industriale.<\/p>\n<p style=\"text-align: justify;\">\u00a0\u00a0 Dac\u0103 evalu\u0103m revolu\u021biile industriale moderne dup\u0103 rolul \u0219i pozi\u021bia <em>for\u021bei de munc\u0103<\/em> fa\u021b\u0103 de <em>mijloacele de munc\u0103<\/em>, putem avea urm\u0103torul tabel:<\/p>\n<ul style=\"text-align: justify;\">\n<li>\u00eentreaga istorie de dinainte de Prima Revolu\u021bie Industrial\u0103: for\u021ba de munc\u0103 este pe primul plan \u0219i ea este principalul mijloc al productivit\u0103\u021bii<\/li>\n<li>Prima Revolu\u021bie Industrial\u0103 (<em>ma\u0219ina<\/em>, inclusiv taylorismul\/banda rulant\u0103): for\u021ba de munc\u0103 trece \u00een plan secund, ma\u0219ina devine principalul mijloc al productivit\u0103\u021bii<\/li>\n<li>a Doua Revolu\u021bie Industrial\u0103 (automatizarea-cibernetizarea): ma\u0219ina r\u0103m\u00e2ne principalul mijloc al productivit\u0103\u021bii, dar for\u021ba de munc\u0103 nu mai are rolul prim de a deservi ma\u0219ina, ci o controleaz\u0103 (cibernetizarea presupune integrarea ma\u0219inilor \u00een sisteme ce cuprind din ce \u00een ce mai multe sarcini de fabricare)<\/li>\n<li>a Treia Revolu\u021bie Industrial\u0103 (Inteligen\u021ba Artificial\u0103) (a \u00eenceput, \u00een curs): for\u021ba de munc\u0103 \u0219i IA colaboreaz\u0103 \u00een controlul ma\u0219inii<\/li>\n<\/ul>\n<p style=\"text-align: justify;\">\u00a0\u00a0 <em>Ma\u0219ina<\/em> este, aici, concept, adic\u0103, \u00een descrierea de mai sus, principiu de autonomie a uneltei fa\u021b\u0103 de for\u021ba de munc\u0103. Odat\u0103 creat\u0103, ma\u0219ina efectueaz\u0103 singur\u0103 sarcini precise de fabricare. Pentru asta, ea trebuie deservit\u0103 (Prima Revolu\u021bie Industrial\u0103) \u0219i apoi, controlat\u0103.<\/p>\n<p style=\"text-align: justify;\">\u00a0\u00a0 Dac\u0103 avem \u00een vedere modul de produc\u021bie capitalist care socote\u0219te importan\u021ba mijloacelor de produc\u021bie dup\u0103 capacitatea lor de a produce profit, atunci: \u00een Prima Revolu\u021bie Industrial\u0103 ma\u0219ina este scump\u0103, iar muncitorul \u2013 ieftin (este inter\u0219anjabil); \u00een a Doua Revolu\u021bie Industrial\u0103, for\u021ba de munc\u0103 nu mai este inter\u0219anjabil\u0103 ci competent\u0103, deci mai scump\u0103; la fel, ast\u0103zi. (Dar desigur, pre\u021bul concret al for\u021bei de munc\u0103 depinde nu doar de locul \u00een produc\u021bie, deci de competen\u021b\u0103, ci \u0219i de raporturile de concuren\u021b\u0103 \u00eentre capitaluri \u0219i \u00eentre for\u021be de munc\u0103: dac\u0103 concuren\u021ba din cadrul for\u021bei de munc\u0103 (deci oferta de for\u021b\u0103 de munc\u0103 este mare), pre\u021bul ei scade; dac\u0103 cererea de for\u021b\u0103 de munc\u0103 este mare (deci concuren\u021ba \u00eentre capitaluri este mare), pre\u021bul for\u021bei de munc\u0103 cre\u0219te).<\/p>\n<p style=\"text-align: justify;\"><a href=\"#_ednref12\" name=\"_edn12\">[12]<\/a> David Graeber. 2018. <em>Bullshit Jobs: A Theory<\/em>, New York, Simon &amp; Scuster; dar \u0219i Christopher Pollard,. 2024. <em>Flunkies, goons and managerial feudalism: why David Graeber\u2019s <\/em>Bullshit Jobs<em> is the book that keeps on giving<\/em>, July 30, https:\/\/theconversation.com\/flunkies-goons-and-managerial-feudalism-why-david-graebers-bullshit-jobs-is-the-book-that-keeps-on-giving-233775.<\/p>\n<p style=\"text-align: justify;\"><a href=\"#_ednref13\" name=\"_edn13\">[13]<\/a> Vezi jurnalismul transformat \u00een <em>propaganda providing<\/em>. \u00a0Sau \u201einfluencerii\u201d. Vezi \u0219i Harry G. Frankfurt. 2005. <em>On Bulshit<\/em>, Princeton University Press. Dar vezi ocupa\u021biile de \u201econsultan\u021b\u0103\u201d pentru false nevoi, inclusiv acelea care falsific\u0103 principiul specializ\u0103rii muncii, anul\u00e2nd alegerea\/libertatea de a alege \u00een domenii familiare individului, \u0219i anul\u00e2nd bucuria acestei libert\u0103\u021bi. Oare nu exist\u0103 suficiente mijloace (reviste, <em>advertisment<\/em>, t\u00e2rguri) pentru ca tinerii s\u0103 \u00ee\u0219i aleag\u0103 singuri hainele de nunt\u0103 etc.?<\/p>\n<p style=\"text-align: justify;\"><a href=\"#_ednref14\" name=\"_edn14\">[14]<\/a> Adic\u0103 munci care violenteaz\u0103 nevoia ontologic\u0103 a omului de <em>a se sim\u021bi util<\/em>. Aceste munci sunt cele care eviden\u021biaz\u0103 un rezultat (<em>output<\/em>) care anuleaz\u0103\/transform\u0103 \u00een derizoriu eforturile (<em>input<\/em>) \u0219i astfel, reduce \u0219i eforturile, \u00eentregul proces fiind un simulacru a c\u0103rui \u00eendeplinire este urm\u0103rit\u0103 doar pentru banii de la sf\u00e2r\u0219it.<\/p>\n<p style=\"text-align: justify;\"><a href=\"#_ednref15\" name=\"_edn15\">[15]<\/a> Reprezentan\u021bi politici ce promoveaz\u0103 r\u0103zboiul, \u00een afar\u0103 de \u0219i \u00eempotriva analizei ra\u021bionale \u0219i a moralit\u0103\u021bii.<\/p>\n<p style=\"text-align: justify;\"><a href=\"#_ednref16\" name=\"_edn16\">[16]<\/a> Matt Gilligan. 2022. <em>What Job Contributes Nothing to Society? People Shared Their Thoughts<\/em>, December 2, <a href=\"https:\/\/didyouknowfacts.com\/what-job-contributes-nothing-to-society-people-shared-their-thoughts\/\">https:\/\/didyouknowfacts.com\/what-job-contributes-nothing-to-society-people-shared-their-thoughts\/<\/a>; Parent Portfolio. 2023. <em>15 Careers That Don\u2019t Contribute To Society<\/em>, October 6, https:\/\/parentportfolio.com\/careers-that-dont-contribute-to-society\/.<\/p>\n<p style=\"text-align: justify;\"><a href=\"#_ednref17\" name=\"_edn17\">[17]<\/a> Acest transfer al efortului propriu de <em>a face<\/em> este similar transferului efortului propriu de <em>a cunoa\u0219te<\/em>, prin recursul imediat la\u00a0 \u201epilotul\u201d IA (ceea ce a fost denumit ca \u201eappificarea societ\u0103\u021bii\u201d, Joanna Pocock. 2025. <em>Greyhound<\/em>, Fitzcarraldo Editions).<\/p>\n<p style=\"text-align: justify;\"><a href=\"#_ednref18\" name=\"_edn18\">[18]<\/a> De exemplu, lupta popula\u0163iei de culoare din America pentru drepturi civile \u015fi politice egale.<\/p>\n<p style=\"text-align: justify;\"><a href=\"#_ednref19\" name=\"_edn19\">[19]<\/a> Termenul a fost folosit pentru a califica literatura englez\u0103 din anii 50 \u00eencep\u00e2nd \u015fi p\u00e2n\u0103 ast\u0103zi. Vezi Lidia Vianu. 2004. <em>\u00a0The Desperado Age. British Literature at the Start of the Third Millenium<\/em>, Bucure\u015fti, Editura Universit\u0103\u0163ii din Bucure\u015fti.<\/p>\n<p style=\"text-align: justify;\"><a href=\"#_ednref20\" name=\"_edn20\">[20]<\/a> Or, spunea Arendt, via\u0163a privat\u0103 este departe de a fi <em>vita activa<\/em>, singura specific\u0103 omului, c\u0103ci via\u0163a privat\u0103 dedicat\u0103 nevoilor primare este o caracteristic\u0103 a biologicului din om.<\/p>\n<p style=\"text-align: justify;\"><a href=\"#_ednref21\" name=\"_edn21\">[21]<\/a> Mai ales: 1988, Berlin, RFG; Madrid, 1994; iunie 1999, Londra \u015fi Oregon, SUA; noiembrie 1999, Seattle; aprilie 2000, Washington; septembrie 2000, Praga; noiembrie 2000, Montreal; iulie 2001, Geneva; septembrie 2002, Washington; ca \u015fi Forumurile Sociale interna\u0163ionale (2001, Porto Alegre; 2002, Porto Alegre; 2003, Porto Alegre; 2004, Mumbai; 2006, Caracas, Bamako, Karachi; 2007, Nairobi; 2009, Belem; 2011, Dakar); Forumurile Sociale Europene (noiembrie 2002, Floren\u0163a; 2003, Paris; 2004, Londra; 2006, Atena; 2008, Malm\u00f6; 2010, Istanbul); Forumurile sociale na\u0163ionale din diferite \u0163\u0103ri. Dar \u015fi protestele spontane din diferite \u0163\u0103ri (vezi Paris, 2005).<\/p>\n<p style=\"text-align: justify;\">\u00a0\u00a0 Vezi \u015fi Susan George. 2004. <em>Another world is possible, if<\/em>\u2026, London, Verso.<\/p>\n<p style=\"text-align: justify;\"><a href=\"#_ednref22\" name=\"_edn22\">[22]<\/a> Samir Amin. 2011. <em>Le monde arabe dans la longue dur\u00e9e<\/em>, Paris, Le temps des cerises; vezi \u015fi Samir\u00a0 Amin, <em>2011: prim\u0103vara arab\u0103 ?<\/em>, traducere Ana Bazac, <a href=\"http:\/\/www.criticatac.ro\/8011\/2011-primavara-araba\/\">http:\/\/www.criticatac.ro\/8011\/2011-primavara-araba\/<\/a><\/p>\n<p style=\"text-align: justify;\"><a href=\"#_ednref23\" name=\"_edn23\">[23]<\/a> <em>Les surhommes lib\u00e9raux arrivent<\/em>, 22 Juillet 2025, https:\/\/www.librairie-tropiques.fr\/2025\/07\/les-surhommes-liberaux-arrivent.html.<\/p>\n<p style=\"text-align: justify;\"><a href=\"#_ednref24\" name=\"_edn24\">[24]<\/a> Jason W. Moore (Ed.). 2016. <em>Anthropocene or Capitalocene? Nature, History, and the Crisis of Capitalism<\/em>, PM Press.<\/p>\n<p style=\"text-align: justify;\"><a href=\"#_ednref25\" name=\"_edn25\">[25]<\/a> Dar cauzele de clas\u0103 sunt fundamentale \u00een \u00een\u021belegerea determinismului social: \u201eVorbesc despre clase, ele singure trebuie s\u0103 ocupe istoria\u201d, Alexis de Tocqueville. 1952. <em>L\u2019A<\/em>n<em>cien R\u00e9gime et la R\u00e9volution<\/em> (1856), Paris : Les \u00c9ditions Gallimard, \u00e9dition \u00e9lectronique, p. 127.<\/p>\n<p style=\"text-align: justify;\"><a href=\"#_ednref26\" name=\"_edn26\">[26]<\/a> Danielle Bleitrach. 2025. <em>Quand la lutte des classes tend \u00e0 \u00eatre masqu\u00e9e par le complotisme n\u00e9ocolonial pour le \u00ab petit peuple \u00bb<\/em>, 23 ao\u00fbt, https:\/\/histoireetsociete.com\/2025\/08\/23\/quand-la-lutte-des-classes-tend-a-etre-masquee-par-le-complotisme-neo-colonial-pour-le-petit-peuple-par-danielle-bleitrach\/.<\/p>\n<p style=\"text-align: justify;\"><a href=\"#_ednref27\" name=\"_edn27\">[27]<\/a> Slavoj \u017di\u017eek, <em>Despre mahalalele globale: un nou proletariat?<\/em>,<\/p>\n<p style=\"text-align: justify;\"><a href=\"http:\/\/www.criticatac.ro\/8856\/despre-mahalalele-globale-un-nou-proletariat\/\">http:\/\/www.criticatac.ro\/8856\/despre-mahalalele-globale-un-nou-proletariat\/<\/a><\/p>\n<p style=\"text-align: justify;\"><a href=\"#_ednref28\" name=\"_edn28\">[28]<\/a> Cuv\u00e2ntul latin <em>fabrica, -ae<\/em>, \u00eenseamn\u0103 me\u015fte\u015fug, prelucrare a unui material, confec\u0163ionare \u015fi, \u00een acela\u015fi timp, \u015fi locul unde are loc acest proces: atelier, pr\u0103v\u0103lie. Dar este foarte interesant c\u0103 mai exist\u0103 un sens: cel de \u015firetenie, de uneltire. Acest sens arat\u0103 \u00eenrudirea, <em>ontologic <\/em>determinat\u0103, \u00eentre cultura latin\u0103 \u015fi cea greac\u0103: deoarece prelucrarea, transformarea unui material brut \u00een altceva \u2013 ceva dorit, imaginat \u2013 este \u00eentr-adev\u0103r o dovad\u0103 de \u201e\u015firetenie\u201d.<\/p>\n<p style=\"text-align: justify;\">\u00a0\u00a0 \u00centr-adev\u0103r, \u00een greac\u0103, \u03bc\u03ae este o nega\u0163ie\u00a0 cu sens ipotetic, dup\u0103 care lucrul despre care se vorbe\u015fte este incert, presupus sau inadmisibil: de aici,\u00a0 \u041c\u03ae a fost zei\u0163a \u015fireteniei, a ingeniozit\u0103\u0163ii, iar \u00een cuvintele urm\u0103toare r\u0103d\u0103cina arat\u0103 c\u0103 oamenii au considerat, drept dovad\u0103 a ingeniozit\u0103\u0163ii lor, capacitatea de a inventa intermediari \u00eentre ei \u015fi natura care le cerea efort; mai mult, ingeniozitatea consta \u015fi \u00een a n\u0103scoci unelte \u00een care for\u0163ele naturii\/legile naturii nu sunt violentate ci sunt folosite astfel \u00eenc\u00e2t uneltele sunt manifest\u0103ri artificiale ale frec\u0103rii, gravita\u0163iei etc., \u015fi \u00een a face, cu ajutorul uneltelor, ceea ce natura face \u201e\u00een mod natural\u201d dar cu efortul omului.<\/p>\n<p style=\"text-align: justify;\">\u00a0\u00a0 Ingeniozitatea \u00eenseamn\u0103, deci, a pune aceste legi ale lucrurilor, deci lucrurile materiale asupra c\u0103rora s-a ac\u0163ionat\/care au fost confec\u0163ionate <em>s\u0103 fac\u0103 ele ceea ce omul ar face cu efort sau chiar nu ar putea face<\/em> (vezi \u015fi Georges Canguilhem, \u201eAspects du vitalisme\u201d, \u00een G. Canguilhem, <em>La connaissance de la vie,<\/em> Paris, Vrin, 1952, p. 87).<\/p>\n<p style=\"text-align: justify;\">\u00a0\u00a0 Cuvintele sunt: \u03bc\u03b7\u03c7\u03b1\u03bd\u03ae \u2013 inven\u0163ie ingenioas\u0103, de unde ma\u015fin\u0103, ma\u015fin\u0103 de teatru (Platon), mijloace, expedient (\u015fi astfel, \u015firetenie, artificiu); \u03bc\u03b7\u03c7\u03b1\u03bd\u03b1\u03c9 \u2013 a imagina, a aranja cu art\u0103, a combina cu scop, de unde a produce, a cauza, a ocaziona (iar cu sens negativ, a unelti, a complota); \u03bc\u03b7\u03c7\u03b1\u03bd\u03b5\u03cd\u03c2 \u2013 inventiv, ingenios; \u03bc\u03b7\u03c7\u03ac\u03bd\u03b5\u03c5\u03c3\u03b9\u03c2 \u2013 aparat, dispozitiv; \u03bc\u03b7\u03c7\u03ac\u03bd\u03b7\u03c3\u03b9\u03c2 \u2013 ma\u015fin\u0103, aparat; \u03bc\u03b7\u03c7\u03ac\u03bd\u03b7\u03bc\u03b1 <em>\u2013 <\/em>inven\u0163ie ingenioas\u0103, ma\u015fin\u0103, mecanism; \u03bc\u03b7\u03c7\u03ac\u03bd\u03b7\u03c4\u03b9\u03bao\u03c2 \u2013 apt de a inventa; \u03bc\u03b7\u03c7\u03b1\u03bd\u03b9\u03ba\u03cc\u03c2 \u2013 abil, harnic \u00een munc\u0103, construit de arta unui mecanic, arta de a construi o ma\u015fin\u0103.<\/p>\n<p style=\"text-align: justify;\">\u00a0\u00a0 Latina a preluat aceste sensuri: <em>aliud quiddam machinatur<\/em>\u00a0 (inten\u0163ioneaz\u0103 s\u0103 fac\u0103 altceva) spunea Cicero, <em>In Verro<\/em>, 2-15.<\/p>\n<p style=\"text-align: justify;\"><a href=\"#_ednref29\" name=\"_edn29\">[29]<\/a> \u015ei <em>struo- ere- uxi \u2013uctum<\/em> \u015fi <em>construo- ere- uxi- uctum<\/em> \u00eenseamn\u0103 a \u00eengr\u0103m\u0103di, a acumula, a aduna, a \u00een\u0103l\u0163a, a cl\u0103di, a pune \u00een ordine, a preg\u0103ti, a acoperi, a umple, a n\u0103scoci, a crea (dar \u015fi, la negativ, a pune la cale). Prepozi\u0163ia ad\u0103ugat\u0103 subliniaz\u0103 doar c\u0103 activit\u0103\u0163ile de mai sus implic\u0103 participarea celorlal\u0163i (ca \u015fi a unor obiecte exterioare omului).<\/p>\n<p style=\"text-align: justify;\"><a href=\"#_ednref30\" name=\"_edn30\">[30]<\/a> Dar, oricum, nu de \u015ftiin\u0163\u0103.<\/p>\n<p style=\"text-align: justify;\"><a href=\"#_ednref31\" name=\"_edn31\">[31]<\/a> Vezi Ihor Lemnij. 1992. <em>Pasul \u015fi drumul. Eseu despre randamentul uman<\/em>, Bucure\u015fti, Humanitas, pp. 202, 236, 278-287: ora\u015ful este concentrarea constructiv\u0103 generatoare a progresului pe toate planurile; comunicarea de mas\u0103, utilizarea total\u0103 a spa\u0163iului, majoritatea cov\u00e2r\u015fitoare a descoperirilor \u015ftiin\u0163ifice \u015fi a inven\u0163iilor, independen\u0163a relativ\u0103 de timp, \u201edac\u0103 munca rural\u0103 poate fi individual\u0103 sau se poate organiza \u00een grupuri relativ mici, activit\u0103\u0163ile urbane sunt prin excelen\u0163\u0103 colective\u201d (p. 282) iar \u201esincronizarea ac\u0163iunilor colective este una dintre explica\u0163iile principale ale marilor realiz\u0103ri\u201d (p. 283), ora\u015ful este capabil s\u0103 realizeze un echilibru \u00eentre for\u0163e care ac\u0163ioneaz\u0103 \u00een direc\u0163ii diferite, c\u0103ci \u015fi p\u00e2n\u0103 acum s-a dezvoltat p\u00e2n\u0103 la a fi un mediu suportabil (p. 287).<\/p>\n<p style=\"text-align: justify;\"><a href=\"#_ednref32\" name=\"_edn32\">[32]<\/a> <em>Ibidem<\/em>, p. 215.<\/p>\n<p style=\"text-align: justify;\"><a href=\"#_ednref33\" name=\"_edn33\">[33]<\/a> Martin Heidegger. 1982. \u201e\u00centrebare privitoare la tehnic\u0103\u201d (1953), \u00een Martin Heidegger, <em>Originea operei de art\u0103<\/em>, Traducere \u015fi note de Thomas Kleininger \u015fi Gabriel Liiceanu, Studiu introductiv de Constantin Noica, Bucure\u015fti, Editura Univers, pp. 106-145.<\/p>\n<p style=\"text-align: justify;\"><a href=\"#_ednref34\" name=\"_edn34\">[34]<\/a> Ha-Joon Chang. 2010. \u00a0<em>23 Things They Don&#8217;t Tell You About Capitalism<\/em>, New York, Bloommsbury \u00a0Press, pp. 31-40.<\/p>\n<p style=\"text-align: justify;\"><a href=\"#_ednref35\" name=\"_edn35\">[35]<\/a> Vezi Paul Virilio. 1986. <em>Speed and politics: an essay on dromology<\/em> (1977), New York, Semiotext.<\/p>\n<p style=\"text-align: justify;\">\u00a0\u00a0 \u00cen greac\u0103, \u03b4\u03c1o\u03bc\u03ac\u03c9 \u00eenseamn\u0103 a fugi,\u00a0 \u03b4\u03c1\u03cc\u03bco\u03c2 \u2013 ac\u0163iunea de a fugi, de unde \u015fi curs\u0103 \u015fi amplasament pentru aceasta.<\/p>\n<p style=\"text-align: justify;\"><a href=\"#_ednref36\" name=\"_edn36\">[36]<\/a> \u00centr-adev\u0103r, chiar acestea sunt sensurile verbului <em>evado -are, -si, -sum<\/em>: a ie\u015fi, a sc\u0103pa, a trece, a se furi\u015fa, a ajunge la.<\/p>\n<p style=\"text-align: justify;\"><a href=\"#_ednref37\" name=\"_edn37\">[37]<\/a> <em>Evagatio \u2013onis<\/em>, r\u0103t\u0103cire. A\u015fadar, nu exist\u0103 certitudine c\u0103 evadarea va duce la mai bine.<\/p>\n<p style=\"text-align: justify;\"><a href=\"#_ednref38\" name=\"_edn38\">[38]<\/a> A.H. Maslow. 1943. \u201cA Theory of Human Motivation\u201d, <em>Psychological Review, 50<\/em>(4): 370\u2013396.<\/p>\n","protected":false},"excerpt":{"rendered":"<p>Eseu cvasi-optimist de\u00a0Ana Bazac \u00a0 Avertisment \u00centrebarea de mai sus pare o glum\u0103, fire\u015fte. C\u0103ci, pe de o parte, st\u0103m unde vrem \u2013 fiind liberi ca cet\u0103\u0163eni, putem s\u0103 locuim undeva din propria noastr\u0103 hot\u0103r\u00e2re \u2013 \u015fi, pe de alt\u0103 parte, st\u0103m unde putem, adic\u0103 unde ne permit mijloacele materiale \u015fi \u00eemprejur\u0103rile care ne-au condi\u0163ionat [&hellip;]<\/p>\n","protected":false},"author":2,"featured_media":0,"comment_status":"open","ping_status":"open","sticky":false,"template":"","format":"standard","meta":{"jetpack_post_was_ever_published":false,"_jetpack_newsletter_access":"","_jetpack_dont_email_post_to_subs":false,"_jetpack_newsletter_tier_id":0,"_jetpack_memberships_contains_paywalled_content":false,"_jetpack_memberships_contains_paid_content":false,"footnotes":""},"categories":[1800,27],"tags":[613,1801,1117],"class_list":["post-15877","post","type-post","status-publish","format-standard","hentry","category-egophobia-86","category-filosofie","tag-ana-bazac","tag-egophobia-86","tag-filosofie"],"jetpack_featured_media_url":"","jetpack_sharing_enabled":true,"jetpack_shortlink":"https:\/\/wp.me\/p6DakB-485","_links":{"self":[{"href":"https:\/\/egophobia.ro\/index.php?rest_route=\/wp\/v2\/posts\/15877","targetHints":{"allow":["GET"]}}],"collection":[{"href":"https:\/\/egophobia.ro\/index.php?rest_route=\/wp\/v2\/posts"}],"about":[{"href":"https:\/\/egophobia.ro\/index.php?rest_route=\/wp\/v2\/types\/post"}],"author":[{"embeddable":true,"href":"https:\/\/egophobia.ro\/index.php?rest_route=\/wp\/v2\/users\/2"}],"replies":[{"embeddable":true,"href":"https:\/\/egophobia.ro\/index.php?rest_route=%2Fwp%2Fv2%2Fcomments&post=15877"}],"version-history":[{"count":1,"href":"https:\/\/egophobia.ro\/index.php?rest_route=\/wp\/v2\/posts\/15877\/revisions"}],"predecessor-version":[{"id":15878,"href":"https:\/\/egophobia.ro\/index.php?rest_route=\/wp\/v2\/posts\/15877\/revisions\/15878"}],"wp:attachment":[{"href":"https:\/\/egophobia.ro\/index.php?rest_route=%2Fwp%2Fv2%2Fmedia&parent=15877"}],"wp:term":[{"taxonomy":"category","embeddable":true,"href":"https:\/\/egophobia.ro\/index.php?rest_route=%2Fwp%2Fv2%2Fcategories&post=15877"},{"taxonomy":"post_tag","embeddable":true,"href":"https:\/\/egophobia.ro\/index.php?rest_route=%2Fwp%2Fv2%2Ftags&post=15877"}],"curies":[{"name":"wp","href":"https:\/\/api.w.org\/{rel}","templated":true}]}}