{"id":15891,"date":"2025-09-12T21:56:26","date_gmt":"2025-09-12T19:56:26","guid":{"rendered":"https:\/\/egophobia.ro\/?p=15891"},"modified":"2025-09-12T21:56:26","modified_gmt":"2025-09-12T19:56:26","slug":"docenti-inocenti-si-reticenti","status":"publish","type":"post","link":"https:\/\/egophobia.ro\/?p=15891","title":{"rendered":"Docen\u021bi, inocen\u021bi \u0219i reticen\u021bi"},"content":{"rendered":"<p><strong>2-3 cen\u021bi, un omagiu adus sufixului<\/strong><\/p>\n<p><strong>[din volumul, \u00eenc\u0103 nepublicat, <em>Privilegiul plictisitului<\/em>]<\/strong><\/p>\n<p style=\"text-align: center;\"><span style=\"color: green;\">[cuvinte afurisite]<\/span><\/p>\n<p style=\"text-align: right;\">de Mihai Bogdan Lupescu<\/p>\n<p style=\"text-align: justify;\"><strong>Le Canard encha\u00een\u00e9<\/strong><\/p>\n<p style=\"text-align: justify;\">\n<p style=\"text-align: justify;\"><em>En passant par la Bretagne<\/em>, am cump\u0103rat num\u0103rul (N\u00b0 5451, anul 109) din 30 aprilie 2025 al gazetei <em>Le Canard encha\u00een\u00e9<\/em> dintr-un chio\u0219c de ziare din Place Sainte-Anne, din Rennes. 1,80 euro nu mi s-a p\u0103rut mult, fa\u021b\u0103 de revista <em>Charlie Hebdo<\/em> care cost\u0103 9,5 euro, dar e mai bogat\u0103. \u00cen 2025 se \u00eemplinesc 10 ani de la masacrul din redac\u021bia revistei.<!--more--><\/p>\n<p style=\"text-align: justify;\"><em>Le Canard encha\u00een\u00e9<\/em> este un s\u0103pt\u0103m\u00e2nal satiric care apare pe h\u00e2rtie miercurea, dar \u0219i pe internet. Gazeta fost fondat\u0103 pe 10 septembrie 1915 de Jeanne \u0219i Maurice Mar\u00e9chal ajuta\u021bi de Henri-Paul Deyvaux-Gassier. Este cel mai vechi titlu de pres\u0103 satiric\u0103, \u00eenc\u0103 activ. Din 1960 este \u0219i un jurnal de anchet\u0103 care dezv\u0103luie numeroase afaceri scandaloase. Statutul s\u0103u prevede ca ac\u021biunile sale s\u0103 fie de\u021binute numai de jurnali\u0219ti sau de fo\u0219tii s\u0103i jurnali\u0219ti ie\u0219i\u021bi la pensie. <em>\u00c0 propos<\/em> (tradus \u00een rom\u00e2n\u0103 aprop\u00f3) de vorbirea \u00een dodii, \u0219i combinat\u0103 \u00een dou\u0103 limbi, c\u00e2nd nu st\u0103p\u00e2ne\u0219ti niciuna. Mi-aduc aminte de vremea tinere\u021bii c\u00e2nd eram stagiar \u00eentr-o \u00eentreprindere modern\u0103, de fire de sticl\u0103, \u0219i \u0219eful unei sec\u021bii plecase \u00eentr-un schimb de experien\u021b\u0103 la o fabric\u0103 elve\u021bian\u0103. Gurile rele spuneau c\u0103 omul, care nu cuno\u0219tea nicio limb\u0103 str\u0103in\u0103, c\u0103 doar de-aia era \u0219ef, l-a \u00eentrebat pe omologul s\u0103u, sau pe un lucr\u0103tor de la o ma\u0219in\u0103 de \u021besut: \u201e<em>in diese Maschine<\/em>, &#8211; \u0219i apoi cu viteza suveicii \u2013 po\u021bi s\u0103 iei firul \u0103sta s\u0103-l bagi pe-aici\u201d? \u0218i, uite c\u0103 sar de la una la alta, \u0219tia\u021bi c\u0103 \u00een DEX-ul Institutului de Lingvistic\u0103 \u201eIorgu Iordan-Al.Rosetti\u201d al Academiei Rom\u00e2ne (edi\u021biile 2009, 2016) nu exist\u0103 cuv\u00e2ntul <strong>needucat<\/strong>? \u0218i nici nu cred c\u0103 va ap\u0103rea \u00een edi\u021biile urm\u0103toare.<\/p>\n<p style=\"text-align: justify;\">S\u0103 revenim la glumele lor, c\u0103 dac\u0103 erau ale noastre aveam \u0219i reviste ca ale lor. Mai fac o parantez\u0103. \u00cen primii ani de la apari\u021bie nu ratam niciun num\u0103r din <em>Academia Ca\u021bavencu<\/em>. P\u00e2n\u0103 a ajuns o revist\u0103 de reclame cu bule de umor. Acum are \u0219i derivate. Deosebirea dintre <em>Le Canard encha\u00een\u00e9<\/em> \u0219i <em>Academia Ca\u021bavencu<\/em> este c\u0103, \u00een afar\u0103 de format \u0219i num\u0103rul paginilor, revista fran\u021buzeasc\u0103 nu are nici urm\u0103 de publicitate \u00een cele 8 pagini. La fel ca <em>Charlie Hebdo<\/em>.<\/p>\n<p style=\"text-align: justify;\">Pe prima pagin\u0103, un titlu mare scris cu ro\u0219u: <em>Le d\u00eener secret de Le Pen et Bardella chez Lecornu, le ministre des Arm\u00e9es<\/em>.<\/p>\n<p style=\"text-align: justify;\">Nu e acel Cornu pe care \u00eel \u0219ti\u021bi, e numele ministrului for\u021belor armate, a\u0219a cum la noi a fost T\u00eelv\u0103r&#8230; Deci \u0219i la ei se poart\u0103 \u00eent\u00e2lniri de tain\u0103 la drum de sear\u0103, dar nu prea secrete. A\u0219a cum au fost la ministrul for\u021belor armate se pot duce la oricare altul, inclusiv la vreun \u0219ef de servicii secrete. \u0218i la noi la fel, doar suntem din aceea\u0219i gint\u0103. \u00centre timp, \u00een septembrie 2025, S\u00e9bastien Lecornu a devenit prim-ministrul Fran\u021bei. Avancez, avancez! D\u00e9bloquer tout!<\/p>\n<p style=\"text-align: justify;\">Toate articolele sunt interesante, dar titlurile sunt un deliciu. Tot pe prima pagin\u0103: Darmanin (G\u00e9rard), ministrul justi\u021biei, le cere de\u021binu\u021bilor s\u0103-\u0219i pl\u0103teasc\u0103 locul din \u00eenchisoare (<em>Darmanin demande aux d\u00e9tenus de payer leurs places en prison<\/em>). Mi se pare corect. Locurile sunt limitate. Vrei \u00een \u00eenchisoare, pl\u0103te\u0219ti ca la hotel. \u0218i asta, \u00een extrasezon. A\u0219a ar trebui s\u0103 fie \u0219i la noi, cel pu\u021bin pentru de\u021binu\u021bii de lux, \u0219i gardienii nu ar mai pofti la grev\u0103 pe motiv c\u0103 au salarii mici. Bine, la noi banii din justi\u021bie se duc la justi\u021biari, nu la justi\u021biabili.<\/p>\n<p style=\"text-align: justify;\">Un alt titlu de pe prima pagin\u0103 care mi-a atras aten\u021bia: <em>Sarko, rends la croix!<\/em> Un fel de \u201eB\u0103 borfa\u0219ule, d\u0103 b\u0103 Legiunea de Onoare \u00eenapoi\u201d, cum ar fi spus protestatarul Marian Ceau\u0219escu. Sau titlul de revolu\u021bionar al altor borfa\u0219i \u0219i criminali. Articolul se refer\u0103, evident, la fostul pre\u0219edinte Nicolas Sarkozy, condamnat la 3 ani de \u00eenchisoare, dintre care unul \u00een arest la domiciliu, dar procurorii francezi au cerut recent o condamnare de 7 ani, pentru corup\u021bie \u0219i alte nimicuri, \u0219i care a fost f\u0103cul Cavaler al Legiunii de Onoare \u00een 2005, de c\u0103tre fostul pre\u0219edinte Jacques Chirac (decedat \u00een 2019), \u0219i c\u0103ruia i-a succedat la c\u00eerma Fran\u021bei. Chirac, el \u00eensu\u0219i suspectat de corup\u021bie \u00een timpul mandatului de primar al Parisului.<\/p>\n<p style=\"text-align: justify;\">La noi e lini\u0219te. Suspec\u021bi avem, \u201ehar Domnului\u201d, dar nicio halagea. Nimeni nu r\u0103spunde pentru nimic, mai mult, ne dau \u0219i sfaturi ni\u0219te onirici!<\/p>\n<p style=\"text-align: justify;\">Incendii avem, infla\u021bie avem, impozite <em>idem<\/em>, imbecili nenum\u0103ra\u021bi, \u0219i utili \u0219i inutili, iluzii nu ne mai facem, ne mai lipsesc ni\u0219te drone \u00een cap. \u0218i poate un Lecornu.<\/p>\n<p style=\"text-align: justify;\">*<\/p>\n<p>&nbsp;<\/p>\n<p style=\"text-align: justify;\"><strong>Michelle Obama<\/strong><\/p>\n<p style=\"text-align: justify;\">\n<p style=\"text-align: justify;\">M.O. va participa la o discu\u021bie moderat\u0103 \u00een cadrul celei de-a doua edi\u021bii a celui mai mare eveniment de business \u0219i tehnologie din Europa de Sud-Est, Impact Bucharest, 17-18 septembrie 2025.<\/p>\n<p style=\"text-align: justify;\">Michelle Obama este o fiin\u021b\u0103 sincer\u0103. E cu 10 ani (\u0219i trei s\u0103pt\u0103m\u00e2ni) mai mic\u0103 dec\u00e2t mine. E capricorn. Mi s-a \u00eent\u00e2mplat \u0219i mie. Pe Barack sunt convins c\u0103 l-a votat c\u00e2nd a ajuns pre\u0219edinte. Dar l-a ales \u00eenainte s\u0103-l voteze. Poate ascult\u00e2ndu-l pe Charles Aznavour cu melodia \u201e<em>La Baraka<\/em>\u201d:<\/p>\n<p style=\"text-align: justify;\"><em>&#8230;Et nuit et jour quand tu este la<\/em><\/p>\n<p style=\"text-align: justify;\"><em>C<\/em><em>\u2019<\/em><em>est notre amour, la baraka..<\/em>.<\/p>\n<p style=\"text-align: justify;\">A lipsit \u00eens\u0103 de la \u00eensc\u0103unarea noului, vechiului rege, viitor \u00eemp\u0103rat \u00eemp\u0103iat, care \u0219i-a schimbat doar vopseaua, n\u0103ravul ba. A fost doar so\u021bul care, acum, este acuzat&#8230;&#8230;<\/p>\n<p style=\"text-align: justify;\">Dac\u0103 azi crezi c\u0103 po\u021bi ob\u021bine mandat divin, cum \u00eencerca Alexandru cel Mare s\u0103 se identifice ca fiu al lui Zeus-Amon, pentru c\u0103 mama Olimpia a insistat c\u0103 el a fost fiul lui Zeus, e\u0219ti cel pu\u021bin \u021bicnit.<\/p>\n<p style=\"text-align: justify;\">De c\u00e2nd Trump \u0219i-a pus coroana pe cap \u0219i a devenit regele-nebun, toat\u0103 lumea a trecut, benevol, la portul de masc\u0103 \u0219i m\u0103nu\u0219i cum n-a fost nici \u00een pandemie \u0219i nu vedem nici \u00een cele mai poluate ora\u0219e de pe glob. Va deveni cur\u00e2nd o alt\u0103 poveste cinematografic\u0103, dar mut\u0103, \u00een alb \u0219i negru, cu o tu\u0219e ro\u0219ie, poate \u0219i una galben\u0103 sau albastr\u0103. Apoi a trecut la mitra papal\u0103. Cred c\u0103 infula (nu c\u0103uta\u021bi \u00een DEX, nu are at\u00e2tea vorbe) i-ar sta mai bine pe cap. \u00ce\u021bi po\u021bi pune pe cap c\u00e2te coroane sau tiare pofte\u0219ti. \u0218i oric\u00e2\u021bi bufoni jalnici ai aduna \u00eemprejur, \u0219i \u00eei pui s\u0103 stea smirn\u0103 \u00een timp ce-\u021bi expectorezi ditirambii, dar nu pentru Dionysos, ci pentru Ares. Este fantastic c\u0103 exist\u0103 indivizi care pot spune \u0219i crede ce vor. Ace\u0219tia sunt adev\u0103ra\u021bii ferici\u021bi. Practicile sunt vechi. Probabil de aceea spunea Trump c\u0103 America era prieten\u0103 cu Roma din antichitate. De exemplu, \u00eemp\u0103ratul Augustus pusese ochii pe insula Capri. Dar, ce s\u0103 vezi, acolo a dat peste ni\u0219te greci, care i-au cedat-o dup\u0103 negocieri adev\u0103rate, primind \u00een schimb insula Ischia. Cine n-are antici, m\u0103car s\u0103-i citeasc\u0103.<\/p>\n<p style=\"text-align: justify;\">*<\/p>\n<p>&nbsp;<\/p>\n<p style=\"text-align: justify;\"><strong>Sf\u00e2ntul Cuvios Simeon St\u00e2lpnicul<\/strong><\/p>\n<p style=\"text-align: justify;\">\n<p style=\"text-align: justify;\">Cred c\u0103 to\u021bi bugetarii afla\u021bi \u00een func\u021bii pl\u0103tite neru\u0219inat de scump au fost adu\u0219i de un boa constrictor aflat la s\u00e2nul guvernului, \u0219i to\u021bi sunt \u021binu\u021bi laolalt\u0103 de o nep\u0103sare ravisant\u0103, f\u0103r\u0103 a fi altera\u021bi de vreun e\u0219ec. Dac\u0103 vrei o motiva\u021bie \u00een via\u021b\u0103, g\u00e2nde\u0219te-te la salariul directorului de la Transgaz, 1,6 milioane de lei pe an, la stat, degeaba.<\/p>\n<p style=\"text-align: justify;\">Sf\u00e2ntul Cuvios Simeon St\u00e2lpnicul a f\u0103cut numeroase victime. Cuviosul \u00eel tulbur\u0103 \u00eentotdeauna pe mistic, deoarece el pare \u00eentruchiparea \u00eencremenit\u0103 a prostiei, cum spunea I.P. Culianu. Uita\u021bi-v\u0103 cum stau coco\u021ba\u021bi to\u021bi mistificatorii, directorii companiilor, regiilor, autorit\u0103\u021bilor \u0219i agen\u021biilor na\u021bionale de stat!<\/p>\n<p style=\"text-align: justify;\">\u0218i-au f\u0103cut culcu\u0219 ca berzele pe st\u00e2lpii de telegraf \u0219i sunt mai invizibili ca omul lui H.G.Wells, \u0219i mai inutili ca P\u0103cal\u0103 \u0219i T\u00e2ndal\u0103, dar mai pre\u021bio\u0219i ca \u201etrandafirul din Lulo\u201d, diamantul Lulo Rose.<\/p>\n<p style=\"text-align: justify;\">*<\/p>\n<p style=\"text-align: justify;\">\n<p style=\"text-align: justify;\"><strong>Pericol de haos absolut!<\/strong><\/p>\n<p style=\"text-align: justify;\">\n<p style=\"text-align: justify;\">Pe o list\u0103 scurt\u0103 a valorilor, Diavolul este \u00eenaintea unui prim ministru din zilele noastre.<\/p>\n<p style=\"text-align: justify;\">Ar trebui s\u0103 ne reorient\u0103m la alegeri, dar cred c\u0103 nici necuratul nu \u0219i-ar b\u0103ga coada \u00een absolut. Dac\u0103 absolutul exist\u0103, el se g\u0103se\u0219te \u00een haos. La noi haosul este absolut.<\/p>\n<p style=\"text-align: justify;\">Milton Friedman laureat al Premiului Nobel pentru economie \u00een 1976, \u00eentr-o emisiune a lui Phil Donahue, din anul 1979 dac\u0103 nu gre\u0219esc, a r\u0103spuns excep\u021bional la 2 \u00eentreb\u0103ri, excep\u021bionale \u0219i ele, dar ultima parte a celui de-al doilea r\u0103spuns mi-a pl\u0103cut prea mult ca s\u0103 n-o repet aici: \u201espune-mi doar unde \u00een lume \u00eei g\u0103se\u0219ti pe ace\u0219ti \u00eengeri care vor organiza societatea pentru noi?\u201d<\/p>\n<p style=\"text-align: justify;\">Juan Peron sus\u0163inea c\u0103 rezolva mai bine problemele \u00eentr-o continu\u0103 confuzie, \u201earta politicii nu este de a guverna ordinea, ci dezordinea\u201d.<\/p>\n<p style=\"text-align: justify;\">Trebuie \u00eent\u00e2i s\u0103 ai, sau s\u0103 produci, dezordinea. Noi avem dezordinea dintotdeauna, acum a atins absolutul, doar guvernarea ne lipse\u0219te.<\/p>\n<p style=\"text-align: justify;\">Un Peron n-avem, Milton Friedman ne-a t\u0103iat aripile de Icar ale av\u00e2ntului de a c\u0103uta \u00eengerii salvatori.<\/p>\n<p style=\"text-align: justify;\">Nici dracul nu ne mai ajut\u0103, nici dac\u0103-l \u00eembr\u0103c\u0103m de la Prada sau \u00eel dezbr\u0103c\u0103m la Botezatu&#8230;<\/p>\n<p style=\"text-align: justify;\">*<\/p>\n<p style=\"text-align: justify;\">\n<p style=\"text-align: justify;\"><strong>Minunatele amintiri<\/strong><\/p>\n<p style=\"text-align: justify;\">\n<p style=\"text-align: justify;\">Trebuie s\u0103 ne bucur\u0103m c\u00e2t mai avem timp, \u015fi c\u00e2t mai putem, \u00een particular, de amintirile noastre frumoase pentru c\u0103 dup\u0103 \u015ftirile false vom fi inocula\u0163i cu amintiri false, cu g\u00e2nduri false \u015fi chiar cu chipuri false.<\/p>\n<p style=\"text-align: justify;\">\u00cen viitor n-o s\u0103 ne mai apar\u0163inem nici psihic, nici mental. Vom fi ni\u015fte robo\u0163i biologici. Ni se va scoate oric\u00e2nd un \u201efi\u015fier\u201d din memorie \u015fi ni se va introduce altul, pe care-l vom executa f\u0103r\u0103 s\u0103 ne d\u0103m seama. Ar trebui s\u0103 avem un cod de securitate, o superparol\u0103 pentru a ne proteja tot ce mai avem prin celulele cenu\u0219ii.<\/p>\n<p style=\"text-align: justify;\">La un moment dat am putea s\u0103 ne \u00eenc\u0103rc\u0103m creierul direct \u00een computer. M\u0103car a\u015fa vom putea \u015fti, la nevoie, ce am avut \u00een cap, dac\u0103 a fost ceva important \u015fi nu mai exist\u0103 (s-a \u015fters, s-a uitat, sau s-a \u00eenlocuit f\u0103r\u0103 s\u0103 vrem, f\u0103r\u0103 s\u0103 \u015ftim).<\/p>\n<p style=\"text-align: justify;\">\u015ei a\u015f\u00e0 \u201ese v\u00e2ntur\u0103\u201d c\u0103 suntem o hologram\u0103, sau \u00eendruma\u0163i de informa\u0163ie, de un script cosmic, un cod pe care suntem programa\u0163i s\u0103-l urm\u0103m.<\/p>\n<p style=\"text-align: justify;\">\u00cenregistr\u0103ri <em>akashice<\/em> care, ar con\u0163ine toat\u0103 cunoa\u015fterea, toat\u0103 experien\u0163a \u015fi istoria, tot codul Crea\u0163iei. Asta e conspira\u021bia cosmic\u0103. Dar, nici mica, nici marea publicitate cosmic\u0103, interstelar\u0103, nu \u0219i-au f\u0103cut apari\u021bia. Superbog\u0103ta\u0219ii \u0219i supratiranii planetei caut\u0103 ca nebunii nemurirea, dar (primii) \u0219i un loc unde s\u0103 se mute \u00eenainte de demolarea final\u0103. Or \u0219ti ei ceva? Comit (ultimul) delict de ini\u021biat?<\/p>\n<p style=\"text-align: justify;\">Rothschild, pentru cine nu \u0219tie, a fost informat \u00eenaintea tuturor de victoria lui Wellington \u0219i a profitat de informa\u021bie la burs\u0103, \u00eembog\u0103\u021bindu-se \u0219i mai mult.<\/p>\n<p style=\"text-align: justify;\">Cunoa\u0219terea este mai degrab\u0103 procesul dec\u00e2t rezultatul. P\u00e2n\u0103 atunci trebuie s\u0103 inverseze \u00eemb\u0103tr\u00e2nirea.<\/p>\n<p style=\"text-align: justify;\">\u201eC\u0103 venim pe acest p\u0103m\u00e2nt s\u0103 tr\u0103im, nu este adev\u0103rat. Venim doar s\u0103 dormim, s\u0103 vis\u0103m\u201d spune un poem aztec. De la azteci \u00eencoace, s-a mai schimbat \u0219i lumea, \u0219i via\u021ba, \u0219i visarea.<\/p>\n<p style=\"text-align: justify;\">Via\u021ba este digital\u0103 sau analoag\u0103? Sau am\u00e2ndou\u0103? De la \u201e\u00eembl\u00e2nzirea\u201d, \u201esocializarea\u201d computerelor, a inteligen\u021bei artificiale, ini\u021biate \u00een urm\u0103 cu c\u00e2teva decenii, \u0219i care va continua <em>sine die<\/em>, s-a pornit aceea\u0219i ac\u021biune cu biotehnologia.<\/p>\n<p style=\"text-align: justify;\">Aceste procese ne vor cople\u0219i \u00een acest secol \u0219i poate \u0219i mai mult. Depinde de c\u00e2t st\u0103m pe aici.<\/p>\n<p style=\"text-align: justify;\">Inteligen\u021ba artificial\u0103 \u0219i \u201etrucurile\u201d biologice \u0219i chimice ale ingineriei genetice, cu celule care au schimburi intense de infoma\u021bii, \u0219i progresele \u00een genomic\u0103, ne vor domina.<\/p>\n<p style=\"text-align: justify;\">Esen\u0163a vie\u0163ii este informa\u0163ia, dar informa\u0163ia nu este sinonim\u0103 cu via\u0163a, de\u0219i, uneori, o informa\u021bie \u00ee\u021bi poate salva via\u021ba. Utilizarea activ\u0103 a informa\u0163iilor, \u015fi nu stocarea pasiv\u0103, constituie via\u0163a. A\u015fa tr\u0103iesc \u015fi serviciile.<\/p>\n<p style=\"text-align: justify;\">Pentru a fi viu, un sistem nu trebuie s\u0103 de\u0163in\u0103 numai informa\u0163ii, ci s\u0103 le prelucreze \u015fi s\u0103 le utilizeze \u00een timp real. Arunca\u0163i arhivele!<\/p>\n<p style=\"text-align: justify;\">*<\/p>\n<p>&nbsp;<\/p>\n<p style=\"text-align: justify;\"><strong>Proteste<\/strong><\/p>\n<p style=\"text-align: justify;\">\n<p style=\"text-align: justify;\"><a href=\"http:\/\/fr.wikipedia.org\/wiki\/Martin_Niem%C3%B6ller\">Martin Niem\u00f6ller, <\/a>un pastor protestant arestat \u00een 1937 \u0219i trimis \u00een lag\u0103rul de concentrare de la Sachsenhausen,\u00a0 apoi transferat \u00een 1941 \u00een lag\u0103rul de concentrare de la Dachau \u0219i eliberat la c\u0103derea regimului nazist \u00een 1945 scria:<\/p>\n<p style=\"text-align: justify;\"><em>C\u00e2nd au venit dup\u0103 comuni\u0219ti, nu am protestat pentru c\u0103 nu sunt comunist. C\u00e2nd au venit dup\u0103 evrei, nu am protestat pentru c\u0103 nu sunt evreu. C\u00e2nd au venit dup\u0103 sindicali\u0219ti, nu am protestat pentru c\u0103 nu sunt sindicalist. C\u00e2nd au venit dup\u0103 catolici, nu am protestat pentru c\u0103 nu sunt catolic. \u0218i c\u00e2nd au venit s\u0103 m\u0103 ia, nu a mai r\u0103mas nimeni s\u0103 protesteze.<\/em><\/p>\n<p style=\"text-align: justify;\">C\u00e2nd au protestat fermierii nu am ie\u0219it cu ei \u00een strad\u0103 pentru c\u0103 nu sunt fermier. C\u00e2nd au protestat sindicali\u0219tii din s\u0103n\u0103tate nu am fost al\u0103turi de ei pentru c\u0103 nu lucrez \u00een s\u0103n\u0103tate.<\/p>\n<p style=\"text-align: justify;\">C\u00e2nd au protestat minerii din minele de c\u0103rbune nu m-am solidarizat cu ei pentru c\u0103 nu sunt miner \u0219i nu \u00eemi trebuie c\u0103rbune.<\/p>\n<p style=\"text-align: justify;\">C\u00e2nd au protestat produc\u0103torii de lapte nu am protestat pentru c\u0103 eu nu sunt produc\u0103tor de lapte \u0219i nici nu beau.<\/p>\n<p style=\"text-align: justify;\">C\u00e2nd au protestat lucr\u0103torii din \u00eenv\u0103\u021b\u0103m\u00e2nt nu am strigat cu ei pentru m\u0103rirea salariilor pentru c\u0103 eu nu sunt profesor.<\/p>\n<p style=\"text-align: justify;\">Eu sunt pensionar. Pensionarii n-au protestat niciodat\u0103. C\u00e2nd vor protesta pensionarii nu se va al\u0103tura nimeni protestului lor, pentru c\u0103 ceilal\u021bi nu sunt \u00eenc\u0103 pensionari, sau sunt speciali.<\/p>\n<p style=\"text-align: justify;\">*<\/p>\n<p>&nbsp;<\/p>\n<p style=\"text-align: justify;\"><strong>Pensionari eminen\u021bi<\/strong><\/p>\n<p style=\"text-align: justify;\">\n<p style=\"text-align: justify;\">Un num\u0103r de 4.747.604 pensionari era \u00eenregistrat \u00een mai 2024 \u00een Rom\u00e2nia, iar \u00een martie 2025, 4.662.730. Pensia medie, nerecalculat\u0103, a fost de 2.249 de lei \u00een 2024, \u0219i a crescut la 2758 \u00een 2025, conform datelor Casei Na\u021bionale de Pensii Publice.<\/p>\n<p style=\"text-align: justify;\">Impozitul \u0219i CASS este peste, mul\u021bumim&#8230;<\/p>\n<p style=\"text-align: justify;\">A\u0219tept\u0103m cre\u0219terea v\u00e2rstei, c\u0103 speran\u021ba scade.<\/p>\n<p style=\"text-align: justify;\">Singur\u0103tatea nu va mai fi co\u0219marul b\u0103tr\u00e2ne\u021bii. Va deveni un mod de via\u021b\u0103 de la v\u00e2rste fragede \u0219i vor fi c\u0103utate substitute ale singur\u0103t\u0103\u021bii pentru c\u0103 lumea va fi, cum profe\u021be\u0219te Attali, o juxtapunere de singur\u0103t\u0103\u021bi.<\/p>\n<p style=\"text-align: justify;\">\u00cen aceste condi\u021bii, cei foarte b\u0103tr\u00e2ni \u0219i singuri, chiar dac\u0103 vor fi s\u0103n\u0103to\u0219i, \u00ee\u0219i vor dori ei \u00een\u0219i\u0219i scurtarea propriei existen\u021be, dintr-o plictiseal\u0103 f\u0103r\u0103 sf\u00e2r\u0219it, contribuind astfel la \u00eempu\u021binarea popula\u021biei.<\/p>\n<p style=\"text-align: justify;\">Dup\u0103 dorin\u021ba funest\u0103 a sini\u0219trilor r\u00e2vnitori la exterminarea celor ajun\u0219i la senectute. N-am auzit ca vreun astfel de homicid cu creierul orientat exclusiv spre o nou\u0103 ordine mondial\u0103, \u0219i la o demografie de exterminare p\u00e2n\u0103 la aprox 7% din popula\u021bia planetei, s\u0103-\u0219i fi dorit eutanasierea dup\u0103 65 de ani. Acum cred c\u0103 au ridicat preten\u021biile la 70+.<\/p>\n<p style=\"text-align: justify;\">Ei se g\u00e2ndesc doar la \u201etinere\u021be f\u0103r\u0103 b\u0103tr\u00e2ne\u021be \u0219i via\u021b\u0103 f\u0103r\u0103 de moarte\u201d, basmul rom\u00e2nesc de-acum aproape 200 de ani, f\u0103cut cunoscut de Petre Ispirescu, dar nu cred c\u0103 l-au citit.<\/p>\n<p style=\"text-align: justify;\">Unii oameni au prostul obicei de a-i \u00eenvinov\u0103\u021bi mereu sau repetat pe al\u021bii pentru propriile lor gre\u0219eli, plant\u00e2nd \u00een golurile imaginare abera\u021bii, anul\u00e2nd curajul de a le recunoa\u0219te.<\/p>\n<p style=\"text-align: justify;\">Sau gener\u00e2nd predispozi\u021bia de a vedea conspira\u021bii, ca explica\u021bii valide pentru e\u0219ecurile dezastruoase. Atribuim \u00eentotdeauna e\u0219ecului o conota\u021bie negativ\u0103, acesta fiind pretextul pentru care toat\u0103 lumea vrea s\u0103 ascund\u0103 adev\u0103rul de ceilal\u021bi. \u00cen spitalele noastre bacteriile se acoper\u0103 cu perna, virusurile se ascund sub cearceaf \u0219i infec\u021biile sub plapum\u0103. Pentru ce ne trebuie ministru?<\/p>\n<p style=\"text-align: justify;\">\u00cen acela\u0219i timp ne \u00eentreb\u0103m de ce societatea zilelor noastre este at\u00e2t de prost-crescut\u0103 \u0219i \u00een modul de a-i trata pe ceilal\u021bi, dar c\u00e2t\u0103 spaim\u0103 are, \u00een schimb, de a nu fi \u0219i ea blamat\u0103.<\/p>\n<p style=\"text-align: justify;\">E\u0219ecul nu trebuie considerat negativ, acuzator, ru\u0219inos sau stigmatizator. Sau, cel pu\u021bin, nu \u00eentotdeauna, nu oric\u00e2nd. Dimpotriv\u0103, e\u0219ecul poate fi incitant, interesant, stimulant, poate fi speculat, transformat din sl\u0103biciune \u00een vigoare, un ingredient esen\u021bial \u00een orice re\u021bet\u0103 de succes.<\/p>\n<p style=\"text-align: justify;\">Dac\u0103 e privit altfel&#8230;Cu to\u021bii trebuie s\u0103 \u00eendur\u0103m e\u0219ecul din c\u00e2nd \u00een c\u00e2nd. Trebuie s\u0103-l recunoa\u0219tem \u0219i s\u0103 ne ferim de blocajul \u00een rela\u021bia cu e\u0219ecul.<\/p>\n<p style=\"text-align: justify;\">Atunci c\u00e2nd nu se confirm\u0103 presupunerile noastre, suntem necesar \u00eendrepta\u021bi spre o nou\u0103 conexiune cu realitatea.<\/p>\n<p style=\"text-align: justify;\">*<\/p>\n<p>&nbsp;<\/p>\n<p style=\"text-align: justify;\"><strong>Pasul de taur<\/strong><\/p>\n<p style=\"text-align: justify;\">\n<p style=\"text-align: justify;\">\u0162i se pare jenant s\u0103 dai \u00eenapoi c\u00e2nd e\u015fti con\u015ftient de gre\u015feala pe care ai f\u0103cut-o, dar ai mers prea departe ca s\u0103 te opre\u015fti sau s\u0103 te \u00eentorci?<\/p>\n<p style=\"text-align: justify;\">Te-ai repezit ca berbecul sau ca taurul f\u0103r\u0103 s\u0103 mai po\u021bi fr\u00e2na?<\/p>\n<p style=\"text-align: justify;\">\u201ePasul de taur\u201d (pentru calul troian e nevoie de subtilitate, pentru subtililate de alte abilit\u0103\u0163i stilate) sau al celor care nu se mai pot opri, din orice ac\u0163iune, ca la Fiesta de la Pamplona, exist\u0103 solu\u0163ia \u2013 orice profesor de fizic\u0103, sau matematician, de la Cotroceni o cunoa\u015fte \u2013 reducerea momentului propriu de \u00eenaintare, cu dou\u0103 variante: s\u0103 o la\u015fi mai moale sau s\u0103 o iei de la \u00eenceput, p\u00e2n\u0103 nu e prea t\u00e2rziu.<\/p>\n<p style=\"text-align: justify;\">\u015ei iar\u0103\u015fi ne \u00eentoarcem la educa\u0163ie&#8230; \u015fi la lucrul bine&#8230; \u00eenv\u0103\u0163at. Sau dezv\u0103\u021bat?<\/p>\n","protected":false},"excerpt":{"rendered":"<p>2-3 cen\u021bi, un omagiu adus sufixului [din volumul, \u00eenc\u0103 nepublicat, Privilegiul plictisitului] [cuvinte afurisite] de Mihai Bogdan Lupescu Le Canard encha\u00een\u00e9 En passant par la Bretagne, am cump\u0103rat num\u0103rul (N\u00b0 5451, anul 109) din 30 aprilie 2025 al gazetei Le Canard encha\u00een\u00e9 dintr-un chio\u0219c de ziare din Place Sainte-Anne, din Rennes. 1,80 euro nu mi [&hellip;]<\/p>\n","protected":false},"author":2,"featured_media":0,"comment_status":"open","ping_status":"open","sticky":false,"template":"","format":"standard","meta":{"jetpack_post_was_ever_published":false,"_jetpack_newsletter_access":"","_jetpack_dont_email_post_to_subs":false,"_jetpack_newsletter_tier_id":0,"_jetpack_memberships_contains_paywalled_content":false,"_jetpack_memberships_contains_paid_content":false,"footnotes":""},"categories":[55,1721,1800],"tags":[1120,1722,1801,1572],"class_list":["post-15891","post","type-post","status-publish","format-standard","hentry","category-articole","category-cuvinte-afurisite","category-egophobia-86","tag-articole","tag-cuvinte-afurisite","tag-egophobia-86","tag-mihai-bogdan-lupescu"],"jetpack_featured_media_url":"","jetpack_sharing_enabled":true,"jetpack_shortlink":"https:\/\/wp.me\/p6DakB-48j","_links":{"self":[{"href":"https:\/\/egophobia.ro\/index.php?rest_route=\/wp\/v2\/posts\/15891","targetHints":{"allow":["GET"]}}],"collection":[{"href":"https:\/\/egophobia.ro\/index.php?rest_route=\/wp\/v2\/posts"}],"about":[{"href":"https:\/\/egophobia.ro\/index.php?rest_route=\/wp\/v2\/types\/post"}],"author":[{"embeddable":true,"href":"https:\/\/egophobia.ro\/index.php?rest_route=\/wp\/v2\/users\/2"}],"replies":[{"embeddable":true,"href":"https:\/\/egophobia.ro\/index.php?rest_route=%2Fwp%2Fv2%2Fcomments&post=15891"}],"version-history":[{"count":1,"href":"https:\/\/egophobia.ro\/index.php?rest_route=\/wp\/v2\/posts\/15891\/revisions"}],"predecessor-version":[{"id":15892,"href":"https:\/\/egophobia.ro\/index.php?rest_route=\/wp\/v2\/posts\/15891\/revisions\/15892"}],"wp:attachment":[{"href":"https:\/\/egophobia.ro\/index.php?rest_route=%2Fwp%2Fv2%2Fmedia&parent=15891"}],"wp:term":[{"taxonomy":"category","embeddable":true,"href":"https:\/\/egophobia.ro\/index.php?rest_route=%2Fwp%2Fv2%2Fcategories&post=15891"},{"taxonomy":"post_tag","embeddable":true,"href":"https:\/\/egophobia.ro\/index.php?rest_route=%2Fwp%2Fv2%2Ftags&post=15891"}],"curies":[{"name":"wp","href":"https:\/\/api.w.org\/{rel}","templated":true}]}}