{"id":1859,"date":"2009-10-12T11:30:27","date_gmt":"2009-10-12T09:30:27","guid":{"rendered":"http:\/\/egophobia.ro\/?p=1859"},"modified":"2009-10-12T10:53:22","modified_gmt":"2009-10-12T08:53:22","slug":"poeme-wanka-de-gerson-paredes-coz","status":"publish","type":"post","link":"https:\/\/egophobia.ro\/?p=1859","title":{"rendered":"Poeme <i>Wanka<\/i> de Gerson Paredes Coz"},"content":{"rendered":"<p><font color=green>(fereastra latin\u0103)<\/font><\/p>\n<p align=right>prezentare &#038; traducere de Simona D\u0103ncil\u0103<\/p>\n<p align=\"justify\">\nGerson Paredes Coz (n. 1966) este descendent al popula\u0163iei indigene wanka \u015fi datorit\u0103 activit\u0103\u0163ii sale entuziaste \u015fi neobosite \u00een direc\u0163ia p\u0103str\u0103rii obiceiurilor str\u0103bune a fost ales Yerko, el Guardian de la Montana-P\u0103zitorul muntelui. Conduce cetatea mistic\u0103 Pachacutec-Ventanilla \u015fi organizeaz\u0103 <em>Recitalurile Muntelui<\/em>, eveniment ceremonial anual prilejuit de s\u0103rbatorirea echinoc\u0163iului, unde se \u00eentrunesc poe\u0163i, dansatori, muzicieni, naratori \u015fi arti\u015fti plastici. Se celebreaz\u0103 ceremonia <em>Kutichi<\/em> &#8211; Ceremonia \u00eentoarcerii divinit\u0103\u0163ii \u00een cadrul cultului zeit\u0103\u0163ii supreme Pachamama, zeitate care a rezistat atacului fulminant \u015fi constant al cre\u015ftinismului de-a lungul secolelor \u015fi care se \u00eenal\u0163\u0103 din ce  \u00een ce mai senin\u0103 \u00een con\u015ftiin\u0163a supravie\u0163uitorilor indigeni. Este membru al importantului centru <em>Wali Wasi<\/em> care prin ample ac\u0163iuni culturale men\u0163ine treaz\u0103 con\u015ftiin\u0163a etnic\u0103 a indienilor. \u00cen 1999 a fost finalist al premiului <em>Cope<\/em> -sec\u0163ia poezie- cu volumul s\u0103u <em>Kodigos de sangre<\/em>, o carte foarte interesant\u0103 care se refer\u0103 la ADN \u015fi la modul cum este perceput\u0103 harta genetic\u0103 \u00een spiritualitatea inca\u015f\u0103. A publicat volume de poezie care s-au bucurat de aprecierea criticilor peruani, printre care <em>Genesis en Palimpsesto<\/em>, <em>Danza del fuego en el dia del Jaguar<\/em>, <em>La migracion del verbo<\/em>, precum si numeroase articole \u015fi eseuri. Este prezent \u00eentr-o serie de antologii importante de poezie hispanoamerican\u0103. \u00centr-un articol din <em>El Pais<\/em>, declar\u0103: \u201e\u00cen acest moment vital trebuie s\u0103 ne \u00een\u0103l\u0163\u0103m glasul pentru c\u0103 vocea str\u0103bunilor se aude din nou, chiar dac\u0103 o mare parte din ea s-a pierdut pentru totdeauna. Vom lupta pentru ceea ce ne-a mai r\u0103mas.\u201d<!--more--><\/p>\n<p align=center>\n<img data-recalc-dims=\"1\" decoding=\"async\" src=\"https:\/\/i0.wp.com\/i158.photobucket.com\/albums\/t103\/egophobia\/24\/gersonparedes-ritualurilemuntelui1.jpg?w=812\"><br \/>\n[Ritualurile muntelui]<\/p>\n<p><strong>Frig \u00een Anzi<\/strong><\/p>\n<p>Cu siguran\u0163\u0103 pentru vreun p\u0103cat de-al nostru<br \/>\nzeul Taita (zeul- Soare) o fi congelat ploaia<br \/>\nca s\u0103 albeasc\u0103 mun\u0163ii no\u015ftri.<br \/>\nNu \u00een\u0163eleg de ce vigoniile<br \/>\nau r\u0103mas prinse \u00een ghea\u0163a sf\u00e2nt\u0103,<br \/>\nam v\u0103zut cum ninge \u00een spiral\u0103 cu oi<br \/>\n\u00eenso\u0163ite de mieii lor tremur\u0103tori.<br \/>\nNu \u00een\u0163eleg de ce fiul meu \u015fi-a ars fa\u0163a<br \/>\ns\u0103rmanul de \u015fapte luni era nevinovat&#8230;<br \/>\nN-am vrut s\u0103 moar\u0103 precum un iepure<br \/>\nmi-am \u00een\u015ff\u0103cat mantia \u015fi am plecat<br \/>\n\u015fi plec\u00e2nd m\u0103 \u00eentorceam la el, la wawa-bebelu\u015ful meu.<br \/>\n\u015ei  m-am str\u00e2ns \u00een mine ca s\u0103 fiu ap\u0103rat<br \/>\nde atacul z\u0103pezii \u015fi al vulpoiului<br \/>\n \u015fi str\u00e2ng\u00e2ndu-m\u0103 mergeam.<br \/>\n&#8211;Am mers 40 de kilometri \u00een 30 de ore?<br \/>\nPare mult&#8230; Vraciul nu era acas\u0103, vracii no\u015ftri<br \/>\nnu mai sunt acas\u0103, sunt domni \u00een locul lor.<br \/>\n&#8211;Va sc\u0103pa, domnule, copilul meu?<br \/>\n&#8211;&#8230;<br \/>\n&#8211;Sunte\u0163i medic, ce Dumnezeu!<br \/>\nSunt Margarita Huillcapuma din Umamarca, Apurimac,<br \/>\n\u0163inuturi legendare. Nu, nu mai \u015ftiu ce-i curajul.<br \/>\n&#8211;O s\u0103 scape, doctore, bebelu\u015ful (<em>wawa<\/em>) meu?<\/p>\n<p align=center>\n<img data-recalc-dims=\"1\" decoding=\"async\" src=\"https:\/\/i0.wp.com\/i158.photobucket.com\/albums\/t103\/egophobia\/24\/gersonp-ritualurilemuntelui2.jpg?w=812\"><br \/>\n[Ritualurile muntelui]<\/p>\n<p><strong>Monologul patriei despre pace<\/strong><\/p>\n<p>Merg cu picioarele goale, frige nisipul refractar<br \/>\nmi s-au acoperit pupilele cu scame,<br \/>\ndin ve\u015fmintele sf\u00e2\u015fiate \u0163\u00e2\u015fne\u015fte corpul  vechiului r\u0103zboinic<br \/>\numbrele \u00eemping col\u0163urile str\u0103zilor cr\u0103p\u00e2ndu-le.<br \/>\nCade m\u0103tase ro\u015fie \u015fi mi-e foame<br \/>\nun felinar vechi lumineaz\u0103 singur ziarul<br \/>\ncare anun\u0163\u0103 semnarea unei p\u0103ci a lor&#8230;<br \/>\nPe casa de metal pl\u00e2nge o pas\u0103re cu piept alb<br \/>\npe care \u00eens\u0103 nu scrie nimic- au trimis-o str\u0103mo\u015fii?<br \/>\n(\u00eemi pare r\u0103u, nu pot face nimic pentru tine)<\/p>\n<p align=center>\n<img data-recalc-dims=\"1\" decoding=\"async\" src=\"https:\/\/i0.wp.com\/i158.photobucket.com\/albums\/t103\/egophobia\/24\/gersonparedes-ritualurilemuntelui3.jpg?w=400\"  ><br \/>\n[Ritualurile muntelui]<\/p>\n<p><strong>Kotosh<\/strong><\/p>\n<p>M\u00e2ini \u00eencruci\u015fate odihnesc sub aluviuni dup\u0103 ce au<br \/>\ndat luminii aceste picturi rupestre-mesaj str\u0103bun de armonie<br \/>\n nemuritor ca \u00eens\u0103\u015fi natura.<br \/>\nDeasupra templului au \u00een\u0103l\u0163at observatorul-orologiu Intihuatana<br \/>\ncare \u00een\u0163eap\u0103 cerul \u015fi \u00eempodobe\u015fte amiaza cu ritualuri sacre.<br \/>\n\u00cen valea smochinilor no\u015ftri un deget carmin pietrificat<br \/>\ngeometric, zenit milenar f\u0103r\u0103 umbr\u0103 carnal\u0103.<br \/>\nQuillarumi (Luna de piatr\u0103) str\u0103luce\u015fte \u00een s\u0103p\u0103turi.<\/p>\n<p align=center>\n<img data-recalc-dims=\"1\" decoding=\"async\" src=\"https:\/\/i0.wp.com\/i158.photobucket.com\/albums\/t103\/egophobia\/24\/simonad.jpg?w=400\" ><br \/>\n[Simona D\u0103ncil\u0103]<\/p>\n","protected":false},"excerpt":{"rendered":"<p>(fereastra latin\u0103) prezentare &#038; traducere de Simona D\u0103ncil\u0103 Gerson Paredes Coz (n. 1966) este descendent al popula\u0163iei indigene wanka \u015fi datorit\u0103 activit\u0103\u0163ii sale entuziaste \u015fi neobosite \u00een direc\u0163ia p\u0103str\u0103rii obiceiurilor str\u0103bune a fost ales Yerko, el Guardian de la Montana-P\u0103zitorul muntelui. Conduce cetatea mistic\u0103 Pachacutec-Ventanilla \u015fi organizeaz\u0103 Recitalurile Muntelui, eveniment ceremonial anual prilejuit de s\u0103rbatorirea [&hellip;]<\/p>\n","protected":false},"author":2,"featured_media":0,"comment_status":"open","ping_status":"open","sticky":false,"template":"","format":"standard","meta":{"jetpack_post_was_ever_published":false,"_jetpack_newsletter_access":"","_jetpack_dont_email_post_to_subs":false,"_jetpack_newsletter_tier_id":0,"_jetpack_memberships_contains_paywalled_content":false,"_jetpack_memberships_contains_paid_content":false,"footnotes":""},"categories":[310,70,13],"tags":[1131,1121,376,1114,73,72],"class_list":["post-1859","post","type-post","status-publish","format-standard","hentry","category-egophobia-24","category-fereastra-latina","category-poezie","tag-egophobia-24","tag-fereastra-latina","tag-gerson-paredes-coz","tag-poezie","tag-simona-dancila","tag-traducere"],"jetpack_featured_media_url":"","jetpack_sharing_enabled":true,"jetpack_shortlink":"https:\/\/wp.me\/p6DakB-tZ","_links":{"self":[{"href":"https:\/\/egophobia.ro\/index.php?rest_route=\/wp\/v2\/posts\/1859","targetHints":{"allow":["GET"]}}],"collection":[{"href":"https:\/\/egophobia.ro\/index.php?rest_route=\/wp\/v2\/posts"}],"about":[{"href":"https:\/\/egophobia.ro\/index.php?rest_route=\/wp\/v2\/types\/post"}],"author":[{"embeddable":true,"href":"https:\/\/egophobia.ro\/index.php?rest_route=\/wp\/v2\/users\/2"}],"replies":[{"embeddable":true,"href":"https:\/\/egophobia.ro\/index.php?rest_route=%2Fwp%2Fv2%2Fcomments&post=1859"}],"version-history":[{"count":6,"href":"https:\/\/egophobia.ro\/index.php?rest_route=\/wp\/v2\/posts\/1859\/revisions"}],"predecessor-version":[{"id":1871,"href":"https:\/\/egophobia.ro\/index.php?rest_route=\/wp\/v2\/posts\/1859\/revisions\/1871"}],"wp:attachment":[{"href":"https:\/\/egophobia.ro\/index.php?rest_route=%2Fwp%2Fv2%2Fmedia&parent=1859"}],"wp:term":[{"taxonomy":"category","embeddable":true,"href":"https:\/\/egophobia.ro\/index.php?rest_route=%2Fwp%2Fv2%2Fcategories&post=1859"},{"taxonomy":"post_tag","embeddable":true,"href":"https:\/\/egophobia.ro\/index.php?rest_route=%2Fwp%2Fv2%2Ftags&post=1859"}],"curies":[{"name":"wp","href":"https:\/\/api.w.org\/{rel}","templated":true}]}}