{"id":1889,"date":"2009-10-13T07:00:43","date_gmt":"2009-10-13T05:00:43","guid":{"rendered":"http:\/\/egophobia.ro\/?p=1889"},"modified":"2009-10-12T14:27:27","modified_gmt":"2009-10-12T12:27:27","slug":"atitudinea-intelectualilor-dupa-dictatura-militara","status":"publish","type":"post","link":"https:\/\/egophobia.ro\/?p=1889","title":{"rendered":"Atitudinea intelectualilor dup\u0103 dictatura militar\u0103"},"content":{"rendered":"<p><font color=green>(fereastra latin\u0103)<\/font><\/p>\n<p align=right>de Simona D\u0103ncil\u0103<\/p>\n<p align=justify>\n\u00cen \u0163\u0103rile slab dezvoltate cultura este o p\u00e2rghie na\u0163ional\u0103 care dac\u0103 nu contribuie efectiv la ameliorarea situa\u0163iei r\u0103m\u00e2ne o butaforie ostentativ\u0103, o tichie de m\u0103rg\u0103ritar. \u015ei cum ar putea cultura s\u0103 amelioreze situa\u0163ia altfel dec\u00e2t schimb\u00e2nd profund con\u015ftiin\u0163ele astfel \u00eenc\u00e2t progresele economice s\u0103 nu produc\u0103 o burghezie de calitate inferioar\u0103? \u00cen Ecuador cultura este \u00eenc\u0103 un vis al inocen\u0163ilor.<!--more--><\/p>\n<p align=justify>\n\u00cen aceast\u0103 \u0163ar\u0103 unde 77% din popula\u0163ie tr\u0103ie\u015fte sub limitele s\u0103r\u0103ciei, 42% din copii sunt afecta\u0163i de subnutri\u0163ie \u015fi 35% dintre ei mor de foame (conform statisticilor UNICEF), unde nivelul educa\u0163iei, al produc\u0163iei interne \u015fi accesul la tehnologie sunt cele mai sc\u0103zute de pe continent, unde corup\u0163ia a atins cote inimaginabile \u015fi delincven\u0163a a crescut \u00een mod alarmant, care au fost atitudinea \u015fi rolul intelectualilor care odat\u0103 cu sf\u00e2r\u015fitul dictaturii militare din 1978 au putut s\u0103-\u015fi exprime opiniile umaniste \u015fi s\u0103 adopte o atitudine civic\u0103  favorabil\u0103 promov\u0103rii libere a valorilor culturale? Ei au continuat s\u0103 ac\u0163ioneze \u00een acela\u015fi spirit, mole\u015fi\u0163i de confortul puterii \u015fi de binefacerile pozi\u0163iilor dob\u00e2ndite \u00een perioada c\u00e2nd militarii afla\u0163i la putere \u015fi-au dat seama c\u0103 sprijinirea activit\u0103\u0163ilor culturale conduce la ameliorarea imaginii brutale a dictaturii \u00een ochii popula\u0163iei din clasele de mijloc cu o anumit\u0103 bun\u0103stare social\u0103, \u00eendulce\u015fte cinismul \u015fi \u00eent\u00e2rzie reac\u0163iile de respingere ceea ce permite o consolidare a pozi\u0163iei politice. \u201eB\u0103ile de cultur\u0103\u201d au devenit indispensabile, mai ales dup\u0103  \u00eembun\u0103t\u0103\u0163irea considerabil\u0103 a nivelului de trai din \u201eEra petrolului\u201d c\u00e2nd, pentru a-\u015fi asigura o scurt\u0103 bun\u0103stare, guvernan\u0163ii au v\u00e2ndut p\u00e2n\u0103 la epuizare cea mai important\u0103 bog\u0103\u0163ie natural\u0103 a \u0163\u0103rii. Resursele financiare, atunci ca \u015fi acum, erau mai mult dec\u00e2t suficiente pentru bugetari \u015fi asta i-a determinat pe intelectuali s\u0103 se aga\u0163e de func\u0163ii ca de ni\u015fte colaci de salvare pe marea dezl\u0103n\u0163uit\u0103 a penuriei economice. Era de ajuns ca doritorul s\u0103 prezinte un proiect modest, f\u0103r\u0103 vreo strategie cultural\u0103 pe termen lung, alc\u0103tuit dup\u0103 un tipic \u00eemb\u00e2csit \u015fi primea aprobare f\u0103r\u0103 nici o b\u0103taie de cap, demersul ca act de sus\u0163inere politic\u0103, de recunoa\u015ftere a unei autorit\u0103\u0163i capabile s\u0103 dirijeze cultura na\u0163ional\u0103, fiind suficient, ceea ce a dus, evident, la modificarea dramatic\u0103 a rolului culturii. Astfel a luat na\u015ftere Departamentul Cultural al B\u0103ncii Centrale, asociere gr\u0103itoare de termeni, a fost inaugurat complexul Casa Culturii Ecuadoriene (format din muzee, cinematografe, s\u0103li de expozi\u0163ie, edituri), Facultatea de Arte \u015fi \u015ecoala de Teatru. S-ar putea spune c\u0103 asta a \u00eensemnat o \u00eenflorire cultural\u0103 dar artificialitatea fenomenului \u015fi lipsa de substan\u0163\u0103 adecvat\u0103 care s\u0103 umple aceste forme fizice ale culturii, pe de o parte \u015fi scopul lor propagandistic, pe de alt\u0103 parte, a n\u0103scut hibrizi care \u00een cele din urm\u0103 s-au dovedit \u00eenclina\u0163i spre materialism \u015fi compromis mult mai mult dec\u00e2t spre creativitate \u015fi munc\u0103 cinstit\u0103- era normal ca cinstea \u00eentr-o astfel de societate s\u0103 fie o excep\u0163ie, o abatere de la regul\u0103. Oswaldo Guayasamina a \u00eenceput s\u0103 construiasc\u0103 celebra Capel\u0103 a Omului (Capilla del Hombre &#8211; spa\u0163iu cultural arhitectonic, complex de mari dimensiuni care trece \u00een revist\u0103 etapele istorice ale latinoamericanului \u00eencep\u00e2nd cu imaginea precolumbian\u0103 \u015fi p\u00e2n\u0103 la cea contemporan\u0103) ca apogeu faraonic al culturaliz\u0103rii. Editurile B\u0103ncii Centrale, ale Universit\u0103\u0163ii Centrale, ale Casei de Cultur\u0103 au tip\u0103rit o mul\u0163ime de c\u0103r\u0163i, la gr\u0103mad\u0103, proiect\u00e2nd autorii \u00eentr-o lumin\u0103 orbitoare \u015fi aureol\u00e2ndu-i \u00een a\u015fa fel \u00eenc\u00e2t, previzibil, au pierdut sim\u0163ul m\u0103surii \u015fi dorin\u0163a de a schimba ceva. Apar mi\u015fc\u0103ri culturale a c\u0103ror direc\u0163ie, din p\u0103cate, nu are nimic comun cu progresul intelectual. S-a produs, cu alte cuvinte, o mezalian\u0163\u0103 \u00eentre militari \u015fi intelectuali, fructuoas\u0103 pentru ambele p\u0103r\u0163i \u015fi, \u00een plus, cei din urm\u0103 nu au avut de suferit \u00een urma r\u0103sturn\u0103rilor politice de situa\u0163ie, ceea ce nu este tocmai un avantaj ci mai degrab\u0103 o dovad\u0103 a dependen\u0163ei intelectualului de o anumit\u0103 atitudine cameleonic\u0103, iar asta duce la pierderea identit\u0103\u0163ii. Centrul de greutate al motiva\u0163iei artistice se mut\u0103 spre zonele facile, calme, plate. Nu exist\u0103 practic o rezisten\u0163\u0103 propriu-zis\u0103, o ostilitate f\u0103\u0163i\u015f\u0103 \u00eentre reprezentan\u0163ii aviza\u0163i sau nu ai culturii \u015fi guvernan\u0163i, reac\u0163ia scriitorilor e mai degrab\u0103 cea a unor cronicari profesioni\u015fti care se str\u0103duiesc s\u0103 dea o patin\u0103 special\u0103 evenimentelor transform\u00e2ndu-le \u00een alegorii cu priz\u0103 la public, suplinind nevoia de spectacol (circus) \u015fi recuper\u00e2nd \u00een mod nea\u015fteptat terenul pierdut de grandioasele \u00eenscen\u0103ri religioase. Sacrificiul pretins de oper\u0103 este aceast\u0103 complicitate ned\u0103un\u0103toare dec\u00e2t \u00een cel mai subtil plan spiritual. Germenul vital se usuc\u0103 \u00een timp ce fructul cre\u015fte \u015fi se rotunje\u015fte \u00een\u015fel\u0103tor. \u00centr-un articol referitor la situa\u0163ia intelectualului, ziaristul ecuadorian R.A. Artega explic\u0103: \u201eNe afl\u0103m \u00een fa\u0163a  unei probleme existen\u0163iale care nu se limiteaz\u0103 la o convie\u0163uire politic\u0103 \u015fi la alte tipuri de convenien\u0163e. Intelectualii din aceast\u0103 \u0163ar\u0103, dup\u0103 ce au f\u0103cut oarecum corp comun cu dictatura militar\u0103, au r\u0103mas complet debusola\u0163i odat\u0103 cu sf\u00e2r\u015fitul acesteia \u015fi noua er\u0103 democratic\u0103 i-a surprins nepreg\u0103ti\u0163i. Au fost absorbi\u0163i, \u00eeneca\u0163i de democra\u0163ie \u015fi poate chiar strivi\u0163i \u00een p\u0103r\u0163ile \u00eenc\u0103 sensibile, digera\u0163i dar nu evacua\u0163i \u015fi, \u00eentocmai ca orice tip de parazi\u0163i, s-au multiplicat \u015fi s-au \u00eengr\u0103\u015fat \u00een noul organism devenind at\u00e2t de numero\u015fi \u015fi de d\u0103un\u0103tori \u00eenc\u00e2t numai un purgativ extrem de puternic i-ar mai putea elimina. [&#8230;] \u00cen fond, cine sus\u0163ine un artist adev\u0103rat? Nimeni altcineva dec\u00e2t el \u00eensu\u015fi iar dac\u0103 nu este \u00een stare s\u0103-\u015fi asigure existen\u0163a din aceast\u0103 perspectiv\u0103, \u00eenceteaz\u0103 de a mai fi artist.\u201d<\/p>\n<p align=justify>\n\u00cen Ecuador, ca \u015fi \u00een celelalte \u0163\u0103ri latinoamericane a c\u0103ror istorie acid\u0103 a l\u0103sat urme de ne\u015fters \u00een suflete, spiritul revolu\u0163ionar este \u00eenc\u0103 viu \u015fi puternic \u015fi orice scriitor care nu se exprim\u0103 virulent \u015fi paroxistic \u00eentr-un fel sau altul, este considerat la\u015f. T\u0103cerea oamenilor de litere ascunde pacturi dubioase, ced\u0103ri ru\u015finoase, compromisuri cu at\u00e2t mai deplorabile cu c\u00e2t ei reprezint\u0103 Vocea, vocea profesionist\u0103 a unei na\u0163iuni unde alfabetizarea este prezentat\u0103 ca o alternativ\u0103 progresist\u0103 \u015fi spectaculoas\u0103 a dezn\u0103d\u0103jduitelor culturi analfabete, a artizanilor pentru care \u015ftiin\u0163a \u00eenseamn\u0103 \u00een primul r\u00e2nd bun-sim\u0163, demnitate \u015fi t\u0103cere. \u00cen acela\u015fi articol R.A. Artega opineaz\u0103: \u201e Etapa democratic\u0103 din anii &#8217;80 a fost apogeul afirm\u0103rii unor nume importante de scriitori care \u00eens\u0103 nu i-au putut proiecta \u00een via\u0163a cultural\u0103 interna\u0163ional\u0103 (fapt aproape ru\u015finos \u015fi descurajant pentru un neam cu un folclor at\u00e2t de bogat \u015fi apreciat, n.a.), cu excep\u0163ia lui Javier Vasconez care \u00een ultimii zece ani a dat opere de mare calitate. Odat\u0103 consacra\u0163i pe plan intern creatorii caut\u0103 o recunoa\u015ftere c\u00e2t mai larg\u0103, dar asta depinde \u015fi de dimensiunea fizic\u0103 \u015fi politic\u0103 a statului respectiv. Nu este acela\u015fi lucru s\u0103 te na\u015fti \u00een Fran\u0163a, \u00een Regatul Unit sau \u00een Ecuador. E valabil\u0103 \u00een mare m\u0103sur\u0103 reciprocitatea: \u0163ar\u0103 mic\u0103\u2014recunoa\u015ftere interna\u0163ional\u0103 redus\u0103. Intelectuali mici, pre\u015fedin\u0163i mici \u015fi grupuri mici de putere care lupt\u0103 \u00eentre ele pentru mizeria unei na\u0163iuni. \u015ei cel care vrea s\u0103 se fac\u0103 auzit, s\u0103 aib\u0103 ecou, trebuie s\u0103 \u00eenve\u0163e s\u0103 fie mai pu\u0163in dependent.\u201d,  mai ales de lucruri mici, a\u015f ad\u0103uga. <\/p>\n<p align=justify>\nDesprinderea scriitorului din masa de scribi depinde nu numai de valoarea sa ci \u015fi de modul cum reu\u015fe\u015fte s\u0103 se singualrizeze \u00een raport cu realit\u0103\u0163ile din propria \u0163ar\u0103 \u015fi s\u0103-\u015fi asume func\u0163ia social\u0103 de purt\u0103tor de cuv\u00e2nt calificat \u015fi credibil. A ignora contradic\u0163ia dintre aspira\u0163iile poporului ca tot etnic, ca nucleu cultural specific \u015fi \u0163elurile guvernan\u0163ilor duce la sufocarea mesajului, la nivelarea ideii de art\u0103. Acela\u015fi efect \u00eel are \u00eens\u0103 \u015fi criticarea cu orice pre\u0163 a unei persoane publice, astfel de ac\u0163iuni ies din sfera \u00eenalt\u0103 a crea\u0163iei. Dealtfel, \u00een ciuda atrocit\u0103\u0163ilor comise, dictatorii sudamericani sunt trata\u0163i \u00een romane cu maxim\u0103 condescenden\u0163\u0103 accentu\u00e2ndu-li-se latura supranatural\u0103 \u015fi f\u0103c\u00e2nd cu at\u00e2t mai admirabil punctul de vedere profund umanist al scriitorilor respectivi. Acela\u015fi jurnalist ecuadorian prive\u015fte cu optimism spre tinerii scriitori: \u201eEste timpul ca tinerii scriitori s\u0103 \u0163in\u0103 cont de faptul c\u0103 sunt responsabili pentru progresul culturii \u015fi al crea\u0163iei, c\u0103 pot aduce o nou\u0103 mentalitate care s\u0103 dea prioritate nu cantit\u0103\u0163ii ci, a\u015fa cum afirma campionul nostru Jefferson Perez, excelen\u0163ei! O cultur\u0103 dependent\u0103 de stat este sinonim\u0103 cu o castrare intelectual\u0103, pu\u0163ini au reu\u015fit s\u0103 se elibereze de capcanele pe care acesta le \u00eentinde \u015fi \u00een care, de multe ori din proprie ini\u0163iativ\u0103, ne ad\u0103postim.\u201d<\/p>\n<p align=justify>\nDesigur, scriitorii tineri pot instaura o stare de competi\u0163ie real\u0103 care s\u0103-l scoat\u0103 pe intelectual din aceast\u0103 fug\u0103 \u00een cerc (fie el \u015fi literar) oferindu-i \u015fansa unei evalu\u0103ri corecte \u015fi benefice. Con\u015ftien\u0163i de faptul c\u0103 majoritatea c\u0103r\u0163ilor bine v\u00e2ndute r\u0103m\u00e2n la periferia artei, mul\u0163i aleg totu\u015fi drumul cel mai scurt c\u0103tre o glorie palpabil\u0103 \u015fi ar fi cazul s\u0103 ne \u00eentreb\u0103m: oare la ce beneficiu ne putem a\u015ftepta din partea intelectualilor? <\/p>\n","protected":false},"excerpt":{"rendered":"<p>(fereastra latin\u0103) de Simona D\u0103ncil\u0103 \u00cen \u0163\u0103rile slab dezvoltate cultura este o p\u00e2rghie na\u0163ional\u0103 care dac\u0103 nu contribuie efectiv la ameliorarea situa\u0163iei r\u0103m\u00e2ne o butaforie ostentativ\u0103, o tichie de m\u0103rg\u0103ritar. \u015ei cum ar putea cultura s\u0103 amelioreze situa\u0163ia altfel dec\u00e2t schimb\u00e2nd profund con\u015ftiin\u0163ele astfel \u00eenc\u00e2t progresele economice s\u0103 nu produc\u0103 o burghezie de calitate inferioar\u0103? [&hellip;]<\/p>\n","protected":false},"author":2,"featured_media":0,"comment_status":"open","ping_status":"open","sticky":false,"template":"","format":"standard","meta":{"jetpack_post_was_ever_published":false,"_jetpack_newsletter_access":"","_jetpack_dont_email_post_to_subs":false,"_jetpack_newsletter_tier_id":0,"_jetpack_memberships_contains_paywalled_content":false,"_jetpack_memberships_contains_paid_content":false,"footnotes":""},"categories":[55,310,70],"tags":[1120,1131,1121,73],"class_list":["post-1889","post","type-post","status-publish","format-standard","hentry","category-articole","category-egophobia-24","category-fereastra-latina","tag-articole","tag-egophobia-24","tag-fereastra-latina","tag-simona-dancila"],"jetpack_featured_media_url":"","jetpack_sharing_enabled":true,"jetpack_shortlink":"https:\/\/wp.me\/p6DakB-ut","_links":{"self":[{"href":"https:\/\/egophobia.ro\/index.php?rest_route=\/wp\/v2\/posts\/1889","targetHints":{"allow":["GET"]}}],"collection":[{"href":"https:\/\/egophobia.ro\/index.php?rest_route=\/wp\/v2\/posts"}],"about":[{"href":"https:\/\/egophobia.ro\/index.php?rest_route=\/wp\/v2\/types\/post"}],"author":[{"embeddable":true,"href":"https:\/\/egophobia.ro\/index.php?rest_route=\/wp\/v2\/users\/2"}],"replies":[{"embeddable":true,"href":"https:\/\/egophobia.ro\/index.php?rest_route=%2Fwp%2Fv2%2Fcomments&post=1889"}],"version-history":[{"count":2,"href":"https:\/\/egophobia.ro\/index.php?rest_route=\/wp\/v2\/posts\/1889\/revisions"}],"predecessor-version":[{"id":1898,"href":"https:\/\/egophobia.ro\/index.php?rest_route=\/wp\/v2\/posts\/1889\/revisions\/1898"}],"wp:attachment":[{"href":"https:\/\/egophobia.ro\/index.php?rest_route=%2Fwp%2Fv2%2Fmedia&parent=1889"}],"wp:term":[{"taxonomy":"category","embeddable":true,"href":"https:\/\/egophobia.ro\/index.php?rest_route=%2Fwp%2Fv2%2Fcategories&post=1889"},{"taxonomy":"post_tag","embeddable":true,"href":"https:\/\/egophobia.ro\/index.php?rest_route=%2Fwp%2Fv2%2Ftags&post=1889"}],"curies":[{"name":"wp","href":"https:\/\/api.w.org\/{rel}","templated":true}]}}