{"id":2974,"date":"2010-01-18T07:32:16","date_gmt":"2010-01-18T05:32:16","guid":{"rendered":"http:\/\/egophobia.ro\/?p=2974"},"modified":"2010-01-18T18:00:27","modified_gmt":"2010-01-18T16:00:27","slug":"un-roman-pentru-revolutie","status":"publish","type":"post","link":"https:\/\/egophobia.ro\/?p=2974","title":{"rendered":"Un roman pentru Revolu\u0163ie"},"content":{"rendered":"<p><font color=green>(minDisec&#355;ii)<\/font><\/p>\n<p align=right>de iQ666<\/p>\n<p align=justify>\nAnivers\u0103m, sau comemor\u0103m, depinde de gusturi, dou\u0103zeci de ani de la Revolu\u0163ia din decembrie 1989. E de-a dreptul penibil pentru societatea noastr\u0103 c\u0103 n-a reu\u015fit \u00een acest timp s\u0103 g\u0103seasc\u0103 adev\u0103rul despre ce s-a \u00eent\u00e2mplat atunci. Chiar dac\u0103 nu \u015ftiu ce-a\u015f putea face eu pentru scoaterea la lumin\u0103 a ce s-a \u00eent\u00e2mplat atunci sau pentru pedepsirea vinova\u0163ilor, nu sunt scutit de vin\u0103. Eram copil atunci, dar puteam s\u0103 m\u0103 fac procuror, istoric sau jurnalist \u015fi s\u0103 investighez evenimentele petrecute acum dou\u0103 decenii, culminate cu expedierea patriei noastre spre democra\u0163ia original\u0103 \u00een care ne complacem.<!--more--><\/p>\n<p align=justify>\nNu m\u0103 g\u00e2ndesc des la Revolu\u0163ie, nici nu-mi sunt prea clare amintirile mele de atunci. C\u00e2nd am plecat la facultate mi-am desfiin\u0163at colec\u0163ia de ziare din acele zile, la televizor nu m\u0103 prea uit, iar \u00een presa scris\u0103 citesc rar \u015fi pe diagonal\u0103 materialele despre decembrie &#8217;89. Uneori a\u015f vrea s\u0103 fiu altfel, dar nu m\u0103 pot rupe de mine cel care sunt. A\u015fa c\u0103 merg mai departe cu mine. Desigur c\u0103 am o gr\u0103mad\u0103 de compatrio\u0163i care-\u015fi dedic\u0103 mult mai pu\u0163in din timpul lor subiectului Revolu\u0163iei din decembrie 1989, iar al\u0163ii sunt mult mai activi dec\u00e2t mine \u00een acest domeniu. <\/p>\n<p align=justify>\nS-au f\u0103cut filme despre Revolu\u0163ie, sculpturi (de exemplu statui), s-au scris c\u00e2ntece despre acele momente, dansuri ar fi cam sinistru s\u0103 fie (cum s\u0103 reprezin\u0163i momentul dec\u00e2t prin a mima \u00eempu\u015fc\u0103turi sau oameni c\u0103z\u00e2nd?), poezii i s-au dedicat, dar roman, din c\u00e2te \u015ftiu eu, n-avem. Am avut un Roman emanat al Revolu\u0163iei, \u00eens\u0103 chiar dac\u0103 a f\u0103cut \u015fi ceva lucruri bune nu-l prea v\u0103d r\u0103m\u00e2n\u00e2nd prin ele \u00een istorie, iar prezentul \u00eei e cam \u015fters, cu unele nuan\u0163e penibile. \u00cemi doresc s\u0103 citesc un roman adev\u0103rat despre Revolu\u0163ie, o carte care s\u0103-i fac\u0103 pe cititorii ei s\u0103 se intereseze mai mult despre acel moment \u015fi cum ne-a influen\u0163at el vie\u0163ile. Nu-mi pas\u0103 dac\u0103 ar fi bazat pe amintiri, cercet\u0103ri sau fic\u0163iune, important e s\u0103 fie bine scris \u015fi s\u0103 se afle despre el.<\/p>\n","protected":false},"excerpt":{"rendered":"<p>(minDisec&#355;ii) de iQ666 Anivers\u0103m, sau comemor\u0103m, depinde de gusturi, dou\u0103zeci de ani de la Revolu\u0163ia din decembrie 1989. E de-a dreptul penibil pentru societatea noastr\u0103 c\u0103 n-a reu\u015fit \u00een acest timp s\u0103 g\u0103seasc\u0103 adev\u0103rul despre ce s-a \u00eent\u00e2mplat atunci. Chiar dac\u0103 nu \u015ftiu ce-a\u015f putea face eu pentru scoaterea la lumin\u0103 a ce s-a \u00eent\u00e2mplat [&hellip;]<\/p>\n","protected":false},"author":1,"featured_media":0,"comment_status":"open","ping_status":"open","sticky":false,"template":"","format":"standard","meta":{"jetpack_post_was_ever_published":false,"_jetpack_newsletter_access":"","_jetpack_dont_email_post_to_subs":false,"_jetpack_newsletter_tier_id":0,"_jetpack_memberships_contains_paywalled_content":false,"_jetpack_memberships_contains_paid_content":false,"footnotes":""},"categories":[55,436,112],"tags":[1120,476,1145,113,322],"class_list":["post-2974","post","type-post","status-publish","format-standard","hentry","category-articole","category-egophobia-25","category-mindisecii","tag-articole","tag-decembrie-89","tag-egophobia-25","tag-iq666","tag-mindisectii"],"jetpack_featured_media_url":"","jetpack_sharing_enabled":true,"jetpack_shortlink":"https:\/\/wp.me\/p6DakB-LY","_links":{"self":[{"href":"https:\/\/egophobia.ro\/index.php?rest_route=\/wp\/v2\/posts\/2974","targetHints":{"allow":["GET"]}}],"collection":[{"href":"https:\/\/egophobia.ro\/index.php?rest_route=\/wp\/v2\/posts"}],"about":[{"href":"https:\/\/egophobia.ro\/index.php?rest_route=\/wp\/v2\/types\/post"}],"author":[{"embeddable":true,"href":"https:\/\/egophobia.ro\/index.php?rest_route=\/wp\/v2\/users\/1"}],"replies":[{"embeddable":true,"href":"https:\/\/egophobia.ro\/index.php?rest_route=%2Fwp%2Fv2%2Fcomments&post=2974"}],"version-history":[{"count":5,"href":"https:\/\/egophobia.ro\/index.php?rest_route=\/wp\/v2\/posts\/2974\/revisions"}],"predecessor-version":[{"id":3190,"href":"https:\/\/egophobia.ro\/index.php?rest_route=\/wp\/v2\/posts\/2974\/revisions\/3190"}],"wp:attachment":[{"href":"https:\/\/egophobia.ro\/index.php?rest_route=%2Fwp%2Fv2%2Fmedia&parent=2974"}],"wp:term":[{"taxonomy":"category","embeddable":true,"href":"https:\/\/egophobia.ro\/index.php?rest_route=%2Fwp%2Fv2%2Fcategories&post=2974"},{"taxonomy":"post_tag","embeddable":true,"href":"https:\/\/egophobia.ro\/index.php?rest_route=%2Fwp%2Fv2%2Ftags&post=2974"}],"curies":[{"name":"wp","href":"https:\/\/api.w.org\/{rel}","templated":true}]}}