{"id":3036,"date":"2010-01-17T21:52:59","date_gmt":"2010-01-17T19:52:59","guid":{"rendered":"http:\/\/egophobia.ro\/?p=3036"},"modified":"2010-01-18T17:15:13","modified_gmt":"2010-01-18T15:15:13","slug":"pentru-soldatul-mort-razboiul-este-nesfarsit","status":"publish","type":"post","link":"https:\/\/egophobia.ro\/?p=3036","title":{"rendered":"Pentru soldatul mort, r\u0103zboiul este nesf\u00e2r\u015fit"},"content":{"rendered":"<p align=right>de Bogdan-Nicolae Ghiurco<\/p>\n<p><em>22 decembrie \u2013 la amiaz\u0103<\/em><\/p>\n<p align=justify>\nCeau\u015fescu a fugit acum mai bine de un ceas. Teama a r\u0103mas. Cei din jurul meu par c\u0103 se bucur\u0103, se agit\u0103, strig\u0103, dar sunt convins c\u0103 desear\u0103, pe \u00eentuneric, c\u00e2nd \u00ee\u015fi vor aminti de familie \u015fi copii, frica \u00eei va str\u00e2nge din nou la pieptul ei generos. Unii zic s\u0103 intr\u0103m \u00een palat s\u0103 lu\u0103m ce-i al nostru, c\u0103 e plin de averi agonisite de tiran \u015fi <em>sinistra<\/em> lui consoart\u0103, dar \u0103sta ar fi cel mai greu lucru de f\u0103cut. \u00cen\u0103untru e deja o adun\u0103tur\u0103 furioas\u0103 de oameni, a intra peste ei ar fi o nes\u0103buin\u0163\u0103, ar fi ca \u015fi cum ai \u00eencerca s\u0103 rupi o bucat\u0103 de la gura hienelor \u00eenfometate\u2026<!--more--><\/p>\n<p align=justify>\nSunt al\u0163ii pe care i-am auzit spun\u00e2nd c\u0103 li se cuvine o bere pentru eroismul dovedit. Eu r\u0103m\u00e2n locului, nu-i cunosc. Pe cei din \u00eentreprinderea mea i-am pierdut de mult \u015fi, \u00een ciuda sentimentului de solidaritate din jur, nu sunt eu omul care s\u0103 bea cu necunoscu\u0163ii.<\/p>\n<p><em>22 decembrie \u2013 seara<\/em><\/p>\n<p align=justify>\nAm trecut pe-acas\u0103 s\u0103 m\u0103 schimb, s\u0103 m\u0103 preg\u0103tesc pentru noapte. Am luat dou\u0103 pulovere pe mine \u015fi mi-am schimbat ciorapii uzi. La intrare \u00een palat era plin de ap\u0103, fiindc\u0103 lumea furase robine\u0163ii din aur de la chiuvete. Mama s-a \u0163inut dup\u0103 mine s\u0103 mai nu plec, c\u0103 nu e bine, c\u0103 s\u0103 se duc\u0103 al\u0163ii dac\u0103 vor. I-am r\u0103spuns c\u0103 eu sunt unul din \u0103ia care vor.<\/p>\n<p><em>23 decembrie \u2013 diminea\u0163a<\/em><\/p>\n<p align=justify>\nAsear\u0103 s-a tras toat\u0103 noaptea. La un moment dat am crezut c\u0103 m-au lovit \u015fi pe mine, dar nu fusese dec\u00e2t o \u00een\u0163ep\u0103tur\u0103 de la un rest de pancart\u0103 a cuiva din mul\u0163ime. Destul de dureroas\u0103, totu\u015fi.<\/p>\n<p align=justify>\nPoate ar fi fost cazul s\u0103 trec pe-acas\u0103, de\u015fi foame nu mi-e, nici sete. M\u0103 simt chiar bine. Ca s-o lini\u015ftesc pe mama, s\u0103 vad\u0103 c\u0103 sunt bine, numai pentru asta a\u015f fi dat o fug\u0103. Am c\u0103utat pe cineva cunoscut, un vecin, ceva, s\u0103-i duc\u0103 vorb\u0103, dar nu m-am \u00eent\u00e2lnit cu nimeni.<\/p>\n<p><em>23 decembrie \u2013 la amiaz\u0103 <\/em><\/p>\n<p align=justify>\nCeau\u015fescu s-a \u00eentors!<\/p>\n<p align=justify>\nA venit din cer cu o ploaie de elicoptere \u015fi a aterizat la loc pe palat, ca \u015fi cum s-ar fi \u00eentors dintr-o vizit\u0103 de lucru. Mul\u0163imea, at\u00e2ta c\u00e2t r\u0103m\u0103sese dup\u0103 ce s-a zvonit c\u0103 se \u00eentoarce, a disp\u0103rut prin ie\u015firile din pia\u0163\u0103 mai repede dec\u00e2t era, cred, fizic posibil.<\/p>\n<p align=justify>\nCei care au ocupat puterea pentru o noapte au \u00een\u0163eles c\u0103 nu pot sc\u0103pa cu fuga \u015fi atunci l-au \u00eent\u00e2mpinat pe Ceau\u015fescu ca pe Isav, cu \u015fapte plec\u0103ciuni \u015fi \u015fapte rug\u0103ciuni de iertare. Nimeni nu poate \u015fti ce se va alege de ei, bie\u0163ii oameni.<\/p>\n<p><em>24 decembrie<\/em><\/p>\n<p align=justify>\nNe-au m\u0103turat afar\u0103 din pia\u0163\u0103 cu mitralierele. \u00cen c\u00e2teva ceasuri au terminat. Ba au f\u0103cut \u015fi curat \u00een urma lor. Pe-acas\u0103 nu mai dau, nu vreau s\u0103 abat pedeapsa mea \u015fi asupra mamei. Oricum nu cred c\u0103 va sc\u0103pa, \u015ftiu c\u0103 am fost filma\u0163i de sus tot timpul.<\/p>\n<p align=justify>\nAm r\u0103mas cu totul cam o sut\u0103 de oameni \u015fi nici un lider. De predat, nu ne pred\u0103m, dar nici mai departe nu avem idee ori curaj ce s\u0103 facem. \u00cenainte s\u0103 ne dibuiasc\u0103 prin subsolurile \u015fi \u00een podurile unde ne-am ascuns, sper s\u0103 apuc\u0103m s\u0103 fugim cumva \u00een mun\u0163i, s\u0103-i a\u015ftept\u0103m pe americani, poate chiar pe ru\u015fi. E singura speran\u0163\u0103. S\u0103 ne sinucidem \u00een grup, cum s-a propus, mi se pare o abera\u0163ie, n-am impresiona pe nimeni. Rom\u00e2nii s-au \u00eenchis de-acum \u00een case, e greu s\u0103-i mai sco\u0163i. Dac\u0103 vor primi suta aia de lei la salariu \u015fi li se va promite c\u0103 nu vor fi pedepsi\u0163i pentru scurta revolt\u0103, vor fi primii care s\u0103-\u015fi sting\u0103 chi\u015ftoacele de trupurile noastre.<\/p>\n<p align=justify>\n\u00centr-un fel, aproape c\u0103 mi-e mil\u0103 de mine\u2026<\/p>\n<p><em>25 decembrie<\/em><\/p>\n<p align=justify>\nDiminea\u0163\u0103 am hot\u0103r\u00e2t s\u0103 m\u0103 predau unor solda\u0163i. Nu m-au vrut. Mi-au strigat s\u0103 intru \u00eenapoi de unde am ie\u015fit, s\u0103 m\u0103 fac c\u0103 nu i-am v\u0103zut. N-or fi vrut s\u0103 m\u0103 aib\u0103 pe con\u015ftiin\u0163\u0103? Or fi primit ordin s\u0103 nu ia prizonieri \u015fi nu s-au \u00eendurat s\u0103 m\u0103 \u00eempu\u015fte? Acum m\u0103 g\u00e2ndesc c\u0103 ar fi fost poate bine s\u0103-i atac, n-ar fi avut \u00eencotro \u015fi m\u0103car m\u0103 arestau.<\/p>\n<p><em>26 decembrie<\/em><\/p>\n<p align=justify>\nM-au b\u0103tut toat\u0103 noaptea. Nici nu \u015ftiu ce s\u0103 le spun ca s\u0103-i \u00eembunez. Am semnat toate declara\u0163iile pe care le-au vrut, dar ei mi-au jurat pe to\u0163i sfin\u0163ii c\u0103 se vor \u00eentoarce diminea\u0163\u0103 \u015fi \u00eemi vor rupe m\u0103selele dac\u0103 nu le spun cine m-a pus s\u0103 lupt \u00eempotriva tovar\u0103\u015fului.<\/p>\n<p align=justify>\nMi-e fric\u0103! Mi-e fric\u0103 mai mult de b\u0103taia de m\u00e2ine dec\u00e2t de durerea de azi. Nu sunt vinovat! Nu sunt vinovat!<\/p>\n","protected":false},"excerpt":{"rendered":"<p>de Bogdan-Nicolae Ghiurco 22 decembrie \u2013 la amiaz\u0103 Ceau\u015fescu a fugit acum mai bine de un ceas. Teama a r\u0103mas. Cei din jurul meu par c\u0103 se bucur\u0103, se agit\u0103, strig\u0103, dar sunt convins c\u0103 desear\u0103, pe \u00eentuneric, c\u00e2nd \u00ee\u015fi vor aminti de familie \u015fi copii, frica \u00eei va str\u00e2nge din nou la pieptul ei [&hellip;]<\/p>\n","protected":false},"author":1,"featured_media":0,"comment_status":"open","ping_status":"open","sticky":false,"template":"","format":"standard","meta":{"jetpack_post_was_ever_published":false,"_jetpack_newsletter_access":"","_jetpack_dont_email_post_to_subs":false,"_jetpack_newsletter_tier_id":0,"_jetpack_memberships_contains_paywalled_content":false,"_jetpack_memberships_contains_paid_content":false,"footnotes":""},"categories":[436,15],"tags":[84,476,1145,1115],"class_list":["post-3036","post","type-post","status-publish","format-standard","hentry","category-egophobia-25","category-proza","tag-bogdan-nicolae-ghiurco","tag-decembrie-89","tag-egophobia-25","tag-proza"],"jetpack_featured_media_url":"","jetpack_sharing_enabled":true,"jetpack_shortlink":"https:\/\/wp.me\/p6DakB-MY","_links":{"self":[{"href":"https:\/\/egophobia.ro\/index.php?rest_route=\/wp\/v2\/posts\/3036","targetHints":{"allow":["GET"]}}],"collection":[{"href":"https:\/\/egophobia.ro\/index.php?rest_route=\/wp\/v2\/posts"}],"about":[{"href":"https:\/\/egophobia.ro\/index.php?rest_route=\/wp\/v2\/types\/post"}],"author":[{"embeddable":true,"href":"https:\/\/egophobia.ro\/index.php?rest_route=\/wp\/v2\/users\/1"}],"replies":[{"embeddable":true,"href":"https:\/\/egophobia.ro\/index.php?rest_route=%2Fwp%2Fv2%2Fcomments&post=3036"}],"version-history":[{"count":2,"href":"https:\/\/egophobia.ro\/index.php?rest_route=\/wp\/v2\/posts\/3036\/revisions"}],"predecessor-version":[{"id":3183,"href":"https:\/\/egophobia.ro\/index.php?rest_route=\/wp\/v2\/posts\/3036\/revisions\/3183"}],"wp:attachment":[{"href":"https:\/\/egophobia.ro\/index.php?rest_route=%2Fwp%2Fv2%2Fmedia&parent=3036"}],"wp:term":[{"taxonomy":"category","embeddable":true,"href":"https:\/\/egophobia.ro\/index.php?rest_route=%2Fwp%2Fv2%2Fcategories&post=3036"},{"taxonomy":"post_tag","embeddable":true,"href":"https:\/\/egophobia.ro\/index.php?rest_route=%2Fwp%2Fv2%2Ftags&post=3036"}],"curies":[{"name":"wp","href":"https:\/\/api.w.org\/{rel}","templated":true}]}}