{"id":330,"date":"2009-06-16T14:59:44","date_gmt":"2009-06-16T12:59:44","guid":{"rendered":"http:\/\/egophobia.ro\/revista\/?p=330"},"modified":"2009-06-19T23:44:35","modified_gmt":"2009-06-19T21:44:35","slug":"eu-nu-am-casa","status":"publish","type":"post","link":"https:\/\/egophobia.ro\/?p=330","title":{"rendered":"Poeme de Carlos Ernesto Garcia"},"content":{"rendered":"<p><font color=green>(fereastra latin\u0103)<\/font><\/p>\n<p align=right>prezentare &#038; traducere de Simona D\u0103ncil\u0103<\/p>\n<p align=\"justify\">Carlos Ernesto Garcia [n. 1960-Santa Tecla, El Salvador] a publicat volumele de poeme <em>Hasta la colera se pudre<\/em> (Barcelona \u015fi New York, 1994, varianta englez\u0103: <em>Even rage will rot<\/em>), <em>A quemarropa el amor<\/em> (Barcelona, 1996), <em>Postales del crimen<\/em>, c\u00e2t \u015fi culegerea de reportaje <em>Bajo la Sombra de Saldino<\/em> (El Salvador, 2005). Din 1980 tr\u0103ie\u015fte \u00een Spania fiind membru al Biroului de Coordonare European al Sistema Radio Venceremos. \u00cen 1990 a fondat revista literar\u0103 Xibalba de Cultura a ambito latinoamericano. <!--more--><br \/>\nFace parte din diverse comisii interna\u0163ionale, a coordonat o echip\u0103 de jurnali\u015fti ai Televiziunii Spaniole, este corespondent al ziarului di El Salvador Diario CoLatino \u015fi director general al C&#038;Duke, care se ocup\u0103 de organizarea unor evenimente culturale interna\u0163ionale c\u00e2t \u015fi curatorul unor expozi\u0163ii literare la care au participat scriitori din peste 30 de \u0163\u0103ri, printre care \u015fi c\u00e2\u015ftig\u0103tori ai premiului Nobel pentru literatur\u0103. Opera sa poetic\u0103 a fost tradus\u0103 \u00een englez\u0103, italian\u0103, chinez\u0103 iar acum, \u00een premier\u0103, \u015fi \u00een limba rom\u00e2n\u0103.<br \/>\n<img data-recalc-dims=\"1\" decoding=\"async\" src=\"https:\/\/i0.wp.com\/i158.photobucket.com\/albums\/t103\/egophobia\/22\/carlos_ernesto_garcia1.jpg?w=812\"><\/p>\n<p>\/\/\/<\/p>\n<p><strong>Eu nu am cas\u0103<\/strong><\/p>\n<p align=\"justify\">\nJum\u0103tate din ce iubeam a disp\u0103rut.<br \/>\nUnii (foarte mul\u0163i) au r\u0103mas<br \/>\nal\u0163ii pur \u015fi simplu au plecat.<\/p>\n<p>Fratele meu \u00eemi scrie o scrisoare urgent\u0103<br \/>\ndin Mexic: casa se d\u0103r\u00e2m\u0103, trebuie s-o vindem<br \/>\n\u015fi g\u00e2ndul m\u0103 doboar\u0103 la \u00eenceput\u2014mai avem<br \/>\noare cas\u0103?<br \/>\nTata a murit f\u0103r\u0103 s\u0103-\u015fi cumpere c\u0103ma\u015fa aceea<br \/>\nsau pantalonii care-i pl\u0103ceau at\u00e2t de mult<br \/>\nf\u0103r\u0103 s\u0103 mearg\u0103 duminica la cinema<br \/>\nf\u0103r\u0103 s\u0103 fac\u0103 multvisatele c\u0103l\u0103torii prin \u0163ar\u0103<br \/>\ns-a mul\u0163umit s\u0103 viziteze un parc \u015fi s\u0103 se uite<br \/>\nla chipul unui cal \u015fi la cel al generalului<br \/>\ncare c\u0103l\u0103rindu-l \u00eentregea statuia, totul doar<br \/>\nca s\u0103 ne cumpere o cas\u0103, o cas\u0103 mic\u0103 \u015fi<br \/>\nmodest\u0103 unde s\u0103 tr\u0103im, o cas\u0103 c\u0103reia ast\u0103zi<br \/>\ni se n\u0103zare s\u0103 se d\u0103r\u00e2me.<\/p>\n<p>Dinspre partea mea poate s\u0103 se pr\u0103bu\u015feasc\u0103<br \/>\ndac\u0103 vrea, din moment ce jumate din ce iubeam<br \/>\nnu mai exist\u0103, nu mai e cu mine, dac\u0103 nu-\u015fi<br \/>\nlipesc copila\u015fii nasurile mici de geam<br \/>\n\u015fi dac\u0103 sur\u00e2sul sor\u0103-mi s-a sf\u0103r\u00e2mat \u00een fa\u0163a<br \/>\noglinzii, \u00een acea teribil\u0103 noapte de iunie<br \/>\n\u00eenainte de furtun\u0103 \u015fi de c\u00e2ntecul coco\u015fului,<br \/>\ndac\u0103 pl\u00e2nsul metalic al unui copil nu-mi provoac\u0103<br \/>\no duio\u015fie \u00eengrozitoare care s\u0103 smulg\u0103 din m\u00e2inile mele<br \/>\nun c\u00e2ntec de dragoste,<br \/>\ns\u0103 se d\u0103r\u00e2me dinspre partea mea \u015fi s\u0103 construiasc\u0103 alta<br \/>\ndac\u0103 vor \u00eentr-o zi,<br \/>\ndar va avea fundament de cenu\u015f\u0103.<\/p>\n<p>Vocea mea nu va mai vibra \u00een pere\u0163i, scrisorile tale<br \/>\nde dragoste, Mariana, nu vor mai sosi pline de parfum<br \/>\n\u00een m\u00e2inile mele, de Cr\u0103ciun voi fi mereu departe \u015fi casa<br \/>\nva fi alc\u0103tuit\u0103 din \u00eenc\u0103peri solitare care, dup\u0103 cum \u00eemi<br \/>\nscrie fratele\u2014au pierdut deja primele geamuri de cristal.<\/p>\n<p>Foarte bine, s\u0103 se d\u0103r\u00e2me dac\u0103 vrea, dac\u0103-i pe-a\u015fa,<br \/>\no s\u0103 m\u0103 r\u0103zbun uit\u00e2nd-o fiindc\u0103 de mult, de foarte mult<br \/>\ntimp nu mai am cas\u0103.<\/p>\n<p>\/\/\/<\/p>\n<p><strong>Scurt poem de dragoste<\/strong><\/p>\n<p>\u015eti\u0163i bine c\u0103 \u00eenaintez din melancolie \u00een melancolie<br \/>\n\u015fi confund toate locurile, confund Pia\u0163a Zocalo cu<br \/>\nParcul Ula Ula, Dun\u0103rea cu Lempa, copiii andaluzi cu cei<br \/>\ndin Panchimalco, turnul din Paris cu st\u00e2lpii de electricitate<br \/>\ndin fa\u0163a casei mele din San Martin, l\u00e2ng\u0103 Suchitoto.<br \/>\nDa,<br \/>\nconfund totul, \u0103sta-i adev\u0103rul, p\u00e2na \u015fi culoarea p\u0103rului t\u0103u<br \/>\no confund cu umbra deas\u0103 a planta\u0163iilor de cafea.<\/p>\n<p>\/\/\/<\/p>\n<p><strong>Omagiu<\/strong><\/p>\n<p>Iarna la Budapesta are culoarea griului vechi<br \/>\nDun\u0103rea ca un cu\u0163it taie corpul acestui ora\u015f<br \/>\nmutilat de mii de r\u0103zboaie, dup\u0103 cum m\u0103rturise\u015fte<br \/>\nmonumentul pescarilor care au primit s\u0103ge\u0163i turce\u015fti<br \/>\n\u00een piept. De aici, imagina\u0163ia poate s\u0103 c\u0103l\u0103reasc\u0103<br \/>\nsecolele p\u00e2n\u0103 departe.<br \/>\nDac\u0103 vizitezi Budapesta iarna<br \/>\nvei sim\u0163i gustul ei de doliu<br \/>\ngustul de s\u00e2nge al amurgurilor.<\/p>\n<p>\/\/\/<\/p>\n<p><strong>Prima dragoste<\/strong><\/p>\n<p align=\"right\">(pentru Yanira L. Martinez)<\/p>\n<p>M\u0103 mul\u0163umeam s\u0103 te \u00eenso\u0163esc. S\u0103 merg pe l\u00e2ng\u0103 tine.<br \/>\nNu a\u015fteptam nici m\u0103car un sur\u00e2s. Ar fi fost de ajuns<br \/>\ns\u0103 m\u0103 prive\u015fti o singur\u0103 dat\u0103.<br \/>\nAm aflat c\u0103 numele meu sun\u0103 bine abia c\u00e2nd l-ai<br \/>\npronun\u0163at tu pentru prima oar\u0103. Dar eram doar doi elevi<br \/>\nde \u015fcoal\u0103 primar\u0103 \u00eentorc\u00e2ndu-ne acas\u0103 pe un drum pr\u0103fos.<br \/>\nAi disp\u0103rut \u00eentr-o var\u0103 l\u0103s\u00e2ndu-m\u0103 singur \u00een drum.<br \/>\nViitorul t\u0103u era Ilobasco, nu eu. Am \u00een\u0163eles asta \u00eentre timp.<br \/>\nMai exact, am \u00een\u0163eles-o \u00een dup\u0103-amiaza aceea c\u00e2nd dansam<br \/>\ncu tine: ai pronun\u0163at numele meu \u015fi parc\u0103 nu a mai sunat<br \/>\nat\u00e2t de bine!<\/p>\n","protected":false},"excerpt":{"rendered":"<p>(fereastra latin\u0103) prezentare &#038; traducere de Simona D\u0103ncil\u0103 Carlos Ernesto Garcia [n. 1960-Santa Tecla, El Salvador] a publicat volumele de poeme Hasta la colera se pudre (Barcelona \u015fi New York, 1994, varianta englez\u0103: Even rage will rot), A quemarropa el amor (Barcelona, 1996), Postales del crimen, c\u00e2t \u015fi culegerea de reportaje Bajo la Sombra de [&hellip;]<\/p>\n","protected":false},"author":1,"featured_media":0,"comment_status":"open","ping_status":"open","sticky":false,"template":"","format":"standard","meta":{"jetpack_post_was_ever_published":false,"_jetpack_newsletter_access":"","_jetpack_dont_email_post_to_subs":false,"_jetpack_newsletter_tier_id":0,"_jetpack_memberships_contains_paywalled_content":false,"_jetpack_memberships_contains_paid_content":false,"footnotes":""},"categories":[7,70,13],"tags":[74,9,1121,1114,73,72],"class_list":["post-330","post","type-post","status-publish","format-standard","hentry","category-7","category-fereastra-latina","category-poezie","tag-carlos-ernesto-garcia","tag-egophobia-22","tag-fereastra-latina","tag-poezie","tag-simona-dancila","tag-traducere"],"jetpack_featured_media_url":"","jetpack_sharing_enabled":true,"jetpack_shortlink":"https:\/\/wp.me\/p6DakB-5k","_links":{"self":[{"href":"https:\/\/egophobia.ro\/index.php?rest_route=\/wp\/v2\/posts\/330","targetHints":{"allow":["GET"]}}],"collection":[{"href":"https:\/\/egophobia.ro\/index.php?rest_route=\/wp\/v2\/posts"}],"about":[{"href":"https:\/\/egophobia.ro\/index.php?rest_route=\/wp\/v2\/types\/post"}],"author":[{"embeddable":true,"href":"https:\/\/egophobia.ro\/index.php?rest_route=\/wp\/v2\/users\/1"}],"replies":[{"embeddable":true,"href":"https:\/\/egophobia.ro\/index.php?rest_route=%2Fwp%2Fv2%2Fcomments&post=330"}],"version-history":[{"count":6,"href":"https:\/\/egophobia.ro\/index.php?rest_route=\/wp\/v2\/posts\/330\/revisions"}],"predecessor-version":[{"id":335,"href":"https:\/\/egophobia.ro\/index.php?rest_route=\/wp\/v2\/posts\/330\/revisions\/335"}],"wp:attachment":[{"href":"https:\/\/egophobia.ro\/index.php?rest_route=%2Fwp%2Fv2%2Fmedia&parent=330"}],"wp:term":[{"taxonomy":"category","embeddable":true,"href":"https:\/\/egophobia.ro\/index.php?rest_route=%2Fwp%2Fv2%2Fcategories&post=330"},{"taxonomy":"post_tag","embeddable":true,"href":"https:\/\/egophobia.ro\/index.php?rest_route=%2Fwp%2Fv2%2Ftags&post=330"}],"curies":[{"name":"wp","href":"https:\/\/api.w.org\/{rel}","templated":true}]}}