{"id":371,"date":"2009-06-16T15:42:07","date_gmt":"2009-06-16T13:42:07","guid":{"rendered":"http:\/\/egophobia.ro\/revista\/?p=371"},"modified":"2009-06-19T13:26:39","modified_gmt":"2009-06-19T11:26:39","slug":"petre-stoica","status":"publish","type":"post","link":"https:\/\/egophobia.ro\/?p=371","title":{"rendered":"Europa din \u015fi dintre noi"},"content":{"rendered":"<p align=\"right\">de iQ666<\/p>\n<p align=justify>Fiecare dintre noi are o anumit\u0103 imagine despre Europa. Unora acest nume le trimite g\u00e2ndul doar la continent, al\u0163ii se g\u00e2ndesc la Uniunea European\u0103, mai sunt \u015fi oameni pentru care Europa \u00eenseamn\u0103 \u00een primul r\u00e2nd cultur\u0103, istorie sau r\u0103zboaie \u015fi lista nu se opre\u015fte aici. Jean-Marc Caracci vede probabil ca element reprezentativ pentru Europa locuitorii ei, a\u015fa c\u0103 a investit timp, talent, viziune \u015fi bani \u00een proiectul &#8220;Homo Urbanus Europeanus&#8221;. Practic, el \u015fi-a propus s\u0103 ajung\u0103 \u00een toate capitalele Europei pentru a fotografia europeni, \u00een c\u0103utarea omului urban european. Pe unde a fost p\u00e2n\u0103 acum \u015fi ce imagini reprezentative a cules din locurile vizitate pute\u0163i vedea pe site-ul dedicat proiectului, <a href=\"http:\/\/homo.urbanus.free.fr\/europeanus\" target=\"_blank\">http:\/\/homo.urbanus.free.fr\/europeanus<\/a>.<!--more--><\/p>\n<p align=justify>Chiar dac\u0103 uneori po\u0163i recunoa\u015fte \u00een c\u00e2te o poz\u0103 un loc dintr-un ora\u015f pe unde ai trecut, privindu-i fotografiile observi c\u0103 J-M.C nu caut\u0103 cl\u0103dirile reprezentative pentru capitalele vizitate, fugind chiar de ele \u015fi ignor\u00e2nd ghidurile turistice. Da, e greu s\u0103 fotografiezi \u00een Praga \u015fi s\u0103 te ab\u0163ii s\u0103 dedici m\u0103car un cadrul podului Carol sau \u00een Paris \u015fi s\u0103 evi\u0163i turnul Eiffel, iar dac\u0103 totu\u015fi ajungi la poarta Brandenburg \u015fi trece pe acolo un om pe care dore\u015fti neap\u0103rat s\u0103-l fotografiezi s\u0103 faci astfel \u00eenc\u00e2t s\u0103 nu conteze chiar deloc c\u0103 pe fundal e cel mai vizitat obiectiv turistic din Berlin. Dar arta \u015fi viziunea lui Caracci nu caut\u0103 unicul \u015fi reprezentativul, ci comunul, ce une\u015fte Europa, nu ce o desparte. Fiecare cl\u0103dire surprins\u0103 \u00een imaginile sale \u00ee\u0163i spune c\u0103 se afl\u0103 \u00eentr-un ora\u015f. \u015ei cu pu\u0163in\u0103 aten\u0163ie remarci, dac\u0103 e\u015fti european, c\u0103 urbea respectiv\u0103 are ceva familiar, chiar dac\u0103 nu \u015ftii de unde s-o iei. <\/p>\n<p align=justify>Am v\u0103zut toate fotografiile expuse p\u00e2n\u0103 acum pe site-ul s\u0103u \u015fi \u00een fiecare din ele elementul cel mai important e omul. Oric\u00e2t de imprevizibili sunt cei imortaliza\u0163i \u00een ceea ce r\u0103m\u00e2ne \u00een urma acestui proiect, au fost \u00eenvin\u015fi de inspira\u0163ia \u015fi r\u0103bdarea lui Jean-Marc Caracci, care i-a a\u015fteptat, le-a r\u0103pit o imagine \u015fi le-a dat drumul \u00eenapoi \u00een Europa f\u0103r\u0103 ca ei s\u0103-\u015fi dea seama de importanta lor contribu\u0163ie la &#8220;Homo Urbanus Europeanus&#8221;. Nici unul nu poart\u0103 ceva specific unei \u0163\u0103ri sau zone, \u00een fiecare fotografie ai putea fi chiar tu a\u015fa cum e\u015fti \u00eembr\u0103cat zi de zi, dac\u0103 aveai inspira\u0163ia s\u0103 treci pe acolo c\u00e2nd Jean-Marc p\u00e2ndea. <\/p>\n<p align=justify>Nu pot spune c\u0103 sunt un admirator al fotografiei alb\/negru, \u00eens\u0103 pentru proiectul HUE mi se pare cea mai fericit\u0103 alegere. Ar fi bine s\u0103-mi pot \u015fi argumenta opinia, \u00eens\u0103 p\u00e2n\u0103 la urm\u0103 felul \u00een care percepem arta nu \u0163ine mereu seama de criterii \u015fi de reguli \u015fi uneori ajunge s\u0103 spui &#8220;a\u015fa simt eu&#8221;. Am citit o parte din interviurile acordate de fotograful nostru \u00een leg\u0103tur\u0103 cu proiectul s\u0103u \u015fi-mi dau seama c\u0103 uneori i-a fost greu s\u0103 exprime \u00een cuvinte ce a spus deja \u00een imagini. Ce este Europa, cine este Homo Urbanus Europeanus? R\u0103spunsurile pot fi aici \u015fi, respectiv, eu sau tu. Pentru c\u0103, \u00een definitiv, Europa e ceva ce ne une\u015fte, nu ne separ\u0103.<\/p>\n<p># the English version of this text can be read <a href=\"http:\/\/egophobia.ro\/revista\/?p=366\">here<\/a>.<\/p>\n","protected":false},"excerpt":{"rendered":"<p>de iQ666 Fiecare dintre noi are o anumit\u0103 imagine despre Europa. Unora acest nume le trimite g\u00e2ndul doar la continent, al\u0163ii se g\u00e2ndesc la Uniunea European\u0103, mai sunt \u015fi oameni pentru care Europa \u00eenseamn\u0103 \u00een primul r\u00e2nd cultur\u0103, istorie sau r\u0103zboaie \u015fi lista nu se opre\u015fte aici. Jean-Marc Caracci vede probabil ca element reprezentativ pentru [&hellip;]<\/p>\n","protected":false},"author":1,"featured_media":0,"comment_status":"open","ping_status":"open","sticky":false,"template":"","format":"standard","meta":{"jetpack_post_was_ever_published":false,"_jetpack_newsletter_access":"","_jetpack_dont_email_post_to_subs":false,"_jetpack_newsletter_tier_id":0,"_jetpack_memberships_contains_paywalled_content":false,"_jetpack_memberships_contains_paid_content":false,"footnotes":""},"categories":[7,118],"tags":[9,120,1127,113,119],"class_list":["post-371","post","type-post","status-publish","format-standard","hentry","category-7","category-imagini","tag-egophobia-22","tag-homo-urbanus-europeanus","tag-imagini","tag-iq666","tag-jean-marc-caracci"],"jetpack_featured_media_url":"","jetpack_sharing_enabled":true,"jetpack_shortlink":"https:\/\/wp.me\/p6DakB-5Z","_links":{"self":[{"href":"https:\/\/egophobia.ro\/index.php?rest_route=\/wp\/v2\/posts\/371","targetHints":{"allow":["GET"]}}],"collection":[{"href":"https:\/\/egophobia.ro\/index.php?rest_route=\/wp\/v2\/posts"}],"about":[{"href":"https:\/\/egophobia.ro\/index.php?rest_route=\/wp\/v2\/types\/post"}],"author":[{"embeddable":true,"href":"https:\/\/egophobia.ro\/index.php?rest_route=\/wp\/v2\/users\/1"}],"replies":[{"embeddable":true,"href":"https:\/\/egophobia.ro\/index.php?rest_route=%2Fwp%2Fv2%2Fcomments&post=371"}],"version-history":[{"count":4,"href":"https:\/\/egophobia.ro\/index.php?rest_route=\/wp\/v2\/posts\/371\/revisions"}],"predecessor-version":[{"id":773,"href":"https:\/\/egophobia.ro\/index.php?rest_route=\/wp\/v2\/posts\/371\/revisions\/773"}],"wp:attachment":[{"href":"https:\/\/egophobia.ro\/index.php?rest_route=%2Fwp%2Fv2%2Fmedia&parent=371"}],"wp:term":[{"taxonomy":"category","embeddable":true,"href":"https:\/\/egophobia.ro\/index.php?rest_route=%2Fwp%2Fv2%2Fcategories&post=371"},{"taxonomy":"post_tag","embeddable":true,"href":"https:\/\/egophobia.ro\/index.php?rest_route=%2Fwp%2Fv2%2Ftags&post=371"}],"curies":[{"name":"wp","href":"https:\/\/api.w.org\/{rel}","templated":true}]}}