{"id":4018,"date":"2010-03-21T22:28:36","date_gmt":"2010-03-21T20:28:36","guid":{"rendered":"http:\/\/egophobia.ro\/?p=4018"},"modified":"2010-03-21T22:28:36","modified_gmt":"2010-03-21T20:28:36","slug":"carti-de-la-ziare","status":"publish","type":"post","link":"https:\/\/egophobia.ro\/?p=4018","title":{"rendered":"C\u0103r\u0163i de la ziare"},"content":{"rendered":"<p><font color=green>(egoZaur)<\/font><\/p>\n<p align=right>de Sorin-Mihai Grad<\/p>\n<p align=justify>\u00cemi lipsesc patru c\u0103r\u0163i din colec\u0163ia &#8220;Cotidianul&#8221;, iar de la &#8220;Adev\u0103rul&#8221; trei. Nu \u015ftiu dac\u0103-i o treab\u0103 cu care editorul unei e-reviste axate \u00een special pe literatura contemporan\u0103 ar trebui s\u0103 se m\u00e2ndreasc\u0103 sau nu. Dac\u0103 crede\u0163i \u00een a doua variant\u0103, poate c-ar trebui, ca s\u0103 \u00eencerc s\u0103 m\u0103 reabilitez \u00een ochii vo\u015ftri, s\u0103 v\u0103 spun \u015fi c\u00e2te dintre aceste volume am citit, iar pentru a m\u0103 apropia de profilul EgoPHobia c\u00e2te c\u0103r\u0163i ap\u0103rute \u00een ultimii cinci ani \u015fi c\u00e2te de la editura Vinea am. Dar cum nu despre asta va fi vorba \u00een continuare, prefer s\u0103 m\u0103 ab\u0163in.<!--more--><\/p>\n<p align=justify>\nAm remarcat c\u0103 mul\u0163i dintre cei implica\u0163i \u00eentr-un fel sau altul \u00een lumea literar\u0103 rom\u00e2neasc\u0103 critic\u0103, mai mult sau mai pu\u0163in argumentat, colec\u0163iile de carte lansate de ziare. Pe cei de la edituri \u00eei \u00een\u0163eleg, \u00een anumite cazuri le sunt afectate v\u00e2nz\u0103rile. \u00cen rest, nu v\u0103d unde e problema. Mi s-ar p\u0103rea mai normal ca scriitorii, criticii \u015fi jurnali\u015ftii culturali s\u0103 se bucure c\u0103 se v\u00e2nd c\u0103r\u0163i, c\u0103 oameni care nu mai deschiseser\u0103 din timpul \u015fcolii asemenea obiecte citesc, c\u0103 \u00eentr-o \u0163ar\u0103 \u00een care lumea se pl\u00e2nge de pre\u0163urile mari din libr\u0103rii exist\u0103 volume interesante accesibile oricui. E vorba at\u00e2t de c\u0103r\u0163i de literatur\u0103, c\u00e2t \u015fi de enciclopedii sau volume <em>despre<\/em>.<\/p>\n<p align=justify>\nFiecare dintre aceste colec\u0163ii prezint\u0103 laturi unde poate fi criticat\u0103, f\u0103r\u0103 ca aceasta s\u0103-i afecteze importan\u0163a sau con\u0163inutul. Rezum\u00e2ndu-ne la cele de literatur\u0103, cea de la &#8220;Jurnalul na\u0163ional&#8221; se bazeaz\u0103 pe furtul unui brand, cea de la &#8220;Adev\u0103rul&#8221; se \u00eentinde \u00een cam prea multe direc\u0163ii \u015fi are ceva probleme cu unele drepturi de autor, iar cea de la &#8220;Cotidianul&#8221;, unde uneori hartia pe care se tip\u0103reau c\u0103r\u0163ile, dintre care unele au fost cam neglijent editate, era cam ciudat\u0103, s-a oprit brusc de\u015fi i se anun\u0163aser\u0103 deja urm\u0103toarele apari\u0163ii. Dar se poate trece u\u015for peste aceste neajunsuri, c\u00e2nd avantajele sunt mai mari. <\/p>\n<p align=justify>\nEu am ales s\u0103 \u00eemi cump\u0103r c\u0103r\u0163ile de la &#8220;Adev\u0103rul&#8221; pentru c\u0103 multe dintre ele le-am \u00eemprumutat de la biblioteci c\u00e2nd le-am citit, iar despre unele din colec\u0163ie \u015ftiam doar c\u0103 exist\u0103, f\u0103r\u0103 a le parcurge p\u00e2n\u0103 acum din diverse motive. Acum le am \u015fi le pot (re)citi c\u00e2nd vreau \u015fi majoritatea merit\u0103 s\u0103-mi petrec timp cu ele. Iar colec\u0163ia mea favorit\u0103, cea scoas\u0103 de &#8220;Cotidianul&#8221;, m-a ajutat s\u0103 descop\u0103r mul\u0163i autori interesan\u0163i despre care habar nu aveam \u015fi-mi pare foarte r\u0103u ca s-a oprit. Iar cuiva care nu mai are nevoie de <em>Deriva continentelor<\/em> \u015fi\/sau cele trei volume ale <em>Arhipeleagului Gulag<\/em> (ambele din colec\u0163ia &#8220;Cotidianul&#8221;) \u015fi ar fi dispus s\u0103 renun\u0163e la ele i-a\u015f fi recunosc\u0103tor dac\u0103 m-ar contacta.<\/p>\n","protected":false},"excerpt":{"rendered":"<p>(egoZaur) de Sorin-Mihai Grad \u00cemi lipsesc patru c\u0103r\u0163i din colec\u0163ia &#8220;Cotidianul&#8221;, iar de la &#8220;Adev\u0103rul&#8221; trei. Nu \u015ftiu dac\u0103-i o treab\u0103 cu care editorul unei e-reviste axate \u00een special pe literatura contemporan\u0103 ar trebui s\u0103 se m\u00e2ndreasc\u0103 sau nu. Dac\u0103 crede\u0163i \u00een a doua variant\u0103, poate c-ar trebui, ca s\u0103 \u00eencerc s\u0103 m\u0103 reabilitez \u00een [&hellip;]<\/p>\n","protected":false},"author":2,"featured_media":0,"comment_status":"open","ping_status":"open","sticky":false,"template":"","format":"standard","meta":{"jetpack_post_was_ever_published":false,"_jetpack_newsletter_access":"","_jetpack_dont_email_post_to_subs":false,"_jetpack_newsletter_tier_id":0,"_jetpack_memberships_contains_paywalled_content":false,"_jetpack_memberships_contains_paid_content":false,"footnotes":""},"categories":[55,507,115],"tags":[1120,1147,1126,116],"class_list":["post-4018","post","type-post","status-publish","format-standard","hentry","category-articole","category-egophobia-26","category-egozaur","tag-articole","tag-egophobia-26","tag-egozaur","tag-sorin-mihai-grad"],"jetpack_featured_media_url":"","jetpack_sharing_enabled":true,"jetpack_shortlink":"https:\/\/wp.me\/p6DakB-12O","_links":{"self":[{"href":"https:\/\/egophobia.ro\/index.php?rest_route=\/wp\/v2\/posts\/4018","targetHints":{"allow":["GET"]}}],"collection":[{"href":"https:\/\/egophobia.ro\/index.php?rest_route=\/wp\/v2\/posts"}],"about":[{"href":"https:\/\/egophobia.ro\/index.php?rest_route=\/wp\/v2\/types\/post"}],"author":[{"embeddable":true,"href":"https:\/\/egophobia.ro\/index.php?rest_route=\/wp\/v2\/users\/2"}],"replies":[{"embeddable":true,"href":"https:\/\/egophobia.ro\/index.php?rest_route=%2Fwp%2Fv2%2Fcomments&post=4018"}],"version-history":[{"count":3,"href":"https:\/\/egophobia.ro\/index.php?rest_route=\/wp\/v2\/posts\/4018\/revisions"}],"predecessor-version":[{"id":4188,"href":"https:\/\/egophobia.ro\/index.php?rest_route=\/wp\/v2\/posts\/4018\/revisions\/4188"}],"wp:attachment":[{"href":"https:\/\/egophobia.ro\/index.php?rest_route=%2Fwp%2Fv2%2Fmedia&parent=4018"}],"wp:term":[{"taxonomy":"category","embeddable":true,"href":"https:\/\/egophobia.ro\/index.php?rest_route=%2Fwp%2Fv2%2Fcategories&post=4018"},{"taxonomy":"post_tag","embeddable":true,"href":"https:\/\/egophobia.ro\/index.php?rest_route=%2Fwp%2Fv2%2Ftags&post=4018"}],"curies":[{"name":"wp","href":"https:\/\/api.w.org\/{rel}","templated":true}]}}