{"id":4079,"date":"2010-03-21T11:01:02","date_gmt":"2010-03-21T09:01:02","guid":{"rendered":"http:\/\/egophobia.ro\/?p=4079"},"modified":"2011-05-21T11:18:38","modified_gmt":"2011-05-21T09:18:38","slug":"20-de-ani-de-la-revolutia-romana-din-%e2%80%9889","status":"publish","type":"post","link":"https:\/\/egophobia.ro\/?p=4079","title":{"rendered":"20 de ani de la Revolu\u0163ia rom\u00e2n\u0103 din \u201889"},"content":{"rendered":"<p align=center><b>[fotografii de Iulian Iona\u015fcu]<\/b><\/p>\n<p align=justify>\nIulian Iona\u015fcu (n. 04 10 1969) este \u00een prezent masterand la \u00ab Litt\u00e9ratures modernes et contemporaines \u00bb, \u00een cadrul Universitatii Blaise Pascal din Clermont-Ferrand. Este pasionat de arta fotografic\u0103 de la 16 ani \u015fi a participat la peste 15 expozi\u0163ii de grup (1988 -2009) \u00een \u0163ar\u0103 \u015fi str\u0103in\u0103tate. Pe 20 ianuarie 2010  a avut loc  la Facultatea de Litere din Clermont Ferrand,  vernisajul  primei sale expozi\u0163ii personale, care a cuprins imagini inedite ce surprind atmosfera anticomunist\u0103 a anului 1990.<!--more--><\/p>\n<p align=center>\n<img data-recalc-dims=\"1\" decoding=\"async\" src=\"https:\/\/i0.wp.com\/i158.photobucket.com\/albums\/t103\/egophobia\/26\/imag\/scan004.jpg?w=600\"  border=0><\/p>\n<p><img data-recalc-dims=\"1\" decoding=\"async\" src=\"https:\/\/i0.wp.com\/i158.photobucket.com\/albums\/t103\/egophobia\/26\/imag\/scan005.jpg?w=600\"  border=0><\/p>\n<p><img data-recalc-dims=\"1\" decoding=\"async\" src=\"https:\/\/i0.wp.com\/i158.photobucket.com\/albums\/t103\/egophobia\/26\/imag\/scan006.jpg?w=600\"  border=0><\/p>\n<p align=center>\n<img data-recalc-dims=\"1\" decoding=\"async\" src=\"https:\/\/i0.wp.com\/i158.photobucket.com\/albums\/t103\/egophobia\/26\/imag\/scan007.jpg?w=600\"  border=0><\/p>\n<p><img data-recalc-dims=\"1\" decoding=\"async\" src=\"https:\/\/i0.wp.com\/i158.photobucket.com\/albums\/t103\/egophobia\/26\/imag\/scan008.jpg?w=600\"  border=0><\/p>\n<p><img data-recalc-dims=\"1\" decoding=\"async\" src=\"https:\/\/i0.wp.com\/i158.photobucket.com\/albums\/t103\/egophobia\/26\/imag\/scan009.jpg?w=600\"  border=0><\/p>\n<p><img data-recalc-dims=\"1\" decoding=\"async\" src=\"https:\/\/i0.wp.com\/i158.photobucket.com\/albums\/t103\/egophobia\/26\/imag\/scan010.jpg?w=600\"  border=0><\/p>\n<p><img data-recalc-dims=\"1\" decoding=\"async\" src=\"https:\/\/i0.wp.com\/i158.photobucket.com\/albums\/t103\/egophobia\/26\/imag\/scan011.jpg?w=600\"  border=0><\/p>\n<p><img data-recalc-dims=\"1\" decoding=\"async\" src=\"https:\/\/i0.wp.com\/i158.photobucket.com\/albums\/t103\/egophobia\/26\/imag\/scan012.jpg?w=600\"  border=0><\/p>\n<p><img data-recalc-dims=\"1\" decoding=\"async\" src=\"https:\/\/i0.wp.com\/i158.photobucket.com\/albums\/t103\/egophobia\/26\/imag\/scan013.jpg?w=600\"  border=0><\/p>\n<p><img data-recalc-dims=\"1\" decoding=\"async\" src=\"https:\/\/i0.wp.com\/i158.photobucket.com\/albums\/t103\/egophobia\/26\/imag\/scan030.jpg?w=600\"  border=0><\/p>\n<p><img data-recalc-dims=\"1\" decoding=\"async\" src=\"https:\/\/i0.wp.com\/i158.photobucket.com\/albums\/t103\/egophobia\/26\/imag\/scan014.jpg?w=600\"  border=0><\/p>\n<p><img data-recalc-dims=\"1\" decoding=\"async\" src=\"https:\/\/i0.wp.com\/i158.photobucket.com\/albums\/t103\/egophobia\/26\/imag\/scan015.jpg?w=600\"  border=0><\/p>\n<p><img data-recalc-dims=\"1\" decoding=\"async\" src=\"https:\/\/i0.wp.com\/i158.photobucket.com\/albums\/t103\/egophobia\/26\/imag\/scan016.jpg?w=600\"  border=0><\/p>\n<p><img data-recalc-dims=\"1\" decoding=\"async\" src=\"https:\/\/i0.wp.com\/i158.photobucket.com\/albums\/t103\/egophobia\/26\/imag\/scan017.jpg?w=600\"  border=0><\/p>\n<p><img data-recalc-dims=\"1\" decoding=\"async\" src=\"https:\/\/i0.wp.com\/i158.photobucket.com\/albums\/t103\/egophobia\/26\/imag\/scan018.jpg?w=600\"  border=0><\/p>\n<p><img data-recalc-dims=\"1\" decoding=\"async\" src=\"https:\/\/i0.wp.com\/i158.photobucket.com\/albums\/t103\/egophobia\/26\/imag\/scan019.jpg?w=600\"  border=0><\/p>\n<p><img data-recalc-dims=\"1\" decoding=\"async\" src=\"https:\/\/i0.wp.com\/i158.photobucket.com\/albums\/t103\/egophobia\/26\/imag\/scan020.jpg?w=600\"  border=0><\/p>\n<p><img data-recalc-dims=\"1\" decoding=\"async\" src=\"https:\/\/i0.wp.com\/i158.photobucket.com\/albums\/t103\/egophobia\/26\/imag\/scan021.jpg?w=600\"  border=0><\/p>\n<p><img data-recalc-dims=\"1\" decoding=\"async\" src=\"https:\/\/i0.wp.com\/i158.photobucket.com\/albums\/t103\/egophobia\/26\/imag\/scan022.jpg?w=600\"  border=0><\/p>\n<p><img data-recalc-dims=\"1\" decoding=\"async\" src=\"https:\/\/i0.wp.com\/i158.photobucket.com\/albums\/t103\/egophobia\/26\/imag\/scan023.jpg?w=600\"  border=0><\/p>\n<p><img data-recalc-dims=\"1\" decoding=\"async\" src=\"https:\/\/i0.wp.com\/i158.photobucket.com\/albums\/t103\/egophobia\/26\/imag\/scan024.jpg?w=600\"  border=0><\/p>\n<p><img data-recalc-dims=\"1\" decoding=\"async\" src=\"https:\/\/i0.wp.com\/i158.photobucket.com\/albums\/t103\/egophobia\/26\/imag\/scan025.jpg?w=600\"  border=0><\/p>\n<p><img data-recalc-dims=\"1\" decoding=\"async\" src=\"https:\/\/i0.wp.com\/i158.photobucket.com\/albums\/t103\/egophobia\/26\/imag\/scan026.jpg?w=600\"  border=0><\/p>\n<p><img data-recalc-dims=\"1\" decoding=\"async\" src=\"https:\/\/i0.wp.com\/i158.photobucket.com\/albums\/t103\/egophobia\/26\/imag\/scan027.jpg?w=600\"  border=0><\/p>\n<p><img data-recalc-dims=\"1\" decoding=\"async\" src=\"https:\/\/i0.wp.com\/i158.photobucket.com\/albums\/t103\/egophobia\/26\/imag\/scan028.jpg?w=600\"  border=0><\/p>\n<p><img data-recalc-dims=\"1\" decoding=\"async\" src=\"https:\/\/i0.wp.com\/i158.photobucket.com\/albums\/t103\/egophobia\/26\/imag\/scan029.jpg?w=600\"  border=0><\/p>\n","protected":false},"excerpt":{"rendered":"<p>[fotografii de Iulian Iona\u015fcu] Iulian Iona\u015fcu (n. 04 10 1969) este \u00een prezent masterand la \u00ab Litt\u00e9ratures modernes et contemporaines \u00bb, \u00een cadrul Universitatii Blaise Pascal din Clermont-Ferrand. Este pasionat de arta fotografic\u0103 de la 16 ani \u015fi a participat la peste 15 expozi\u0163ii de grup (1988 -2009) \u00een \u0163ar\u0103 \u015fi str\u0103in\u0103tate. Pe 20 ianuarie [&hellip;]<\/p>\n","protected":false},"author":2,"featured_media":0,"comment_status":"open","ping_status":"open","sticky":false,"template":"","format":"standard","meta":{"jetpack_post_was_ever_published":false,"_jetpack_newsletter_access":"","_jetpack_dont_email_post_to_subs":false,"_jetpack_newsletter_tier_id":0,"_jetpack_memberships_contains_paywalled_content":false,"_jetpack_memberships_contains_paid_content":false,"footnotes":""},"categories":[507,118],"tags":[476,1147,1127,530],"class_list":["post-4079","post","type-post","status-publish","format-standard","hentry","category-egophobia-26","category-imagini","tag-decembrie-89","tag-egophobia-26","tag-imagini","tag-iulian-ionascu"],"jetpack_featured_media_url":"","jetpack_sharing_enabled":true,"jetpack_shortlink":"https:\/\/wp.me\/p6DakB-13N","_links":{"self":[{"href":"https:\/\/egophobia.ro\/index.php?rest_route=\/wp\/v2\/posts\/4079","targetHints":{"allow":["GET"]}}],"collection":[{"href":"https:\/\/egophobia.ro\/index.php?rest_route=\/wp\/v2\/posts"}],"about":[{"href":"https:\/\/egophobia.ro\/index.php?rest_route=\/wp\/v2\/types\/post"}],"author":[{"embeddable":true,"href":"https:\/\/egophobia.ro\/index.php?rest_route=\/wp\/v2\/users\/2"}],"replies":[{"embeddable":true,"href":"https:\/\/egophobia.ro\/index.php?rest_route=%2Fwp%2Fv2%2Fcomments&post=4079"}],"version-history":[{"count":9,"href":"https:\/\/egophobia.ro\/index.php?rest_route=\/wp\/v2\/posts\/4079\/revisions"}],"predecessor-version":[{"id":6832,"href":"https:\/\/egophobia.ro\/index.php?rest_route=\/wp\/v2\/posts\/4079\/revisions\/6832"}],"wp:attachment":[{"href":"https:\/\/egophobia.ro\/index.php?rest_route=%2Fwp%2Fv2%2Fmedia&parent=4079"}],"wp:term":[{"taxonomy":"category","embeddable":true,"href":"https:\/\/egophobia.ro\/index.php?rest_route=%2Fwp%2Fv2%2Fcategories&post=4079"},{"taxonomy":"post_tag","embeddable":true,"href":"https:\/\/egophobia.ro\/index.php?rest_route=%2Fwp%2Fv2%2Ftags&post=4079"}],"curies":[{"name":"wp","href":"https:\/\/api.w.org\/{rel}","templated":true}]}}