{"id":4115,"date":"2010-03-21T20:13:55","date_gmt":"2010-03-21T18:13:55","guid":{"rendered":"http:\/\/egophobia.ro\/?p=4115"},"modified":"2010-03-31T23:16:15","modified_gmt":"2010-03-31T21:16:15","slug":"poeme","status":"publish","type":"post","link":"https:\/\/egophobia.ro\/?p=4115","title":{"rendered":"Poeme"},"content":{"rendered":"<p align=right>de Anca Bucur<\/p>\n<p><strong>20 decembrie 2009<\/strong><\/p>\n<p>din lumea cealalt\u0103<br \/>\nam 80 de ani. sunt un c\u0103lug\u0103r b\u0103tr\u00e2n \u015fi am venit de bun\u0103voie<br \/>\n&nbsp; &nbsp; &nbsp; &nbsp; &nbsp; &nbsp; &nbsp; &nbsp; &nbsp; &nbsp; &nbsp; &nbsp; &nbsp; &nbsp; &nbsp; &nbsp; &nbsp; &nbsp; &nbsp; &nbsp; &nbsp; &nbsp; &nbsp; &nbsp; &nbsp; &nbsp; &nbsp; pe lumea asta<br \/>\n&nbsp; &nbsp; &nbsp; &nbsp; &nbsp; &nbsp; &nbsp; &nbsp; &nbsp; &nbsp; &nbsp; &nbsp; &nbsp; &nbsp; n-am dezbr\u0103cat<br \/>\nniciodat\u0103 o femeie<br \/>\n(am cunoscut doar p\u00e2ntecul mamei<!--more--><br \/>\n\u00een iarna lui \u201967 c\u00e2nd tuciul \u00eei acoperea fa\u0163a<br \/>\n&nbsp; &nbsp; &nbsp; &nbsp; &nbsp; &nbsp; &nbsp; &nbsp; &nbsp; &nbsp; &nbsp; &nbsp; &nbsp; &nbsp; &nbsp; &nbsp; &nbsp; &nbsp; &nbsp; &nbsp; &nbsp; &nbsp; \u015fi porcii \u00eencepuser\u0103<br \/>\ns\u0103-i molf\u0103ie rochia) de ceva<br \/>\nvreme<br \/>\nnu mai cred \u00een nimic intru-n p\u0103m\u00e2nt<br \/>\nca-ntr-o crup\u0103 de iap\u0103 b\u0103tr\u00e2n\u0103<br \/>\nce altceva a\u015f putea face?<\/p>\n<p>despre copil\u0103rie v-a\u015f putea spune multe<br \/>\ncum \u00eentr-o zi tata<br \/>\nm-a \u00eenv\u0103\u0163at mersul \u00een patru labe<br \/>\n&nbsp; &nbsp; &nbsp; &nbsp; &nbsp; &nbsp; &nbsp; &nbsp; &nbsp; &nbsp; &nbsp; &nbsp; &nbsp; &nbsp;  mi-a potcovit inima<br \/>\nmi-a aratat o c\u0103rare lung\u0103 \u015fi str\u00e2mt\u0103<br \/>\nde atunci ceva se petrece cu mine:<br \/>\ncar \u00een spate 80 de kg<br \/>\n &nbsp; &nbsp; &nbsp;  &nbsp; &nbsp; &nbsp; &nbsp; &nbsp; &nbsp;  \u015fi m\u0103 simt mai greu cu un om<\/p>\n<p>vou\u0103 v\u0103 zic, fra\u0163ii mei<br \/>\ndin lumea cealalt\u0103<br \/>\nam trecut<br \/>\n\u015fi eu printr-o baleg\u0103 groas\u0103 am stat<br \/>\n&nbsp; &nbsp; &nbsp; &nbsp; &nbsp; &nbsp; &nbsp; &nbsp; &nbsp; &nbsp; &nbsp; &nbsp; &nbsp; &nbsp; &nbsp; &nbsp; &nbsp; &nbsp; &nbsp; &nbsp; &nbsp; &nbsp; &nbsp; &nbsp; &nbsp;  \u015fi eu<br \/>\n\u00eentr-un grajd cu oamenii la un loc<br \/>\n\u015ftiu s\u0103-mi f\u00e2lf\u00e2i cioturile c\u00e2nd dumnezeu<br \/>\n &nbsp; &nbsp; &nbsp; &nbsp; &nbsp; &nbsp; &nbsp; &nbsp; \u00eemi spune noapte bun\u0103!<br \/>\n &nbsp; &nbsp; &nbsp; &nbsp; &nbsp; &nbsp; &nbsp; &nbsp;  &nbsp; &nbsp; &nbsp; &nbsp; &nbsp; &nbsp; \u00eemi pun creierul la mezat \u015fi a\u015ftept<br \/>\ncine d\u0103 mai mult?<br \/>\n&nbsp; &nbsp;  &nbsp; &nbsp; &nbsp; &nbsp; &nbsp; &nbsp; &nbsp; &nbsp; &nbsp; &nbsp; &nbsp; cine<br \/>\ncump\u0103r\u0103 un burduf cu sl\u0103nin\u0103?<\/p>\n<p><strong>14 ianuarie 2010<\/strong><\/p>\n<p>tocmai acum<br \/>\n&nbsp; &nbsp; &nbsp; &nbsp; &nbsp; &nbsp; la 60 de ani<br \/>\nb\u0103rba\u0163ii i\u0163i vorbesc<br \/>\ndespre frumuse\u0163e \u015fi faim\u0103<br \/>\n\u00een timp ce tata \u00ee\u015fi scoate<br \/>\n\u0163\u0103r\u00e2na dintre din\u0163i<br \/>\n\u201co s\u0103 te a\u015ftept, eleno<br \/>\ns\u0103 bem, s\u0103 d\u0103n\u0163uim<br \/>\ns\u0103 sf\u00e2rie viermii sub picioare! nici nu-\u0163i imaginezi<br \/>\nce chefuri tragem aici<br \/>\n&nbsp; &nbsp; &nbsp; &nbsp; &nbsp; &nbsp; &nbsp; &nbsp; &nbsp; &nbsp; &nbsp; &nbsp; &nbsp; &nbsp; &nbsp; &nbsp; &nbsp; &nbsp; &nbsp; &nbsp; &nbsp; pe-ntuneric!\u201d<br \/>\nai \u00eemb\u0103tr\u00e2nit, mam\u0103, doar hainele \u00ee\u0163i mai lipesc<br \/>\n&nbsp; &nbsp; &nbsp; &nbsp; &nbsp; &nbsp; &nbsp; &nbsp; &nbsp; &nbsp; &nbsp; &nbsp; &nbsp; &nbsp; &nbsp; &nbsp; &nbsp; &nbsp; &nbsp; &nbsp; &nbsp; &nbsp; &nbsp; &nbsp; &nbsp; &nbsp; &nbsp; pielea de oase<br \/>\nascul\u0163i miorl\u0103itul ora\u015fului,<br \/>\nr\u00e2sul strident al fetelor de 18 ani<br \/>\n\u015fi fiecare claxon<br \/>\n&nbsp; &nbsp; &nbsp; &nbsp; &nbsp; &nbsp; &nbsp; &nbsp; &nbsp; &nbsp; &nbsp; &nbsp; &nbsp; &nbsp; &nbsp; te-apropie de moarte.<\/p>\n<p>tocmai acum, mam\u0103,<br \/>\nam ajuns s\u0103 te-ntreb<br \/>\n&nbsp; &nbsp; &nbsp; &nbsp; &nbsp; &nbsp; &nbsp; &nbsp; &nbsp; &nbsp; &nbsp; &nbsp; unde se duc urletele<br \/>\n&nbsp; &nbsp; &nbsp; &nbsp; &nbsp; &nbsp; &nbsp; &nbsp; &nbsp; &nbsp; &nbsp; &nbsp; &nbsp; &nbsp; &nbsp; c\u00e2nd gura ia locul<br \/>\n&nbsp; &nbsp; &nbsp; &nbsp; &nbsp; &nbsp; &nbsp; &nbsp; &nbsp; &nbsp; &nbsp; &nbsp; &nbsp; &nbsp; &nbsp; &nbsp; &nbsp; &nbsp; &nbsp; &nbsp; &nbsp; &nbsp; &nbsp; &nbsp; &nbsp; &nbsp; &nbsp; &nbsp; &nbsp; &nbsp; unei lope\u0163i cu p\u0103m\u00e2nt?<br \/>\nde c\u00e2te ori vom mai c\u0103dea \u00een genunchi?<br \/>\n&nbsp; &nbsp; &nbsp; &nbsp; &nbsp; &nbsp; &nbsp; &nbsp; &nbsp; &nbsp; &nbsp; &nbsp; c\u00e2t cost\u0103 o pung\u0103 cu nimic?<\/p>\n<p>via\u0163a a trecut<br \/>\nprin mine ca un plug mi-amintesc<br \/>\nde ultimul horc\u0103it al bunicului<br \/>\nde-un grup \t\u00a0 \u00a0 \u00a0 \u00a0    \u00a0 \u00a0 \u00a0 \u00a0    \u00a0 \u00a0 \u00a0 \u00a0    \tde bocitoare ur\u00e2te,<br \/>\n&nbsp; &nbsp; &nbsp; &nbsp; &nbsp; &nbsp; &nbsp; &nbsp; &nbsp; &nbsp; &nbsp; &nbsp; &nbsp; &nbsp; &nbsp; &nbsp; &nbsp; &nbsp; &nbsp; &nbsp; &nbsp;&nbsp; de-o ploaie m\u0103runt\u0103<br \/>\neram mic\u0103 pe atunci. dansam \u015fi chiuiam<br \/>\na\u015fa cum fac \u0163iganii la nunt\u0103<br \/>\nlas\u0103, mam\u0103,<br \/>\nomul trebuie<br \/>\n&nbsp; &nbsp; &nbsp; &nbsp; &nbsp; &nbsp; &nbsp; &nbsp; &nbsp; &nbsp; &nbsp; s\u0103 se duc\u0103 fericit<br \/>\n&nbsp; &nbsp; &nbsp; &nbsp; &nbsp; &nbsp; &nbsp; &nbsp; &nbsp; &nbsp; &nbsp; &nbsp; &nbsp; &nbsp; &nbsp; &nbsp; &nbsp; &nbsp; &nbsp; &nbsp; &nbsp; &nbsp; &nbsp; &nbsp; &nbsp; &nbsp; &nbsp; \u00een iad.<\/p>\n<p><strong>21 ianuarie 2010<\/strong><\/p>\n<p>\u00eentr-o zi, eleno, vom pleca \u015fi noi spre ora\u015f<br \/>\ndestul am tr\u0103it<br \/>\n\u00eentr-o<br \/>\n&nbsp; &nbsp; &nbsp; &nbsp; &nbsp; &nbsp; troac\u0103 de lemn zeci de ani ne-am iubit<br \/>\n&nbsp;&nbsp; &nbsp; &nbsp; &nbsp; &nbsp; &nbsp; &nbsp; &nbsp; &nbsp; &nbsp; &nbsp; &nbsp; &nbsp; &nbsp; &nbsp; &nbsp; &nbsp; &nbsp; &nbsp; &nbsp;     &nbsp; &nbsp; &nbsp; &nbsp; &nbsp; &nbsp; &nbsp; &nbsp; &nbsp; ca porcii<br \/>\n\u015fi n-a fost nimeni \u00een jur s\u0103 ne spun\u0103<br \/>\n\u201cohooo, dragii mo\u015fului<br \/>\ninimile voastre s-au zb\u00e2rcit<br \/>\n&nbsp; &nbsp; &nbsp; &nbsp; &nbsp; &nbsp; degeaba v\u0103 acoperi\u0163i r\u00e2turile p\u00e2n\u0103 \u015fi dumnezeu<br \/>\n&nbsp; &nbsp; &nbsp; &nbsp; &nbsp; &nbsp; &nbsp; &nbsp; &nbsp; &nbsp; &nbsp; &nbsp; &nbsp;&nbsp; v-aude horc\u0103itul\u201d<br \/>\n&nbsp; &nbsp; &nbsp; &nbsp; &nbsp; &nbsp; &nbsp; &nbsp; &nbsp; &nbsp; &nbsp; &nbsp; &nbsp; &nbsp; &nbsp; &nbsp; &nbsp; &nbsp; &nbsp; &nbsp; &nbsp; &nbsp; &nbsp; &nbsp; n-am \u015ftiut,<br \/>\n&nbsp; &nbsp; &nbsp; &nbsp; &nbsp; &nbsp; &nbsp; &nbsp; &nbsp; &nbsp; &nbsp; eleno, ce-nseamn\u0103 cump\u0103tarea<br \/>\nvia\u0163a a \u0163\u00e2\u015fnit din noi ca s\u00e2ngele<br \/>\ndin g\u00e2tlejul bunicului<br \/>\n&nbsp; &nbsp; &nbsp; &nbsp; &nbsp; &nbsp; &nbsp; &nbsp; &nbsp; &nbsp; &nbsp; &nbsp; &nbsp; &nbsp; &nbsp; &nbsp; &nbsp; &nbsp; &nbsp; &nbsp; &nbsp; &nbsp; &nbsp; &nbsp; &nbsp; mai \u0163ii minte?<br \/>\npe vremea aceea<br \/>\n&nbsp; &nbsp; &nbsp; &nbsp; &nbsp; &nbsp; &nbsp; &nbsp; &nbsp; &nbsp; &nbsp; &nbsp; &nbsp; &nbsp; credeam c\u0103 moartea<br \/>\ne un personaj din desene animate<br \/>\n&nbsp; &nbsp; &nbsp; &nbsp; &nbsp; un vierme lung care ne-ncalec\u0103 limba<\/p>\n<p>dar nu mai e mult, eleno,<br \/>\np\u00e2n\u0103 c\u00e2nd vom pleca \u015fi noi spre ora\u015ful acela<br \/>\n&nbsp; &nbsp; &nbsp; &nbsp; &nbsp; &nbsp; &nbsp; &nbsp; &nbsp; &nbsp; &nbsp; &nbsp; &nbsp; &nbsp; &nbsp; &nbsp; &nbsp; &nbsp; &nbsp; despre care oamenii spun<br \/>\n&nbsp; &nbsp; &nbsp; &nbsp; &nbsp; &nbsp; c\u0103-i moale ca un pateu r\u00e2ncezit<br \/>\n&nbsp; &nbsp; &nbsp; &nbsp; &nbsp; &nbsp; acolo trupurile noastre se vor dospi.<\/p>\n","protected":false},"excerpt":{"rendered":"<p>de Anca Bucur 20 decembrie 2009 din lumea cealalt\u0103 am 80 de ani. sunt un c\u0103lug\u0103r b\u0103tr\u00e2n \u015fi am venit de bun\u0103voie &nbsp; &nbsp; &nbsp; &nbsp; &nbsp; &nbsp; &nbsp; &nbsp; &nbsp; &nbsp; &nbsp; &nbsp; &nbsp; &nbsp; &nbsp; &nbsp; &nbsp; &nbsp; &nbsp; &nbsp; &nbsp; &nbsp; &nbsp; &nbsp; &nbsp; &nbsp; &nbsp; pe lumea asta &nbsp; &nbsp; &nbsp; [&hellip;]<\/p>\n","protected":false},"author":5,"featured_media":0,"comment_status":"open","ping_status":"open","sticky":false,"template":"","format":"standard","meta":{"jetpack_post_was_ever_published":false,"_jetpack_newsletter_access":"","_jetpack_dont_email_post_to_subs":false,"_jetpack_newsletter_tier_id":0,"_jetpack_memberships_contains_paywalled_content":false,"_jetpack_memberships_contains_paid_content":false,"footnotes":""},"categories":[507,13],"tags":[532,1147,1114],"class_list":["post-4115","post","type-post","status-publish","format-standard","hentry","category-egophobia-26","category-poezie","tag-anca-bucur","tag-egophobia-26","tag-poezie"],"jetpack_featured_media_url":"","jetpack_sharing_enabled":true,"jetpack_shortlink":"https:\/\/wp.me\/s6DakB-poeme","_links":{"self":[{"href":"https:\/\/egophobia.ro\/index.php?rest_route=\/wp\/v2\/posts\/4115","targetHints":{"allow":["GET"]}}],"collection":[{"href":"https:\/\/egophobia.ro\/index.php?rest_route=\/wp\/v2\/posts"}],"about":[{"href":"https:\/\/egophobia.ro\/index.php?rest_route=\/wp\/v2\/types\/post"}],"author":[{"embeddable":true,"href":"https:\/\/egophobia.ro\/index.php?rest_route=\/wp\/v2\/users\/5"}],"replies":[{"embeddable":true,"href":"https:\/\/egophobia.ro\/index.php?rest_route=%2Fwp%2Fv2%2Fcomments&post=4115"}],"version-history":[{"count":11,"href":"https:\/\/egophobia.ro\/index.php?rest_route=\/wp\/v2\/posts\/4115\/revisions"}],"predecessor-version":[{"id":4395,"href":"https:\/\/egophobia.ro\/index.php?rest_route=\/wp\/v2\/posts\/4115\/revisions\/4395"}],"wp:attachment":[{"href":"https:\/\/egophobia.ro\/index.php?rest_route=%2Fwp%2Fv2%2Fmedia&parent=4115"}],"wp:term":[{"taxonomy":"category","embeddable":true,"href":"https:\/\/egophobia.ro\/index.php?rest_route=%2Fwp%2Fv2%2Fcategories&post=4115"},{"taxonomy":"post_tag","embeddable":true,"href":"https:\/\/egophobia.ro\/index.php?rest_route=%2Fwp%2Fv2%2Ftags&post=4115"}],"curies":[{"name":"wp","href":"https:\/\/api.w.org\/{rel}","templated":true}]}}