{"id":437,"date":"2009-06-17T08:08:09","date_gmt":"2009-06-17T06:08:09","guid":{"rendered":"http:\/\/egophobia.ro\/revista\/?p=437"},"modified":"2009-09-13T22:00:44","modified_gmt":"2009-09-13T20:00:44","slug":"stele-verzi-32","status":"publish","type":"post","link":"https:\/\/egophobia.ro\/?p=437","title":{"rendered":"Stele verzi 11"},"content":{"rendered":"<p align=justify>\u015ei ai terminat pr\u0103jitura?<\/p>\n<p align=justify>\u00centrebarea veni la \u0163anc, exact c\u00e2nd el o termin\u0103 cu adev\u0103rat \u015fi c\u00e2nd ea se \u00eentoarse, a\u015fa cum promise, pentru a sta de vorb\u0103 cu el mai mult ca asear\u0103.<\/p>\n<p align=justify>Cina practic se terminase pentru ceilal\u0163i pacien\u0163i ai spitalului, dar nu \u015fi pentru el, pentru care abia \u00eencepuse. To\u0163i ceilal\u0163i bolnavi plecaser\u0103 deja \u00een saloanele lor, \u00een afar\u0103 de el, pentru care cina nici nu \u00eencepuse cu adev\u0103rat. P\u00e2n\u0103 \u00een acel moment, el \u00ee\u015fi aduse de fapt aminte cum s\u0103 m\u0103n\u00e2nce \u015fi cinase pe de rost din nou. Dar aceast\u0103 rememorare gastronomic\u0103 nu f\u0103cea propriu-zis parte din cina preg\u0103tit\u0103 lui. \u00cen cur\u00e2nd el va avea parte de o cin\u0103 real\u0103.<\/p>\n<p><!--more--><\/p>\n<p align=justify>Da, am terminat-o, \u00eei confirm\u0103 el cu sc\u0103dere \u00een glas. <\/p>\n<p align=justify>Sper c\u0103 \u0163i-a pl\u0103cut, \u00eel avertiz\u0103 ea s\u0103 \u00eei fi pl\u0103cut pr\u0103jitura.<\/p>\n<p align=justify>Desigur, a fost excelent\u0103.<\/p>\n<p align=justify>Ea z\u00e2mbi mul\u0163umit\u0103 s\u0103 vad\u0103 cum b\u0103rbatul pe care avea de g\u00e2nd s\u0103 \u015fi-l \u00eensu\u015feasc\u0103 cre\u015fte constant \u00een trupul acestui b\u0103rbat pe care \u00eel \u00eendopa ca pe un curcan con\u015ftient c\u0103 este ticsit cu m\u00e2ncare. Vedea cum \u00eencepe s\u0103 \u00een\u0163eleag\u0103 ce \u00eenseamn\u0103 ca un b\u0103rbat s\u0103 apar\u0163in\u0103 unei femei \u015fi \u015ftia din ce \u00een ce mai bine c\u0103 el este acel b\u0103rbat din care b\u0103rbatul pe care avea de g\u00e2nd s\u0103 \u015fi-l \u00eensu\u015feasc\u0103 se va dezvolta. Nu se \u00een\u015felase nici asear\u0103, dup\u0103 cum nici \u00een aceast\u0103 sear\u0103 nu p\u0103rea s\u0103 se \u00een\u015fele.<\/p>\n<p align=justify>Vrei s\u0103 \u00eemi spui, totu\u015fi?<\/p>\n<p align=justify>Ce anume?<\/p>\n<p align=justify>De ce ai vrut s\u0103 \u00ee\u0163i iei via\u0163a, repet\u0103 ea ca un refren al unui c\u00e2ntec invizibil.<\/p>\n<p align=justify>El se uit\u0103 la ea \u015fi, pentru o clip\u0103, se mir\u0103 s\u0103 vad\u0103 din ce \u00een ce mai multe goluri \u00een albul ei impermeabil. Dar nu \u00eei spuse nimic \u015fi nici nu se alarm\u0103 \u015fi nici nu trecuse cu vederea ce v\u0103zu c\u0103 se \u00eent\u00e2mpl\u0103, \u00een v\u0103zul s\u0103u, cu impermeabilitatea albului ei. T\u0103cu din gur\u0103 pur \u015fi simplu \u015fi nu mai spuse nimic \u00een afar\u0103 de ce b\u0103rbatul acela din el \u00eei d\u0103dea oarecum ghes s\u0103 spun\u0103.<\/p>\n<p align=justify>Nu am vrut s\u0103 m\u0103 sinucid, continu\u0103 el t\u0103cerea, \u015fi nu am vrut nici s\u0103 \u00eemi iau via\u0163a.<\/p>\n<p align=justify>Ea se opri \u00een locul pe care \u00eel ocupa la auzul r\u0103spunsului s\u0103u. Nu \u015ftia, pentru prima dat\u0103, ce se \u00eent\u00e2mpl\u0103 \u015fi, tot pentru prima dat\u0103, imaginea b\u0103rbatului pe care avea de g\u00e2nd s\u0103 \u015fi-l \u00eensu\u015feasc\u0103 devenea oarecum neclar\u0103, ca \u015fi cum ar fi fost absorbit\u0103 de fundalul pe care el, cu trupul s\u0103u indezirabil, \u00eenc\u0103 \u00eel forma. M\u0103 uit la el \u015fi nu \u00eel v\u0103d dec\u00e2t pe el, remarc\u0103 ea pu\u0163in contrariat\u0103 de amestecarea celor doi b\u0103rba\u0163i \u00een imaginea estompat\u0103 a unuia dintre ei. Dar nu disper\u0103 c\u00e2ntecul ei invizibil.<\/p>\n<p align=justify>A\u015f vrea s\u0103 \u00eemi spui dac\u0103 e vreo diferen\u0163\u0103, fredon\u0103 ea acela\u015fi vechi refren.<\/p>\n<p align=justify>\u00centre ce \u015fi ce?<\/p>\n<p align=justify>\u00centrebarea se pierdu pe loc \u00eentr-unul dintre golurile din ce \u00een ce mai impermeabile din albul ei intranzitiv.<\/p>\n<p align=justify>\u00centre a-\u0163i lua via\u0163a \u015fi a te sinucide, preciz\u0103 ea f\u0103r\u0103 s\u0103 \u015ftie deja, pentru a doua oar\u0103 \u00eentr-un timp at\u00e2t de scurt, c\u0103 i-a \u00eentins o capcan\u0103 \u00een care savantul din el ar vrea s\u0103 \u00eel prind\u0103 pentru totdeauna.<\/p>\n<p align=justify>A, prinse curaj savantul din el, diferen\u0163a exist\u0103 \u015fi e foarte greu de explicat. Nu c\u0103 \u015fi existen\u0163a ei ar fi la fel de greu de explicat&#8230; C\u00e2t despre aceast\u0103 diferen\u0163\u0103 secundar\u0103, a\u015f avea imens de multe lucruri de spus&#8230;<\/p>\n<p align=justify>Mul\u0163umesc, dar nu e nevoie, i-o t\u0103ie scurt el, con\u015ftientiz\u00e2nd poate pentru prima dat\u0103 \u00een via\u0163\u0103 c\u0103 trebuie s\u0103 abandoneze academismul s\u0103u oniric dac\u0103 vrea s\u0103 \u015ftie, cu adev\u0103rat, ceva. De exemplu, dac\u0103 vrea s\u0103 o \u015ftie pe ea.<\/p>\n<p align=justify>Nu este nicio diferen\u0163\u0103. Probabil c\u0103 numai una morfologic\u0103, \u00eentre o locu\u0163iune verbal\u0103 \u015fi un verb de sine st\u0103t\u0103tor&#8230;<\/p>\n<p align=justify>Se opri brusc pentru c\u0103 nu \u00ee\u015fi d\u0103dea seama cine spusese aceste lucruri. Pesemne c\u0103 el \u00eensu\u015fi, fiindc\u0103 ea \u00eel \u00eentreb\u0103 foarte natural care dintre cele dou\u0103 variante i-ar putea s\u0103 \u00eei pun\u0103 mai mult via\u0163a \u00een pericol.<\/p>\n<p align=justify>\u00cei z\u00e2mbi s\u0103 o aud\u0103 \u00eentreb\u00e2nd a\u015fa ceva \u015fi se convinse c\u0103 el \u00eensu\u015fi spusese cu adev\u0103rat toate aceste lucruri, pentru c\u0103 nu sim\u0163i nevoia s\u0103 se st\u0103p\u00e2neasc\u0103 sau s\u0103 se cenzureze nicio clip\u0103.<\/p>\n<p align=justify>Probabil c\u0103 verbul e mai periculos, \u00eei spuse el dup\u0103 ce se g\u00e2ndi un timp la \u00eentrebarea ei.<\/p>\n<p align=justify>\u015ei de ce ar fi a\u015fa?<\/p>\n<p align=justify>Ea \u00eel incit\u0103 \u00eenadins \u015fi \u015ftia perfect ce face.<\/p>\n<p align=justify>Probabil fiindc\u0103 verbul se termin\u0103 mai repede de rostit \u015fi dup\u0103 aceea nu \u00ee\u0163i mai r\u0103m\u00e2ne de f\u0103cut dec\u00e2t s\u0103 \u00eei pui \u00een aplicare ac\u0163iunea.<\/p>\n<p align=justify>Explica\u0163ia lui \u00eei travers\u0103 g\u00e2ndurile at\u00e2t de vizibil, \u00eenc\u00e2t fa\u0163a i se ascunse \u00een mod ciudat \u00een chip.<\/p>\n<p align=justify>Atunci e mai sigur s\u0103 \u00ee\u0163i iei via\u0163a. E mai lung\u0103 ac\u0163iunea \u00eenf\u0103\u0163i\u015fat\u0103 \u015fi, p\u00e2n\u0103 s\u0103 o \u00eentreprinzi, poate te r\u0103zg\u00e2nde\u015fti \u015fi astfel scapi. Cel pu\u0163in ai mai mult timp s\u0103 te g\u00e2nde\u015fti \u00een timp ce o faci p\u00e2n\u0103 chiar o faci.<\/p>\n<p align=justify>Da, cred c\u0103 ai dreptate, \u00eei spuse \u015ftiind prea bine c\u0103 are dreptate. Stranie senza\u0163ia pe care o avea, dar nu dorea ca ea s\u0103 \u015ftie c\u0103 are perfect\u0103 dreptate. De aceea \u015fi \u00eenmuie certitudinea prin credin\u0163\u0103.<\/p>\n<p align=justify>\u015etiu c\u0103 am perfect\u0103 dreptate, spuse ea ca \u015fi cum i-ar fi citit g\u00e2ndurile semnate indescifrabil \u00een mintea lui.<\/p>\n<p align=justify>El r\u0103mase t\u0103cut \u015fi, chiar dac\u0103 vorbi \u00een continuare cu ea, nu mai spuse nimic \u00een afar\u0103 de noapte bun\u0103 dup\u0103 ce \u015fi cina \u00eens\u0103\u015fi obosise s\u0103 tot fie cin\u0103 de la intrarea ei \u00een tur\u0103.<\/p>\n<p>(va urma)<\/p>\n","protected":false},"excerpt":{"rendered":"<p>\u015ei ai terminat pr\u0103jitura? \u00centrebarea veni la \u0163anc, exact c\u00e2nd el o termin\u0103 cu adev\u0103rat \u015fi c\u00e2nd ea se \u00eentoarse, a\u015fa cum promise, pentru a sta de vorb\u0103 cu el mai mult ca asear\u0103. Cina practic se terminase pentru ceilal\u0163i pacien\u0163i ai spitalului, dar nu \u015fi pentru el, pentru care abia \u00eencepuse. To\u0163i ceilal\u0163i bolnavi [&hellip;]<\/p>\n","protected":false},"author":3,"featured_media":0,"comment_status":"closed","ping_status":"open","sticky":false,"template":"","format":"standard","meta":{"jetpack_post_was_ever_published":false,"_jetpack_newsletter_access":"","_jetpack_dont_email_post_to_subs":false,"_jetpack_newsletter_tier_id":0,"_jetpack_memberships_contains_paywalled_content":false,"_jetpack_memberships_contains_paid_content":false,"footnotes":""},"categories":[3],"tags":[6,4,5],"class_list":["post-437","post","type-post","status-publish","format-standard","hentry","category-romanul-online","tag-literatura-virtuala-exclusiv-antuma","tag-patrick-calinescu","tag-roman-online"],"jetpack_featured_media_url":"","jetpack_sharing_enabled":true,"jetpack_shortlink":"https:\/\/wp.me\/p6DakB-73","_links":{"self":[{"href":"https:\/\/egophobia.ro\/index.php?rest_route=\/wp\/v2\/posts\/437","targetHints":{"allow":["GET"]}}],"collection":[{"href":"https:\/\/egophobia.ro\/index.php?rest_route=\/wp\/v2\/posts"}],"about":[{"href":"https:\/\/egophobia.ro\/index.php?rest_route=\/wp\/v2\/types\/post"}],"author":[{"embeddable":true,"href":"https:\/\/egophobia.ro\/index.php?rest_route=\/wp\/v2\/users\/3"}],"replies":[{"embeddable":true,"href":"https:\/\/egophobia.ro\/index.php?rest_route=%2Fwp%2Fv2%2Fcomments&post=437"}],"version-history":[{"count":4,"href":"https:\/\/egophobia.ro\/index.php?rest_route=\/wp\/v2\/posts\/437\/revisions"}],"predecessor-version":[{"id":1581,"href":"https:\/\/egophobia.ro\/index.php?rest_route=\/wp\/v2\/posts\/437\/revisions\/1581"}],"wp:attachment":[{"href":"https:\/\/egophobia.ro\/index.php?rest_route=%2Fwp%2Fv2%2Fmedia&parent=437"}],"wp:term":[{"taxonomy":"category","embeddable":true,"href":"https:\/\/egophobia.ro\/index.php?rest_route=%2Fwp%2Fv2%2Fcategories&post=437"},{"taxonomy":"post_tag","embeddable":true,"href":"https:\/\/egophobia.ro\/index.php?rest_route=%2Fwp%2Fv2%2Ftags&post=437"}],"curies":[{"name":"wp","href":"https:\/\/api.w.org\/{rel}","templated":true}]}}