{"id":5056,"date":"2010-06-15T22:15:32","date_gmt":"2010-06-15T20:15:32","guid":{"rendered":"http:\/\/egophobia.ro\/?p=5056"},"modified":"2010-07-02T14:10:01","modified_gmt":"2010-07-02T12:10:01","slug":"poeme-din-ciclul-ayla","status":"publish","type":"post","link":"https:\/\/egophobia.ro\/?p=5056","title":{"rendered":"Poeme din ciclul <i>ayla<\/i>"},"content":{"rendered":"<p align=right>de Gelu Vla&#351;in<\/p>\n<p>***<\/p>\n<p>c\u00e2nd fac dragoste<br \/>\nayla se ascunde<br \/>\nprintre ni\u015fte degete<br \/>\n\u00een form\u0103 de<br \/>\nplante carnivore<br \/>\ndevine un fel de<br \/>\npas\u0103re a\u015fezat\u0103 \u00een mijlocul<br \/>\nunui cerc multicolor<br \/>\nmijlocul ei din mijlocul cercului<br \/>\neste mijlocul lumii<br \/>\nde acolo \u0163ip\u0103tul ei<br \/>\nm\u0103 imbr\u0103\u0163i\u015feaz\u0103<br \/>\nc\u00e2nd fac dragoste<br \/>\nsimt deasupra lumii<br \/>\nun altfel de cer<!--more--><\/p>\n<p align=center><img data-recalc-dims=\"1\" decoding=\"async\" src=\"https:\/\/i0.wp.com\/i158.photobucket.com\/albums\/t103\/egophobia\/27\/vlasin\/telciu-pensiunea-vlasinilor.jpg?w=812\"><br \/>[Pensiunea Vla\u015finilor @ Telciu]<\/p>\n<p>***<\/p>\n<p>ayla simte<br \/>\n\u00eenceputul acesta de zi<br \/>\nca pe sf\u00e2r\u015fitul lumii<br \/>\n\u015fi lumea-i<br \/>\no portocal\u0103 \u00een chip<br \/>\nde z\u00e2mbet<br \/>\npeste care cineva<br \/>\ndeseneaz\u0103 harta unei glezne<br \/>\nsub\u0163iri<br \/>\ndintr-un poem scris<br \/>\nde komartin<br \/>\ndac\u0103 ayla<br \/>\nsimte \u00eenceputul acesta de zi<br \/>\nca pe sf\u00e2r\u015fitul lumii<br \/>\n\u00eenseamn\u0103 c\u0103 dansul ei<br \/>\ns-a transformat \u00een<br \/>\npulberi de purpur\u0103<br \/>\n\u015fi s-a a\u015fternut<br \/>\n\u00een sufletul meu<br \/>\npentru \u00eenc\u0103<br \/>\no ve\u015fnicie<\/p>\n<p align=center><img data-recalc-dims=\"1\" decoding=\"async\" src=\"https:\/\/i0.wp.com\/i158.photobucket.com\/albums\/t103\/egophobia\/27\/vlasin\/malaga-spania.jpg?w=812\"><br \/>[Gelu Vla\u015fin @ Malaga]<\/p>\n<p>***<\/p>\n<p>ayla<br \/>\neste ca un c\u00e2ntec<br \/>\nf\u0103r\u0103 aripi<br \/>\ncu c\u00e2t se face<br \/>\nmai frumoas\u0103<br \/>\ncu at\u00e2t zborul<br \/>\ndevine mai \u00eenalt<br \/>\nc\u00e2nd ascult c\u00e2ntecul meu<br \/>\ncu aripi<br \/>\naerul se prinde<br \/>\n\u00een conturul cerului<br \/>\n\u015fi mireasma lui<br \/>\nde jasmin<br \/>\nm\u0103 ademene\u015fte<br \/>\np\u00e2n\u0103 dincolo de orizont<br \/>\napoi<br \/>\norizontul se deschide<br \/>\n\u00een doua lumi<br \/>\n\u015fi din fiecare lume<br \/>\nayla<br \/>\nm\u0103 prime\u015fte \u00een<br \/>\nbra\u0163ele ei<br \/>\ntransformate \u00een<br \/>\ndoi \u00eengeri<br \/>\nportocalii<\/p>\n<p align=center><img data-recalc-dims=\"1\" decoding=\"async\" src=\"https:\/\/i0.wp.com\/i158.photobucket.com\/albums\/t103\/egophobia\/27\/vlasin\/gelu-cristina.jpg?w=812\"><br \/>[Gelu &#038; Cristina Vla\u015fin]<\/p>\n<p>***<\/p>\n<p>c\u00e2nd ayla respir\u0103<br \/>\ncealalt\u0103 ayla<br \/>\ndin respira\u0163ia aylei<br \/>\nare un sunet ciudat<br \/>\nca un bongos<br \/>\nde chaparro nepalez<br \/>\n\u00eentr-un \u00eenceput ritualic<br \/>\nal \u00eemperecherii<br \/>\nascult respira\u0163ia aylei<br \/>\n\u015fi m\u0103 pregatesc<br \/>\npentru ultimul dans<br \/>\nini\u0163iatic<br \/>\nc\u0103l\u0103torindu-m\u0103 apoi<br \/>\n\u00eenspre o alt\u0103<br \/>\ndimensiune<br \/>\na zborului<\/p>\n<p align=center><img data-recalc-dims=\"1\" decoding=\"async\" src=\"https:\/\/i0.wp.com\/i158.photobucket.com\/albums\/t103\/egophobia\/27\/vlasin\/gelu-cu-darius.jpg?w=812\"><br \/>[Gelu &#038; Darius Andrei Vla\u015fin]<\/p>\n<p>***<\/p>\n<p>ayla nu-mi \u00een\u0163elege<br \/>\nacum<br \/>\nnelini\u015ftirile<br \/>\nadulmec\u0103 buc\u0103\u0163i<br \/>\nde aer hibernal<br \/>\n\u015fi r\u0103t\u0103ce\u015fte<br \/>\nademenitoare<br \/>\npe str\u0103du\u0163ele<br \/>\nunui ora\u015f medieval<br \/>\ncu miresme iberice<br \/>\n\u00een somnul aylei<br \/>\nau \u00eenceput s\u0103<br \/>\nlocuiasc\u0103<br \/>\nni\u015fte insecte<br \/>\nnecunoscute<br \/>\nviu colorate<br \/>\n\u015fi foarte zgomotoase<br \/>\nc\u00e2nd ayla<br \/>\nse treze\u015fte<br \/>\ninsectele se transform\u0103<br \/>\n\u00een lumini\u0163e juc\u0103u\u015fe<br \/>\n\u015fi se lipesc<br \/>\ndefinitiv<br \/>\npe retin\u0103 <\/p>\n<p align=center><img data-recalc-dims=\"1\" decoding=\"async\" src=\"https:\/\/i0.wp.com\/i158.photobucket.com\/albums\/t103\/egophobia\/27\/vlasin\/gelu-familie.jpg?w=812\"><br \/>[Gelu &#038; Cristina Vla\u015fin]<\/p>\n<p>***<\/p>\n<p>ayla ayla<br \/>\nc\u00e2nd z\u00e2mbe\u015fti<br \/>\nm\u0103 cutremur\u0103<br \/>\nz\u00e2mbetul t\u0103u<br \/>\nc\u00e2nd ascul\u0163i<br \/>\nf\u00e2lf\u00e2it<br \/>\nde aripi<br \/>\naripile mele<br \/>\n\u00eencep s\u0103 danseze<br \/>\ndesperecheate<br \/>\niar c\u00e2nd vorbe\u015fti<br \/>\nam senza\u0163ia<br \/>\nc\u0103 aerul<br \/>\ndin jurul t\u0103u<br \/>\ndevine irespirabil<br \/>\ne un altfel<br \/>\nde sim\u0163ire cu tine<br \/>\nun zbor continuu<br \/>\n\u00eenspre lume<br \/>\no f\u0103r\u00e2m\u0103 de g\u00e2nd<br \/>\naducatoare<br \/>\nde tr\u0103iri adevarate<br \/>\nun spa\u0163iu rotund<br \/>\n\u00een care vie\u0163uiesc<br \/>\ntoate minunile lumii<br \/>\nla un loc<\/p>\n<p align=center><img data-recalc-dims=\"1\" decoding=\"async\" src=\"https:\/\/i0.wp.com\/i158.photobucket.com\/albums\/t103\/egophobia\/27\/vlasin\/familia-cristina-darius-andrei.jpg?w=812\"><br \/>[Cristina &#038; Darius Andrei Vla\u015fin]<\/p>\n<p>***<\/p>\n<p>a\u015f vrea s\u0103 te simt<br \/>\n\u015fi mai aproape<br \/>\nayla<br \/>\ns\u0103-mi a\u015ftern un s\u0103rut<br \/>\npe umarul t\u0103u gol<br \/>\n\u015fi s\u0103-\u0163i ascult<br \/>\nvibra\u0163ia epidermei<br \/>\nc\u00e2ntecul acela<br \/>\nat\u00e2t de mult c\u0103utat<br \/>\nbuzele mele<br \/>\ns\u0103-\u0163i rosteasc\u0103<br \/>\no chemare tantric\u0103<br \/>\n\u015fi degetele<br \/>\ns\u0103 danseze desc\u0103tu\u015fate<br \/>\n\u00een ritmuri malteze<br \/>\nmi-e cam dor de tine<br \/>\nayla<br \/>\n\u015fi de clinchetul<br \/>\nzburdalnic<br \/>\nal glasului t\u0103u<br \/>\namestecat \u00een miresme<br \/>\nde p\u0103duri tropicale<br \/>\n\u015fi arom\u0103 de iarb\u0103<br \/>\nproasp\u0103t cosit\u0103<br \/>\ndin parcul aluche<\/p>\n<p align=center><img data-recalc-dims=\"1\" decoding=\"async\" src=\"https:\/\/i0.wp.com\/i158.photobucket.com\/albums\/t103\/egophobia\/27\/vlasin\/darius-mic-de-tot.jpg?w=812\"><br \/>[Gelu &#038; Darius Andrei Vla\u015fin]<\/p>\n<p>***<\/p>\n<p>ast\u0103zi ayla<br \/>\nm\u0103 intristeaz\u0103<br \/>\npentru c\u0103 ast\u0103zi<br \/>\nst\u0103 a\u015fezat\u0103<br \/>\npe genunchii mei<br \/>\n\u015fi prive\u015fte<br \/>\nun tablou de tiziano<br \/>\ncred c\u0103 ayla<br \/>\npicteaz\u0103<br \/>\ncu ochii deschi\u015fi<br \/>\n\u015fi c\u00e2nd ayla<br \/>\npicteaz\u0103<br \/>\nlumea se transform\u0103<br \/>\n\u00eentr-un s\u00e2mbure<br \/>\nde cais\u0103 putred\u0103<br \/>\niar c\u00e2nd ochii<br \/>\naylei<br \/>\n\u00eencep s\u0103 se mi\u015fte<br \/>\no lume \u00eentreag\u0103<br \/>\ndanseaz\u0103<br \/>\natunci triste\u0163ea<br \/>\nlumii<br \/>\nm\u0103 inv\u0103luie<br \/>\nca o meduz\u0103 \u00eenaripat\u0103<br \/>\ndeci c\u00e2nd ayla<br \/>\npicteaz\u0103<br \/>\nsimt cum zborul meu<br \/>\n\u00eencepe s\u0103 curg\u0103<br \/>\nprin lume<\/p>\n<p align=center><img data-recalc-dims=\"1\" decoding=\"async\" src=\"https:\/\/i0.wp.com\/i158.photobucket.com\/albums\/t103\/egophobia\/27\/vlasin\/darius-andrei-vlasin.jpg?w=812\"><br \/>[Gelu &#038; Darius Andrei Vla\u015fin]<\/p>\n<p>***<\/p>\n<p>c\u00e2nd m\u0103 cert<br \/>\ncu ayla<br \/>\nparc\u0103 se coboar\u0103<br \/>\nni\u015fte fluturi galbeni<br \/>\ndin turnul de filde\u015f<br \/>\na lui tintoretto<br \/>\nfluturii se a\u015feaz\u0103<br \/>\nr\u00e2nd pe r\u00e2nd<br \/>\n\u00eentr-un cerc imaginar<br \/>\n\u00een care ayla<br \/>\ndoarme complet goal\u0103<br \/>\ns\u00e2nii ei<br \/>\nca dou\u0103 lebede albe<br \/>\nse zbat<br \/>\n\u00een lumina dimine\u0163ii<br \/>\ncare-o s\u0103 vin\u0103<br \/>\nc\u00e2nd m\u0103 cert cu ayla<br \/>\ncuvintele mele<br \/>\nprin gura ei r\u0103bufnesc<br \/>\n\u015fi din r\u0103bufnirea asta<br \/>\no alt\u0103 respira\u0163ie proasp\u0103t\u0103<br \/>\ni\u015fi ia zborul<br \/>\nspre lume<\/p>\n<p align=center><img data-recalc-dims=\"1\" decoding=\"async\" src=\"https:\/\/i0.wp.com\/i158.photobucket.com\/albums\/t103\/egophobia\/27\/vlasin\/fuengirola-spania.jpg?w=812\"><br \/>[Gelu Vla\u015fin @ Fuengirola]<\/p>\n<p>***<\/p>\n<p>c\u00e2nd ayla<br \/>\nse simte<br \/>\n\u00eengrozitor de frumoas\u0103<br \/>\natunci lumea devine<br \/>\nun absint verzui<br \/>\ncu arom\u0103<br \/>\nde m\u0103r portocaliu<br \/>\nne contopim<br \/>\n\u00eentr-un \u0163ip\u0103t \u00eencruci\u015fat<br \/>\nprintre stafide<br \/>\njamon \u015fi m\u0103sline<br \/>\nrostogolite<br \/>\n\u00eentr-un vis<br \/>\npe o fa\u0163\u0103 de mas\u0103<br \/>\n\u00eencrustat\u0103<br \/>\ncu poeme nepieritoare<br \/>\nayla picteaz\u0103<br \/>\nexuberant\u0103<br \/>\npe un evantai<br \/>\n\u00een form\u0103 de sabie<br \/>\ntoledan\u0103<br \/>\n\u00een timp ce istymo<br \/>\nazv\u00e2rle s\u0103ge\u0163i<br \/>\nocrotitoare<br \/>\n\u00eenspre acele<br \/>\npuncte cardinale<br \/>\ndin care au disp\u0103rut<br \/>\n\u00een\u0103l\u0163\u0103rile<\/p>\n<p align=center><img data-recalc-dims=\"1\" decoding=\"async\" src=\"https:\/\/i0.wp.com\/i158.photobucket.com\/albums\/t103\/egophobia\/27\/vlasin\/gelu-si-cristina-vlasin.jpg?w=812\"><br \/>[Gelu &#038; Cristina Vla\u015fin]<\/p>\n","protected":false},"excerpt":{"rendered":"<p>de Gelu Vla&#351;in *** c\u00e2nd fac dragoste ayla se ascunde printre ni\u015fte degete \u00een form\u0103 de plante carnivore devine un fel de pas\u0103re a\u015fezat\u0103 \u00een mijlocul unui cerc multicolor mijlocul ei din mijlocul cercului este mijlocul lumii de acolo \u0163ip\u0103tul ei m\u0103 imbr\u0103\u0163i\u015feaz\u0103 c\u00e2nd fac dragoste simt deasupra lumii un altfel de cer<\/p>\n","protected":false},"author":2,"featured_media":0,"comment_status":"open","ping_status":"open","sticky":false,"template":"","format":"standard","meta":{"jetpack_post_was_ever_published":false,"_jetpack_newsletter_access":"","_jetpack_dont_email_post_to_subs":false,"_jetpack_newsletter_tier_id":0,"_jetpack_memberships_contains_paywalled_content":false,"_jetpack_memberships_contains_paid_content":false,"footnotes":""},"categories":[585,125],"tags":[1149,609,1129],"class_list":["post-5056","post","type-post","status-publish","format-standard","hentry","category-egophobia-27","category-invitat","tag-egophobia-27","tag-gelu-vlasin","tag-invitat"],"jetpack_featured_media_url":"","jetpack_sharing_enabled":true,"jetpack_shortlink":"https:\/\/wp.me\/p6DakB-1jy","_links":{"self":[{"href":"https:\/\/egophobia.ro\/index.php?rest_route=\/wp\/v2\/posts\/5056","targetHints":{"allow":["GET"]}}],"collection":[{"href":"https:\/\/egophobia.ro\/index.php?rest_route=\/wp\/v2\/posts"}],"about":[{"href":"https:\/\/egophobia.ro\/index.php?rest_route=\/wp\/v2\/types\/post"}],"author":[{"embeddable":true,"href":"https:\/\/egophobia.ro\/index.php?rest_route=\/wp\/v2\/users\/2"}],"replies":[{"embeddable":true,"href":"https:\/\/egophobia.ro\/index.php?rest_route=%2Fwp%2Fv2%2Fcomments&post=5056"}],"version-history":[{"count":5,"href":"https:\/\/egophobia.ro\/index.php?rest_route=\/wp\/v2\/posts\/5056\/revisions"}],"predecessor-version":[{"id":5223,"href":"https:\/\/egophobia.ro\/index.php?rest_route=\/wp\/v2\/posts\/5056\/revisions\/5223"}],"wp:attachment":[{"href":"https:\/\/egophobia.ro\/index.php?rest_route=%2Fwp%2Fv2%2Fmedia&parent=5056"}],"wp:term":[{"taxonomy":"category","embeddable":true,"href":"https:\/\/egophobia.ro\/index.php?rest_route=%2Fwp%2Fv2%2Fcategories&post=5056"},{"taxonomy":"post_tag","embeddable":true,"href":"https:\/\/egophobia.ro\/index.php?rest_route=%2Fwp%2Fv2%2Ftags&post=5056"}],"curies":[{"name":"wp","href":"https:\/\/api.w.org\/{rel}","templated":true}]}}