{"id":5061,"date":"2010-06-15T22:16:36","date_gmt":"2010-06-15T20:16:36","guid":{"rendered":"http:\/\/egophobia.ro\/?p=5061"},"modified":"2010-07-03T15:45:14","modified_gmt":"2010-07-03T13:45:14","slug":"depresii-fobii-amnezii","status":"publish","type":"post","link":"https:\/\/egophobia.ro\/?p=5061","title":{"rendered":"Depresii, fobii, amnezii"},"content":{"rendered":"<p><strong>[Gelu Vla\u015fin &#8211; <em>Tratat la psihiatrie<\/em>, Editura Vinea, Bucure\u015fti, 1999, Editura Liternet, 2006]<\/strong><\/p>\n<p style=\"text-align: right;\">de Cristina Nemerovschi<\/p>\n<p style=\"text-align: right;\">Motto: \u201c<em>eu\/n-o s\u0103 mai fac\/poze voalate cu\/vie\u0163ile tale\/triste \u015fi tu\/n-o s\u0103\/mai fii\/alb\u0103 ca z\u0103pada pentru\/piticii mei<\/em>\u201d [Gelu Vla\u015fin, <em>acromegalie, tratat la psihiatrie<\/em>]<\/p>\n<p align=justify><em>Tratat la psihiatrie<\/em>, volumul de debut al poetului Gelu Vla\u015fin, s-a intitulat ini\u0163ial <em>Tratat de psihiatrie<\/em> \u015fi, dup\u0103 cum m\u0103rturise\u015fte autorul, a fost o trecere \u00een revist\u0103 a unor simptome de boli psihice de care t\u00e2n\u0103rul poet era convins c\u0103 sufer\u0103, la acea vreme. Volumul \u00ee\u015fi poart\u0103 lectorul prin intimitatea unor senza\u0163ii stranii \u015fi puternice care, pentru un neini\u0163iat, pot fi deprimante sau chiar \u00eenfrico\u015f\u0103toare prin \u00eendep\u0103rtarea lor de explicabilul, ra\u0163ionalul \u015fi normalul cu care acesta se \u00eent\u00e2lne\u015fte \u00een experien\u0163ele sale cotidiene \u015fi mai ales printr-o spargere a acestor senza\u0163ii, printr-o discontinuitate care, \u00eentrerup\u00e2nd \u015firul firesc al curgerii, scoate la iveal\u0103 asocieri mai rar \u00eent\u00e2lnite. C\u00e2nd este vorba de poezie \u00eens\u0103, normalitatea \u015fi nebunia conspir\u0103 la relativizarea grani\u0163ei dintre ele, f\u0103c\u00e2nd schimb de senza\u0163ii asemeni unor vechi prieteni care se \u00eent\u00e2lnesc la un p\u0103h\u0103rel \u015fi \u00ee\u015fi deap\u0103n\u0103 ultimele \u00eent\u00e2mpl\u0103ri \u015fi g\u00e2nduri. Dac\u0103 simptomele enumerate \u015fi intens poetizate (\u00een sensul bun al termenului) de Vla\u015fin \u00een <em>Tratat la psihiatrie <\/em>ar trebui s\u0103 aib\u0103 \u015fi o coloan\u0103 sonor\u0103, aceasta ar fi, f\u0103r\u0103-ndoial\u0103, un blues monoton, repetitiv, colorat \u00een mov sau poate gri.<!--more--><\/p>\n<p align=center><img data-recalc-dims=\"1\" decoding=\"async\" src=\"https:\/\/i0.wp.com\/i158.photobucket.com\/albums\/t103\/egophobia\/27\/vlasin\/vlasin-manasia-komartin-grosan.jpg?w=812\"><br \/>[Gelu Vla\u015fin, &#350;tefan Manasia, Claudiu Komartin, Ioan Gro&#351;an]<\/p>\n<p align=justify>Volumul de debut al lui Vla\u015fin penduleaz\u0103 \u00eentre triste\u0163i \u015fi nostalgii, pe de o parte (<em>tu nu mai e<\/em><em>\u015fti simplista\/care-mi tulbur\u0103 ochiul \u00eengust\/\u015fi decorul absent c\u00e2nd\/lumea dansez\u0103<\/em> [\u2026] <em>\u015fi nici\/femeia fatal\u0103\/confundat\u0103 cu o t\u00e2rf\u0103 de\/cartier m\u0103rgina\u015f<\/em> [\u2026] <em>\u015fi nu pot\/s\u0103 te simt\/aproape c\u00e2nd\/tu nu mai e\u015fti<\/em> ; <em>de la etaj\/prive\u015fti\/raftul de praf \u015fi\/zilele care-au fost<\/em>)<em>,<\/em> dar trec\u00e2nd \u015fi prin pasaje u\u015for ironice \u015fi autoironice sau, pur \u015fi simplu, prin \u00eenregistrarea unor fapte aparent banale care \u00eens\u0103, pentru cel ce le tr\u0103ie\u015fte, poart\u0103 o grea semnifica\u0163ie afectiv\u0103: <em>vin fiert \u00een\/so what c\u00e2nd\/arina dansa din\/priviri cu\/barmanul b\u0103rbos \u015fi\/boem ca\/un st\u00e2lp de\/beton<\/em> sau <em>la tineretului\/noaptea t\u00e2rziu\/sunt flori strecurate\/l\u00e2ng\u0103\/u\u015fi prea bine\/p\u0103zite c\u00e2nd\/liftul stratific\u0103\/\u00eentre etaje\/nuga \u015fi cocos<\/em>.<\/p>\n<p align=justify>\nEste interesant cum, de\u015fi \u00ee\u015fi poart\u0103 cititorul prin \u00eentregul registru al tulbur\u0103rilor psihice (probabil c\u0103 toate cele descrise de autor se reg\u0103sesc \u00eentr-un veritabil tratat de pshiatrie), feeling-ul volumului p\u0103streaz\u0103 aceea\u015fi culoare, palid\u0103 \u015fi calm\u0103, ce d\u0103 senza\u0163ia unei alien\u0103ri \u00een timp ce \u00ee\u0163i contempli trecutul care a fost \u015fi nu mai este, al lucrurilor care, de\u015fi au r\u0103mas acolo unde au fost totdeauna, nu-\u0163i mai ofer\u0103 ceea ce-\u0163i oferiser\u0103 c\u00e2ndva. \u00cen poeziile lui Vla\u015fin din <em>Tratat la psihiatrie <\/em>nu exist\u0103 revolt\u0103; tonul poemelor r\u0103m\u00e2ne trist \u015fi reflexiv de la un cap\u0103t la altul, vorbind despre o resemnare tocmai \u00een fa\u0163a acestor lucruri care \u00ee\u015fi pierd tot ceea ce le-a f\u0103cut s\u0103 \u00eensemne mai mult dec\u00e2t \u00eenseamn\u0103 ele de fapt. Autorul are un mod aparte de a exprima triste\u0163ile din care se nasc cele 13 depresii la care ne face p\u0103rta\u015f: <em>nebunul\/alearg\u0103\/prin sufrageriile\/tale\/cu vin alb \u015fi\/covrigi calzi\/pe balustrada\/unde\/ firimiturile\/s-au \u00eempr\u0103\u015ftiat\/\u00een noaptea-n care\/trebuia s\u0103-mi\/cunosc destinul<\/em> [\u2026] <em>muzic\u0103\/italian\u0103 la radio\/contact \u015fi\/fantoma care-\u0163i\/agreseaz\u0103 uneori\/patul \u00eengust\/c\u00e2nd nebuniadin\/ochiul t\u0103u st\u00e2ng\/doarme <\/em>sau<em> <\/em><em>dar eu\/\u015ftiu c\u0103\/tu e\u015fti\/un co\u015fmar dintr-un vis\/de mul\u0163i ani\/r\u0103t\u0103cit\/\u00eentr-o groap\u0103\/comun\u0103<\/em>.<\/p>\n<p align=justify>\nDin poemele <em>Tratatului<\/em> se desprinde, pe l\u00e2ng\u0103 triste\u0163e \u015fi nostalgie, o familiaritate \u015fi o simplitate a modului \u00een care poetul \u00ee\u015fi prive\u015fte \u015fi descrie tr\u0103irile. Dotat cu o ad\u00e2nc\u0103 \u2013 \u015fi probabil uneori chinuitoare \u2013 aplecare c\u0103tre introspec\u0163ie, poetul se raporteaz\u0103 firesc la tr\u0103irile sale, de orice natur\u0103 ar fi acestea: <em>tu\/ prive\u015fti cu\/ un ochi care\/ r\u00e2de stupid \u015fi \u00een\/ m\u00e2n\u0103-\u0163i cre\u015fte\/o\/s\u0103m\u00e2n\u0163\u0103 de\/cactus ce-mi\/str\u0103punge\/venele \u015fi\/stomacul\/vagon de\/dormit c\u00e2nd\/prive\u015fti\/pe fereastra dement\u0103\/ziua ce n-o s\u0103\/mai fie<\/em>. Surprinde familiaritatea autorului cu sentimentele sale, cu \u00eent\u00e2mpl\u0103rile care le poten\u0163eaz\u0103, cu decorul auditiv peste care se petrec, \u015fi nu \u00een ultimul r\u00e2nd firescul cu care Vla\u015fin introduce personajele poemelor \u00een scen\u0103. Facilitatea cu care pare s\u0103 se exprime t\u00e2n\u0103rul autor captiveaz\u0103, \u015fi \u00eel face cu u\u015furin\u0163\u0103 pe cititor s\u0103 ia parte la toate \u201ctulbur\u0103rile psihice\u201d prezente \u015fi prezentate aici. Nu e nimic for\u0163at \u00een versurile sale, iar acest sentiment pare s\u0103 ne spun\u0103 c\u0103 a\u015fse insinueaz\u0103 nebunia, tocmai lipindu-se de firescul vie\u0163ii noastre, proiect\u00e2ndu-se pe normalitate \u015fi \u00een final \u00eenfu\u00e2nd-o lacom, f\u0103r\u0103 avertismente \u015fi artificii care s\u0103 ne distrag\u0103 aten\u0163ia de la lumea prin care trecem \u00een fiecare clip\u0103.<\/p>\n<p align=justify>\nIdeile care vor deveni mai t\u00e2rziu un fel de <em>ars poetica<\/em>, crezul artistic al poetului, pot fi surprinse \u00een forma lor primar\u0103 \u00een acest volum. Poezia se na\u015fte numai din tr\u0103iri, ea nu este o construc\u0163ie premeditat\u0103 \u015fi tributar\u0103 exclusiv mataforelor \u015fi artificiilor lingvistice, este de p\u0103rere Vla\u015fin, iar firescul curgerii poemelor din <em>Tratat la psihiatrie<\/em> spune chiar acest lucru. De asemenea, ideea c\u0103 o poezie \u00ee\u015fi transmite cu at\u00e2t mai bine starea care i-a dat na\u015ftere dac\u0103 este \u00eenso\u021bit\u0103 de imagini \u015fi sunet este la r\u00e2ndul ei prezent\u0103 \u00een volum.<\/p>\n<p align=justify>\nPoezia volumului de debut al autorului este \u015fi o poezie a culorii: <em>s\u0103 <\/em><em>respiri\/proasp\u0103t cu\/ochii mari bolnavi de\/mirare \u015fi\/unghiile vopsite \u00een\/alb \u015fi spa\u0163iile\/neclare dintre\/liniile\/delicate ale\/spr\u00e2ncenelor c\u00e2nd\/nasul t\u0103u roz\/preveste\u015fte z\u0103pada<\/em> sau de pild\u0103 <em>minciuna\/ cu p\u00e2nze pictate \u00een mov<\/em> \u00eentregesc tabloul deopotriv\u0103 firesc dar \u015fi straniu pe care \u00eel picteaz\u0103 Vla\u015fin.<\/p>\n<p align=justify>\nDac\u0103 \u00een volumele ce urmeaz\u0103 <em>Tratatului la psihiatrie<\/em>, Gelu Vla\u015fin va analiza fa\u0163etele unor alte tr\u0103iri, la fel de intense \u015fi esen\u0163iale, cum ar fi moartea sau dragostea, primul volum de versuri poate fi privit ca un repertoriu dedicat nebuniei, \u00een diferite forme de manifestare ale sale. A\u015fa cum remarca Paul Cernat, poeziile lui Vla\u015fin din volumul de debut au un \u201ccaracter monocord\u201d \u015fi cred c\u0103 acesta este meritul autorului de a fi surprins exact esen\u0163a acestei st\u0103ri fascinante asupra c\u0103reia se apleac\u0103.<\/p>\n<p align=center><img data-recalc-dims=\"1\" decoding=\"async\" src=\"https:\/\/i0.wp.com\/i158.photobucket.com\/albums\/t103\/egophobia\/27\/vlasin\/vlasin-komartin2.jpg?w=812\"><br \/>[Gelu Vla\u015fin &#038; Claudiu Komartin]<\/p>\n<p align=justify>\nNu lipse\u015fte, din poeziile incluse \u00een volumul de debut al lui Vla\u015fin, nici sentimentul care este \u00een definitiv mai pregnant\u0103 marc\u0103 a instal\u0103rii unei anumite st\u0103ri rupt\u0103 de normalul cotidian \u2013 acel moment \u00een care prive\u015fti lucrurile familiare \u015fi \u00ee\u0163i par str\u0103ine, sentimentul c\u0103 tot ceea ce \u00ee\u0163i era cunoscut s-a evaporat \u00eentr-o clip\u0103 din ele: <em>iat\u0103\/ ziua\/ c\u00e2nd nu privesc prin\/ gaura cheii\/ cuv\u00e2ntul care\/ mu\u015fc\u0103 din\/ creierul\/ t\u0103u<\/em>. Oglinda este un obiect prezent \u00een <em>Tratat la psihiatrie<\/em>, ea fiind acel semnal al ruperii de tine \u00eensu\u0163i, leitmotivul clipei \u00een care te prive\u015fti \u015fi nu te mai recuno\u015fti: <em>am\/ <\/em><em>dou\u0103 oglinzi care\/ strig\u0103 din\/ baie\/chipul t\u0103u gri<\/em>. Nu trebuie ignorat\u0103 nici melodicitatea special\u0103 dat\u0103 de versurile scurte, fragmentate, care par s\u0103 spun\u0103 c\u0103, \u00eentr-un anume moment, liniarul s-a destr\u0103mat iar via\u0163a nu mai poate fi tr\u0103it\u0103 dec\u00e2t reflectat\u0103 \u00een aceste cioburi desprinse din ceva ce a fost odat\u0103 un \u00eentreg.<\/p>\n","protected":false},"excerpt":{"rendered":"<p>[Gelu Vla\u015fin &#8211; Tratat la psihiatrie, Editura Vinea, Bucure\u015fti, 1999, Editura Liternet, 2006] de Cristina Nemerovschi Motto: \u201ceu\/n-o s\u0103 mai fac\/poze voalate cu\/vie\u0163ile tale\/triste \u015fi tu\/n-o s\u0103\/mai fii\/alb\u0103 ca z\u0103pada pentru\/piticii mei\u201d [Gelu Vla\u015fin, acromegalie, tratat la psihiatrie] Tratat la psihiatrie, volumul de debut al poetului Gelu Vla\u015fin, s-a intitulat ini\u0163ial Tratat de psihiatrie \u015fi, [&hellip;]<\/p>\n","protected":false},"author":2,"featured_media":0,"comment_status":"open","ping_status":"open","sticky":false,"template":"","format":"standard","meta":{"jetpack_post_was_ever_published":false,"_jetpack_newsletter_access":"","_jetpack_dont_email_post_to_subs":false,"_jetpack_newsletter_tier_id":0,"_jetpack_memberships_contains_paywalled_content":false,"_jetpack_memberships_contains_paid_content":false,"footnotes":""},"categories":[585,125],"tags":[516,1149,609,1129],"class_list":["post-5061","post","type-post","status-publish","format-standard","hentry","category-egophobia-27","category-invitat","tag-cristina-nemerovschi","tag-egophobia-27","tag-gelu-vlasin","tag-invitat"],"jetpack_featured_media_url":"","jetpack_sharing_enabled":true,"jetpack_shortlink":"https:\/\/wp.me\/p6DakB-1jD","_links":{"self":[{"href":"https:\/\/egophobia.ro\/index.php?rest_route=\/wp\/v2\/posts\/5061","targetHints":{"allow":["GET"]}}],"collection":[{"href":"https:\/\/egophobia.ro\/index.php?rest_route=\/wp\/v2\/posts"}],"about":[{"href":"https:\/\/egophobia.ro\/index.php?rest_route=\/wp\/v2\/types\/post"}],"author":[{"embeddable":true,"href":"https:\/\/egophobia.ro\/index.php?rest_route=\/wp\/v2\/users\/2"}],"replies":[{"embeddable":true,"href":"https:\/\/egophobia.ro\/index.php?rest_route=%2Fwp%2Fv2%2Fcomments&post=5061"}],"version-history":[{"count":7,"href":"https:\/\/egophobia.ro\/index.php?rest_route=\/wp\/v2\/posts\/5061\/revisions"}],"predecessor-version":[{"id":5233,"href":"https:\/\/egophobia.ro\/index.php?rest_route=\/wp\/v2\/posts\/5061\/revisions\/5233"}],"wp:attachment":[{"href":"https:\/\/egophobia.ro\/index.php?rest_route=%2Fwp%2Fv2%2Fmedia&parent=5061"}],"wp:term":[{"taxonomy":"category","embeddable":true,"href":"https:\/\/egophobia.ro\/index.php?rest_route=%2Fwp%2Fv2%2Fcategories&post=5061"},{"taxonomy":"post_tag","embeddable":true,"href":"https:\/\/egophobia.ro\/index.php?rest_route=%2Fwp%2Fv2%2Ftags&post=5061"}],"curies":[{"name":"wp","href":"https:\/\/api.w.org\/{rel}","templated":true}]}}