{"id":5359,"date":"2010-09-18T10:20:20","date_gmt":"2010-09-18T08:20:20","guid":{"rendered":"http:\/\/egophobia.ro\/?p=5359"},"modified":"2010-09-18T10:20:20","modified_gmt":"2010-09-18T08:20:20","slug":"avva-anonymous","status":"publish","type":"post","link":"https:\/\/egophobia.ro\/?p=5359","title":{"rendered":"Avva Anonymous"},"content":{"rendered":"<p align=right>de Bogdan Mure\u015fanu<\/p>\n<p align=justify>\nNu s-a p\u0103strat nici o \u015ftire despre anul intr\u0103rii sale \u00een lume ori despre ceasul binecuvantat al str\u0103mut\u0103rii sale la ceruri. N-a r\u0103mas vreo veste nici despre via\u0163a lui ca schimnic in pustiul Tebaidei unde si-a petrecut via\u0163a numai \u00een post \u015fi rug\u0103ciune. Minunile sale, nenum\u0103rate cate or fi fost, le-a \u00eenf\u0103ptuit \u00een cea mai tainic\u0103 sih\u0103strie, astfel \u00eencat s\u0103 nu li se duc\u0103 vestea \u015fi, odat\u0103 cu ea, smeritul avva Anonymos, sl\u0103vit s\u0103-I fie numele necunoscut!, s\u0103 nu se lase ispitit de \u00een\u015fel\u0103ciunile faimei \u015fi ale slavei de\u015farte de care s-ar fi putut bucura. Acest evlavios pustinic nu s-a l\u0103sat ademenit sub nici un chip de mangaierile marunte ale traiului vremelnic, ci a c\u0103utat necontenit desf\u0103t\u0103rile vie\u0163ii ve\u015fnice pe care le-a n\u0103d\u0103jduit cu bun\u0103 credin\u0163\u0103. S-a \u00eenfranat de la toate cele lume\u015fti chiar \u015fi de la traiul zilnic \u00een aceast\u0103 Vale a Plangerii, nevrand sa fie b\u0103nuit c\u0103 aflarea sa pe p\u0103mant, lipsit de chipul Domnului, l-ar fi \u00eendestulat \u00een vreun fel pe el, cel \u00eensetat \u015fi \u00eenfometat doar de cele ve\u015fnice. Altminteri, avva Anonymos nu era nici \u00eenalt de statur\u0103, nici scund, iar \u00een privin\u0163a firii sale, putem s\u0103 ne \u00eenchipuim, atat cat ne poate servi inchipuirea \u00eentr-o asemenea pricin\u0103, c\u0103 era mai curand t\u0103cut decat guraliv. Nu se \u00eencredea mai mult \u00een sim\u0163ire decat \u00een ra\u0163iune, \u00eens\u0103 nici nu pre\u0163uia cugetul mai presus decat inima. <!--more-->Fa\u0163\u0103 de sine n-a dovedit o blande\u0163e necump\u0103tat\u0103 \u015fi se pare c\u0103 nici fa\u0163\u0103 de ceilal\u0163i n-a ar\u0103tat o severitate nem\u0103rginit\u0103. Drept pild\u0103, \u00een anul 403 cand eu, Paladie, cel ce v\u0103 \u00eenf\u0103\u0163i\u015feaz\u0103 aceste mantuitoare amintiri pentru suflet, am fost chemat la sinodul din Chercia de \u00eensu\u015fi Teofil din Alexandria pentru a m\u0103 dezice de \u00eenv\u0103\u0163\u0103turile Sfantului Ioan Gur\u0103 de Aur, avva Anonymos \u015fi-a rostit p\u0103rerea \u00een limba \u00eengerilor, adic\u0103telea a t\u0103cut de oriunde s-ar fi aflat estimp. Nu mi-a \u0163inut partea, dar nici nu s-a ar\u0103tat potrivnic. Nici m\u0103car n-a dezv\u0103luit \u00een vreun chip c\u0103 s-ar mai afla pe p\u0103mant \u015fi bine a socotit astfel, pentru c\u0103 vrajba s-a stins cu vremea, iar dreapta lui judecat\u0103 \u00een aceea privin\u0163\u0103, de\u015fi ne\u015ftiut\u0103 de nimeni, a r\u0103mas nesmintit\u0103 de trec\u0103toarele noastre g\u00e2lcevi.<\/p>\n<p align=justify>\nCu adev\u0103rat, avva Anonymos se sf\u0103dea numai cu vremelnica sa \u00eentrupare, iar tot restul nu-l atingea catusi de pu\u0163in. Tocmai aici g\u0103sesc c\u0103 se afl\u0103 miezul ne\u015ftiutei sale \u00een\u0163elepciuni.  Oricat de pu\u0163ine \u015ftiri am avea despre avva Anonymos, ignoran\u0163ii ar spune c\u0103 mai nimic, tot s-au aflat cateva d\u0103ri de seam\u0103 despre cuget\u0103rile sale. Sunt ca\u0163iva monahi care sus\u0163in c\u0103 \u00een ultima parte a vie\u0163ii sale, Anonymos avea de gand s\u0103 \u00ee\u015fi adune \u00eenv\u0103\u0163\u0103turile \u00eentr-un Tratat despre contempla\u0163ie sau Theoretikon. Nu \u015ftim dac\u0103 a izbutit pentru c\u0103 la noi nu a ajuns nimic din magnifica lucrare, dar se poate c\u0103 tocmai aceast\u0103 t\u0103cere universal\u0103 s\u0103 fi fost vrerea lui Anonymos. C\u0103ci nu t\u0103ceea curat\u0103 este t\u0103lmaciul contempla\u0163iei la cele ve\u015fnice? Iar el \u015fi-a \u00eenve\u015fmantat traiul \u00een mu\u0163enie, ne\u015ftiut de nimeni dintre oameni, ci doar de \u00eengeri. Sunt ca\u0163iva chiar \u015fi printre noi care sunt de p\u0103rere c\u0103 avva Anonymos nici n-ar fi existat vreodat\u0103, iar acestori def\u0103im\u0103tori le r\u0103spund: oare pentru c\u0103 \u015ftim prea pu\u0163ine despre Cel Ve\u015fnic \u015fi de Necuprins, trebui s\u0103 ne \u00eendoim de existen\u0163a Lui? Mai curand este nevoie s\u0103 ne \u00eendoim de putin\u0163a noastr\u0103 de \u00een\u0163elegere. Dup\u0103 cum spune Apostolul Pavel \u00een Epistola sa c\u0103tre Corinteni: \u201cc\u0103 a auzit cuvinte cari nu se pot spune \u015fi pe cari nu-I este \u00eeng\u0103duit unui om s\u0103 le rosteasc\u0103\u201d, la fel socot \u015fi eu c\u0103 avva Anonymos ar fi sfa\u015fiat t\u0103cerea dimprejurul s\u0103u dac\u0103 i-ar fi fost \u00eeng\u0103duit. Sl\u0103vit s\u0103-i fie numele necunoscut! <\/p>\n","protected":false},"excerpt":{"rendered":"<p>de Bogdan Mure\u015fanu Nu s-a p\u0103strat nici o \u015ftire despre anul intr\u0103rii sale \u00een lume ori despre ceasul binecuvantat al str\u0103mut\u0103rii sale la ceruri. N-a r\u0103mas vreo veste nici despre via\u0163a lui ca schimnic in pustiul Tebaidei unde si-a petrecut via\u0163a numai \u00een post \u015fi rug\u0103ciune. Minunile sale, nenum\u0103rate cate or fi fost, le-a \u00eenf\u0103ptuit [&hellip;]<\/p>\n","protected":false},"author":2,"featured_media":0,"comment_status":"open","ping_status":"open","sticky":false,"template":"","format":"standard","meta":{"jetpack_post_was_ever_published":false,"_jetpack_newsletter_access":"","_jetpack_dont_email_post_to_subs":false,"_jetpack_newsletter_tier_id":0,"_jetpack_memberships_contains_paywalled_content":false,"_jetpack_memberships_contains_paid_content":false,"footnotes":""},"categories":[615,15],"tags":[509,1150,1115],"class_list":["post-5359","post","type-post","status-publish","format-standard","hentry","category-egophobia-28","category-proza","tag-bogdan-muresanu","tag-egophobia-28","tag-proza"],"jetpack_featured_media_url":"","jetpack_sharing_enabled":true,"jetpack_shortlink":"https:\/\/wp.me\/p6DakB-1or","_links":{"self":[{"href":"https:\/\/egophobia.ro\/index.php?rest_route=\/wp\/v2\/posts\/5359","targetHints":{"allow":["GET"]}}],"collection":[{"href":"https:\/\/egophobia.ro\/index.php?rest_route=\/wp\/v2\/posts"}],"about":[{"href":"https:\/\/egophobia.ro\/index.php?rest_route=\/wp\/v2\/types\/post"}],"author":[{"embeddable":true,"href":"https:\/\/egophobia.ro\/index.php?rest_route=\/wp\/v2\/users\/2"}],"replies":[{"embeddable":true,"href":"https:\/\/egophobia.ro\/index.php?rest_route=%2Fwp%2Fv2%2Fcomments&post=5359"}],"version-history":[{"count":1,"href":"https:\/\/egophobia.ro\/index.php?rest_route=\/wp\/v2\/posts\/5359\/revisions"}],"predecessor-version":[{"id":5360,"href":"https:\/\/egophobia.ro\/index.php?rest_route=\/wp\/v2\/posts\/5359\/revisions\/5360"}],"wp:attachment":[{"href":"https:\/\/egophobia.ro\/index.php?rest_route=%2Fwp%2Fv2%2Fmedia&parent=5359"}],"wp:term":[{"taxonomy":"category","embeddable":true,"href":"https:\/\/egophobia.ro\/index.php?rest_route=%2Fwp%2Fv2%2Fcategories&post=5359"},{"taxonomy":"post_tag","embeddable":true,"href":"https:\/\/egophobia.ro\/index.php?rest_route=%2Fwp%2Fv2%2Ftags&post=5359"}],"curies":[{"name":"wp","href":"https:\/\/api.w.org\/{rel}","templated":true}]}}