{"id":6388,"date":"2011-01-26T09:11:49","date_gmt":"2011-01-26T07:11:49","guid":{"rendered":"http:\/\/egophobia.ro\/?p=6388"},"modified":"2011-01-23T22:12:00","modified_gmt":"2011-01-23T20:12:00","slug":"poezii-de-ionut-radu","status":"publish","type":"post","link":"https:\/\/egophobia.ro\/?p=6388","title":{"rendered":"Poezii de Ionu\u0163 Radu"},"content":{"rendered":"<p><strong>***********<\/strong><\/p>\n<p>Simt cu inima celorlal\u0163i care am fost<br \/>\ncontinui o memorie \u00eenceput\u0103 de ei<br \/>\nt\u0103cerea lor se aude p\u00e2n\u0103 la mine<br \/>\ntac cu t\u0103cerea lor p\u00e2n\u0103 c\u00e2nd devine a mea,<br \/>\nm\u0103 \u00eembrac cu lumina na\u015fterii.<!--more--><\/p>\n<p>am fost mai mul\u0163i<br \/>\nazi pot fi altul dec\u00e2t cel de ieri<br \/>\nm\u00e2ine pot fi mai mul\u0163i<br \/>\npot fi unul<br \/>\nsau to\u0163i  \u00eempreun\u0103,<br \/>\ncontinui o genez\u0103 \u00eenceput\u0103 de ei.<\/p>\n<p>respir \u015fi pentru ei<br \/>\nau nevoie de spa\u0163iul ocupat de mine pe planeta albastr\u0103.<\/p>\n<p>l\u00e2ng\u0103 fiecare \u00eent\u00e2lnesc o genez\u0103<br \/>\no caut pe a mea.<\/p>\n<p><strong>******************<\/strong><\/p>\n<p><strong>1<\/strong><\/p>\n<p>Ploaia vrea s\u0103 coboare<br \/>\n(cineva o \u00eendeamn\u0103)<br \/>\nprive\u015fte peste margini de pas\u0103re<br \/>\ncopacii ridic\u0103 propriile sentimente<br \/>\np\u00e2n\u0103 c\u00e2nd \u00eent\u00e2lnesc mi\u015fc\u0103rile levogir.<\/p>\n<p>se aud pic\u0103turile lovindu-se de sentimente<br \/>\npic &#8230;. pic<br \/>\npic &#8230;<\/p>\n<p>pic&#8230;. pic<br \/>\nchem\u0103rile unei \u00eembr\u0103\u0163i\u015f\u0103ri<br \/>\nse aud rostogolindu-se \u00een cascade.<\/p>\n<p>apa \u00ee\u015fi trimite sufletul s\u0103-\u015fi anun\u0163e venirea<br \/>\nsunt martor al ploii<br \/>\nc\u00e2nd se love\u015fte de cuvintele nerostite<br \/>\nsufletul apei alearg\u0103<br \/>\nprintre sentimente \u015fi culori.<\/p>\n<p><strong>2<\/strong><\/p>\n<p>Mie \u00eensumi \u00eemi sunt martor<\/p>\n<p>\u00een urma apei<br \/>\nse nasc<br \/>\nr\u00e2uri curg\u00e2nd altfel dec\u00e2t vertical<\/p>\n<p>m\u0103 sp\u0103l cu sufletul apei<br \/>\n\u00eemi inund\u0103 apusurile \u015fi r\u0103s\u0103riturile<\/p>\n<p>nu \u015ftiu cine merge \u00een picioare<br \/>\npe apa din spatele ochilor mei<br \/>\nnu \u015ftiu a cui barc\u0103 s-a lovit de trupul celei de-a doua vederi<br \/>\nvaluri dintr-o mare \u015fi mai mare<br \/>\nse rostogolesc \u00een apropiere<br \/>\n\u00ee\u015fi aduc trupul pe \u0163\u0103rm<\/p>\n<p>marea din spatele ochilor<br \/>\nm-a atins cu pe\u015ftii s\u0103i<br \/>\n\u00eembr\u0103ca\u0163i \u00een galben lichid.<\/p>\n<p>valurile \u00eemping t\u0103cerea spre mine.<\/p>\n<p><strong>**********<\/strong><\/p>\n<p>Am un trup<br \/>\nmare c\u00e2t o fereastr\u0103 deschis\u0103.<\/p>\n<p>Locuiesc spa\u0163iul<br \/>\ndintre o ultim\u0103 coast\u0103<br \/>\n\u015fi marginea dinspre bunici<br \/>\na sentimentelor.<\/p>\n<p>bunicii dinspre mam\u0103<br \/>\nau desenat ferestre la marginea sentimentelor,<br \/>\nnev\u0103zutul poate fi atins cu m\u00e2na.<\/p>\n<p>nu-mi apar\u0163in sentimentele<br \/>\ndoar le las s\u0103 curg\u0103,<br \/>\nsunt parte din trupul zilei de azi<br \/>\nau fost locuite de al\u0163ii mai \u00eenainte de mine;<br \/>\nculorile lor violet<br \/>\ninventeaz\u0103 focul. <\/p>\n","protected":false},"excerpt":{"rendered":"<p>*********** Simt cu inima celorlal\u0163i care am fost continui o memorie \u00eenceput\u0103 de ei t\u0103cerea lor se aude p\u00e2n\u0103 la mine tac cu t\u0103cerea lor p\u00e2n\u0103 c\u00e2nd devine a mea, m\u0103 \u00eembrac cu lumina na\u015fterii.<\/p>\n","protected":false},"author":5,"featured_media":0,"comment_status":"open","ping_status":"open","sticky":false,"template":"","format":"standard","meta":{"jetpack_post_was_ever_published":false,"_jetpack_newsletter_access":"","_jetpack_dont_email_post_to_subs":false,"_jetpack_newsletter_tier_id":0,"_jetpack_memberships_contains_paywalled_content":false,"_jetpack_memberships_contains_paid_content":false,"footnotes":""},"categories":[704,13],"tags":[1151,705,1114],"class_list":["post-6388","post","type-post","status-publish","format-standard","hentry","category-egophobia-29-30","category-poezie","tag-egophobia-29-30","tag-ionut-radu","tag-poezie"],"jetpack_featured_media_url":"","jetpack_sharing_enabled":true,"jetpack_shortlink":"https:\/\/wp.me\/p6DakB-1F2","_links":{"self":[{"href":"https:\/\/egophobia.ro\/index.php?rest_route=\/wp\/v2\/posts\/6388","targetHints":{"allow":["GET"]}}],"collection":[{"href":"https:\/\/egophobia.ro\/index.php?rest_route=\/wp\/v2\/posts"}],"about":[{"href":"https:\/\/egophobia.ro\/index.php?rest_route=\/wp\/v2\/types\/post"}],"author":[{"embeddable":true,"href":"https:\/\/egophobia.ro\/index.php?rest_route=\/wp\/v2\/users\/5"}],"replies":[{"embeddable":true,"href":"https:\/\/egophobia.ro\/index.php?rest_route=%2Fwp%2Fv2%2Fcomments&post=6388"}],"version-history":[{"count":5,"href":"https:\/\/egophobia.ro\/index.php?rest_route=\/wp\/v2\/posts\/6388\/revisions"}],"predecessor-version":[{"id":6393,"href":"https:\/\/egophobia.ro\/index.php?rest_route=\/wp\/v2\/posts\/6388\/revisions\/6393"}],"wp:attachment":[{"href":"https:\/\/egophobia.ro\/index.php?rest_route=%2Fwp%2Fv2%2Fmedia&parent=6388"}],"wp:term":[{"taxonomy":"category","embeddable":true,"href":"https:\/\/egophobia.ro\/index.php?rest_route=%2Fwp%2Fv2%2Fcategories&post=6388"},{"taxonomy":"post_tag","embeddable":true,"href":"https:\/\/egophobia.ro\/index.php?rest_route=%2Fwp%2Fv2%2Ftags&post=6388"}],"curies":[{"name":"wp","href":"https:\/\/api.w.org\/{rel}","templated":true}]}}