{"id":6554,"date":"2011-01-15T12:13:27","date_gmt":"2011-01-15T10:13:27","guid":{"rendered":"http:\/\/egophobia.ro\/?p=6554"},"modified":"2021-09-04T11:40:47","modified_gmt":"2021-09-04T09:40:47","slug":"romanul-meu-este-o-carte-dura-care-se-adreseaza-spiritului-tanar","status":"publish","type":"post","link":"https:\/\/egophobia.ro\/?p=6554","title":{"rendered":"<i>Romanul meu este o carte dur\u0103 care se adreseaz\u0103 spiritului t\u00e2n\u0103r<\/i>"},"content":{"rendered":"<p><strong>[interviu cu <a href=\"http:\/\/egophobia.ro\/?tag=mares-lucian\">Lucian Mare\u0219<\/a>, autorul romanului <em>Jurnalul R\u0103ului<\/em>, Herg Benet Publishers, 2011]<\/strong><\/p>\n<p align=justify>\n<strong><br \/>\n1.\tAi mai publicat c\u0103r\u0163i \u015fi la alte edituri? Dac\u0103 da, ce n-a mers bine \u015fi te-a determinat s\u0103 cau\u0163i o alta?<\/strong><\/p>\n<p align=justify>\nNu am mai publicat. \u00cen primul r\u00e2nd, ca autor necunoscut, o publicare trebuie s-o faci pe banii t\u0103i, \u00een tiraj mic. Mai apoi, este problema cu distribu\u0163ia, \u015fi cu siguran\u0163\u0103 un autor nu vrea s\u0103-\u015fi prind\u0103 urechile \u00een a\u015fa ceva; iar dac\u0103 n-o face, risc\u0103 s\u0103 r\u0103m\u00e2n\u0103 cu c\u0103r\u0163ile \u00een dulap. Am \u00eenv\u0103\u0163at din experien\u0163a altor autori, de asta nu m-am interesat activ de o publicare.<!--more--><\/p>\n<p align=justify>\n<strong>2.\tCum ai ajuns s\u0103 publici la HBP? Ai fost abordat de cei de la editur\u0103 sau le-ai propus tu manuscrisul?<\/strong><\/p>\n<p align=justify>\nM-au abordat ei. Lucrarea este pe net de ceva ani buni, \u015fi a fost accesibil\u0103 tuturor. \u00cen final au ap\u0103rut cei interesa\u0163i de o publicare, lucru ce m\u0103 motiveaz\u0103, deoarece lucrarea s-a promovat singur\u0103.<\/p>\n<p align=justify>\n<strong>3. E\u015fti mul\u0163umit de cum \u0163i-a tratat editura cartea (redactare, tehnoredactare, corectur\u0103, copert\u0103, calitate h\u00e2rtie \u015fi tipar etc.) \u015fi de cum arat\u0103 aceasta?<\/strong><\/p>\n<p align=justify>\nM\u0103 voi ocupa eu de aspectele astea, deoarece am mai f\u0103cut c\u0103r\u0163i, grafic\u0103, design. \u00cen final va ie\u015fi totul ok.<\/p>\n<p align=center><img data-recalc-dims=\"1\" decoding=\"async\" src=\"https:\/\/i0.wp.com\/i158.photobucket.com\/albums\/t103\/egophobia\/29-30\/lucian_m.jpg?w=500\" ><br \/>\n[Mare\u015f Lucian]<\/p>\n<p align=justify>\n<strong>4.\tUrm\u0103toarea carte o vei oferi direct editurii HBP sau vei decide dup\u0103 ce o vei scrie? Te-ai g\u00e2ndit cumva la o colaborare permanent\u0103 cu aceast\u0103 editur\u0103? Cum ai r\u0103spunde dac\u0103 ei \u0163i-ar propune a\u015fa ceva?<\/strong><\/p>\n<p align=justify>\nDa. E mai comod.<\/p>\n<p align=justify>\n<strong>5. E\u015fti dispus s\u0103 participi\/colaborezi la activit\u0103\u0163ile promo\u0163ionale organizate de editur\u0103 pentru a-\u0163i populariza cartea (lans\u0103ri, autografe, interviuri, lecturi, apari\u0163ii la radio\/tv etc.)? Ai organiza(t) astfel de activit\u0103\u0163i \u015fi pe cont propriu sau te-ai limitat doar la cele oferite de editur\u0103?<\/strong><\/p>\n<p align=justify>\n\tDa, o lansare trebuie f\u0103cut\u0103. \u00cen rest, apari\u0163ii radio\/tv, am rezerve. Depinde de impactul c\u0103r\u0163ii, \u015fi de reac\u0163iile cititorilor; dar vom \u015fti ce e de f\u0103cut de se ve ajunge p\u00e2n\u0103 acolo. Am participat doar la t\u00e2rguri de carte, lucr\u00e2nd la diverse edituri.<\/p>\n<p align=justify>\n<strong>6. Crezi \u00een corectitudinea concursurilor literare? \u021ai-ai trimis singur undeva cartea sau ai l\u0103sat asta doar \u00een sarcina editurii?<\/strong><\/p>\n<p align=justify>\n\tNu cred \u00een concursurile literare. \u00cen consecin\u0163\u0103, a\u015f l\u0103sa asta \u00een sarcina editurii.<\/p>\n<p align=justify>\n<strong>7. Acelea\u015fi \u00eentreb\u0103ri, dar referitoare la criticii literari. C\u00e2t de mult conteaz\u0103 pentru tine ce se scrie \u00een presa cultural\u0103 despre cartea ta? Ce e mai important pentru tine, s\u0103 \u0163i se v\u00e2nd\u0103 c\u0103r\u0163ile sau s\u0103 fie bine receptate de critic\u0103?<\/strong><\/p>\n<p align=justify>\n\tAm o p\u0103rere proast\u0103 despre critici. Din cauza unei oarecare erudi\u0163ii for\u0163ate, pun mai mult accent pe beletristic\u0103 \u015fi mai pu\u0163in pe mesaj. Mai apoi, to\u0163i au o agend\u0103, fie c\u0103-s con\u015ftien\u0163i de asta sau nu. Sunt condi\u0163iona\u0163i s\u0103 aib\u0103 un anumit set de p\u0103reri. P\u0103rerile lor sunt \u00een general similare, iar critica e direct propor\u0163ional\u0103 cu renumele autorului. \u00cen ce prive\u015fte lucrarea, sunt sceptic. Este o lucrare dur\u0103, \u015fi se adreseaz\u0103 spiritului t\u00e2n\u0103r. Un \u201evechi\u201d critic n-ar \u00een\u0163elege mare lucru, \u00een consecin\u0163\u0103 se va lega de o serie de aspecte, \u00eencep\u00e2nd de la exprimarea simpl\u0103 \u015fi brut\u0103, \u015fi termin\u00e2nd cu \u201emesajul anti-social pe care eu \u00eel promovez\u201d.<br \/>\n\tSunt sceptic \u015fi \u00een ce prive\u015fte v\u00e2nz\u0103rile. Lumea nu mai aloc\u0103 timp cititului, \u00een consecin\u0163\u0103 vor investi mai pu\u0163in \u00een c\u0103r\u0163i. Vreau doar ca cei ce citesc cartea s\u0103 r\u0103m\u00e2n\u0103 cu o impresie puternic\u0103; dar acest lucru e oarecum garantat de lucrare.<\/p>\n","protected":false},"excerpt":{"rendered":"<p>[interviu cu Lucian Mare\u0219, autorul romanului Jurnalul R\u0103ului, Herg Benet Publishers, 2011] 1. Ai mai publicat c\u0103r\u0163i \u015fi la alte edituri? Dac\u0103 da, ce n-a mers bine \u015fi te-a determinat s\u0103 cau\u0163i o alta? Nu am mai publicat. \u00cen primul r\u00e2nd, ca autor necunoscut, o publicare trebuie s-o faci pe banii t\u0103i, \u00een tiraj mic. [&hellip;]<\/p>\n","protected":false},"author":2,"featured_media":0,"comment_status":"open","ping_status":"open","sticky":false,"template":"","format":"standard","meta":{"jetpack_post_was_ever_published":false,"_jetpack_newsletter_access":"","_jetpack_dont_email_post_to_subs":false,"_jetpack_newsletter_tier_id":0,"_jetpack_memberships_contains_paywalled_content":false,"_jetpack_memberships_contains_paid_content":false,"footnotes":""},"categories":[704,125],"tags":[1151,722,132,1129,317],"class_list":["post-6554","post","type-post","status-publish","format-standard","hentry","category-egophobia-29-30","category-invitat","tag-egophobia-29-30","tag-herg-benet-publishers","tag-interviu","tag-invitat","tag-mares-lucian"],"jetpack_featured_media_url":"","jetpack_sharing_enabled":true,"jetpack_shortlink":"https:\/\/wp.me\/p6DakB-1HI","_links":{"self":[{"href":"https:\/\/egophobia.ro\/index.php?rest_route=\/wp\/v2\/posts\/6554","targetHints":{"allow":["GET"]}}],"collection":[{"href":"https:\/\/egophobia.ro\/index.php?rest_route=\/wp\/v2\/posts"}],"about":[{"href":"https:\/\/egophobia.ro\/index.php?rest_route=\/wp\/v2\/types\/post"}],"author":[{"embeddable":true,"href":"https:\/\/egophobia.ro\/index.php?rest_route=\/wp\/v2\/users\/2"}],"replies":[{"embeddable":true,"href":"https:\/\/egophobia.ro\/index.php?rest_route=%2Fwp%2Fv2%2Fcomments&post=6554"}],"version-history":[{"count":8,"href":"https:\/\/egophobia.ro\/index.php?rest_route=\/wp\/v2\/posts\/6554\/revisions"}],"predecessor-version":[{"id":13740,"href":"https:\/\/egophobia.ro\/index.php?rest_route=\/wp\/v2\/posts\/6554\/revisions\/13740"}],"wp:attachment":[{"href":"https:\/\/egophobia.ro\/index.php?rest_route=%2Fwp%2Fv2%2Fmedia&parent=6554"}],"wp:term":[{"taxonomy":"category","embeddable":true,"href":"https:\/\/egophobia.ro\/index.php?rest_route=%2Fwp%2Fv2%2Fcategories&post=6554"},{"taxonomy":"post_tag","embeddable":true,"href":"https:\/\/egophobia.ro\/index.php?rest_route=%2Fwp%2Fv2%2Ftags&post=6554"}],"curies":[{"name":"wp","href":"https:\/\/api.w.org\/{rel}","templated":true}]}}