{"id":675,"date":"2009-06-18T15:44:57","date_gmt":"2009-06-18T13:44:57","guid":{"rendered":"http:\/\/egophobia.ro\/revista\/?p=675"},"modified":"2009-06-28T11:41:49","modified_gmt":"2009-06-28T09:41:49","slug":"scoala-maine","status":"publish","type":"post","link":"https:\/\/egophobia.ro\/?p=675","title":{"rendered":"\u015ecoala m\u00e2ine"},"content":{"rendered":"<p align=right>de criszest<\/p>\n<p align=justify>\nNe \u00eentreb\u0103m adesea, cu oarecare urme de ignoran\u0163\u0103 \u015fi ipocrizie pe chipuri,\u00a0 de ce merg lucrurile a\u015fa de r\u0103u \u00een \u0163ara noastr\u0103. O \u0163ar\u0103 \u00een care Iisus st\u0103 r\u0103stignit \u00een decolteul unei madame cu aer de rafinat\u0103 de\u015ftept\u0103ciune; unde copii de trei ani cer\u015fesc descul\u0163i la\u00a0\u015fase diminea\u0163a \u00een gar\u0103; o femeie schiload\u0103, dar \u00eendelung \u00a0coafat\u0103 \u015fi fardat\u0103 duce povara numeroaselor saco\u015fe de la pia\u0163\u0103, deoarece b\u0103rbatul ei, cam chel \u015fi cu burt\u0103,\u00a0vorbe\u015fte la telefonul mobil, de zeci de milioane, purt\u00e2nd \u00eens\u0103, de doi ani, aceea\u015fi pereche de pantofi. O \u0163ar\u0103 \u00een care legile se fac la cin\u0103; \u00een care suferinzi mor \u00een spital, pe banca de a\u015fteptare, iar copii abandona\u0163i se sinucid, fiinc\u0103 nu au cunoscut niciodat\u0103 o m\u00e2ng\u00e2iere bl\u00e2nd\u0103 pe cre\u015ftetul capului, c\u00e2t despre existen\u0163a vreunei energii divine&#8230; nici nu \u015ftiu s\u0103 g\u00e2ndeasc\u0103.<!--more--><br \/>\n\u015ei iat\u0103 c\u0103 r\u0103spunsurile la mult rostita \u015fi cruciala \u00eentrebare existen\u0163ial\u0103 se afl\u0103 \u00een jurul nostru. Este de ajuns s\u0103 ne cobor\u00e2m din copacul nostru roz \u015fi s\u0103 mergem um\u0103r l\u00e2ng\u0103 um\u0103r cu oamenii de pe alei.<br \/>\n\u00cen opinia mea, unul dintre principalele motive pentru care \u201epe\u015ftele nostru preaiubit \u015fi verde\u201d \u00eencepe s\u0103 se \u201e\u00eemput\u0103\u201d ar fi educa\u0163ia.<br \/>\n\u00cens\u0103 a accepta ideea c\u0103 adul\u0163ii de azi nu \u015ftiu s\u0103-\u015fi educe copiii, dar mai ales pe ei \u00een\u015fi\u015fi, \u015fi c\u0103 nu doresc s\u0103 \u00eendrepte lucruri pentru a crea o \u201esocietate armonioas\u0103\u201d, cum le place s\u0103 spun\u0103, este o utopie.<br \/>\nTinerii i-au uitat pe Eminescu \u015fi pe Creang\u0103, pe Eliade, Nichita St\u0103nescu, Slavici, Blaga, Arghezi, Alecsandri, Sadoveanu sau Bacovia; ce s\u0103 mai vorbim de Emil Cioran sau Octavian Paler&#8230;<br \/>\nCopiii nu mai \u015ftiu s\u0103 joace \u015fotronul, s\u0103 hoin\u0103reasc\u0103 pe c\u00e2mpii dup\u0103 floricele; s\u0103 asculte mierlele. Nu \u015ftiu la ce ar putea folosi o\u00a0 bucat\u0103 de a\u0163\u0103 alb\u0103 \u015fi o m\u0103m\u0103lig\u0103; nu \u015ftiu cum fac g\u0103inile atunci c\u00e2nd uliul zboar\u0103 deasupra lor. Copiii vo\u015ftri nu mai \u015ftiu s\u0103 spun\u0103 \u201eMam\u0103, te iubesc!\u201d; c\u00e2nd \u00eei \u00eentrebi: \u201eTati t\u0103u are musta\u0163\u0103 \u015fi ochi verzi?\u201d se blocheaz\u0103\u00a0\u00eentre dou\u0103 clipe \u015fi caut\u0103 buimaci prin minte imaginea tat\u0103lui, dar care acum este \u00eence\u0163o\u015fat\u0103.<br \/>\nTinerii de azi nu mai \u015ftiu s\u0103 formuleze o propozi\u0163ie cu subiect \u015fi predicat, ce s\u0103 mai vorbim de apari\u0163ia \u00een a\u015fa-zisele fraze a vreunui adjectiv, epitet, metafor\u0103 sau hiperbol\u0103; se \u00eenchid \u00een calculator \u015fi nu mai \u015ftiu s\u0103 viseze. Nu mai \u015ftiu s\u0103 iubeasc\u0103 adev\u0103rat, s\u0103 iubeasc\u0103 adev\u0103rul. Nu \u015ftiu s\u0103 iubeasc\u0103 natura&#8230; naturalul.<br \/>\nAdul\u0163ii de azi se complac \u00een ignoran\u0163\u0103, arogan\u0163\u0103 \u015fi snobism.<br \/>\nCutia aceea colorat\u0103, colorant\u0103\u00a0\u015fi zgomotoas\u0103, care ne anun\u0163\u0103 \u00een fiecare zi la ora cinci c\u0103 Nea Cais\u0103 din Negre\u015fti a omor\u00e2t-o \u015fi violat-o pe Florica \u015fi c\u0103 pe Gigi l-au arestat ca s\u0103 spele p\u0103catele \u015fefului; c\u0103 Iri \u015fi-a tapetat vasul de veceu cu cristale Swarovsky, iar Moni pleac\u0103 din \u0163ar\u0103 pentru c\u0103 aici nu i se recunoa\u015fte adev\u0103rata valoare; cutia aceea a devenit idolul nostru&#8230;obiectul \u00een jurul c\u0103ruia lumea graviteaz\u0103; este obiectul din cauza c\u0103ruia oamenii se ceart\u0103, \u00ee\u015fi rup m\u00e2inile \u015fi se arunc\u0103 pe fereastr\u0103. Cutia aceasta numit\u0103 televizor este, precum afirm\u0103 unii \u201ec\u0103rturari de curs\u0103 lung\u0103\u201d, un mijloc de educare \u015fi informare \u201cnemaipomenit\u201d, \u00eentrecut doar de fratele s\u0103u, internetul, care nu este dec\u00e2t un neo-televizor \u00een format de pastil\u0103 efervescent\u0103, compact\u0103 \u015fi concentrat\u0103, pe care atunci c\u00e2nd o dizolvi \u00een propriul suc gastric, tot ce \u00ee\u0163i dore\u015fti dup\u0103 aceea este s\u0103 mai faci asta o dat\u0103 \u015fi \u00eenc\u0103 de zece ori consecutiv, dac\u0103 se poate; \u00een timp ce unor oameni cu min\u0163i bolnave \u015fi m\u0103nu\u015fi albe le pic\u0103 banul direct \u00een portofelul pe care, ca s\u0103 folosesc o expresie des \u00eent\u00e2lnit\u0103 \u00een r\u00e2ndul robo\u0163ilor de la\u00a0buletinele de \u015ftiri, \u201e\u00eel tot scot din buzunar\u201d pentru a nu rata ofertele speciale de genul \u201eTrei mere (verzi, ambalate \u00een celofan sclipicios, cu fundi\u0163\u0103 \u015fi cu eticheta firmei) la cinci lei.<br \/>\n\u015ei avem neru\u015finarea, ca \u00eentr-o astfel de societate, s\u0103 ne g\u00e2ndim la expresii precum \u201e\u015fcoala de m\u00e2ine\u201d \u015fi s\u0103 aspir\u0103m la \u201e\u015fcoala european\u0103\u201d, c\u00e2nd azi, \u015fcoala rom\u00e2neasc\u0103 a dec\u0103zut \u00eentr-un hal, la care nici b\u0103ie\u0163ii ce m\u00e2nuiesc a\u0163ele la teatru nu visau. Aspir\u0103m la recunoa\u015fterea interna\u0163ional\u0103, c\u00e2nd \u00een \u015fcoli domne\u015fte prostia. Copiii sunt \u00eenv\u0103\u0163a\u0163i s\u0103 g\u00e2ndeasc\u0103 numai cum vor al\u0163ii; sunt \u00eenv\u0103\u0163a\u0163i cum s\u0103 nu mai g\u00e2ndeasc\u0103.<br \/>\nLustruim cirea\u015fa \u015fi ne m\u00e2ndrim cu ea, dar \u00een interior colc\u0103ie viermii.<br \/>\nNe complacem \u00een neocomunism. Accept\u0103m aceast\u0103 politic\u0103 post-comunist\u0103 numit\u0103 \u201edemocra\u0163ie\u201d. De fapt, ar fi trebuit s\u0103 v\u0103 mul\u0163umi\u0163i cu regimul comunist, c\u0103ci democra\u0163ia este doar un regim de tipul acesta, \u00eens\u0103 mult mai accentuat \u015fi \u00eenvelit \u00eentr-o h\u00e2rtie str\u0103lucitoare de cadou pe care st\u0103 scris cuv\u00e2ntul \u201eLIBERTATE\u201d.<br \/>\nLibertatea pentru unii \u00eenseamn\u0103 sclavia altora. Se folosesc de libertatea oamenilor ca s\u0103 cucereasc\u0103 Terra \u015fi \u00eentreg Universul; se pare c\u0103 vor chiar s\u0103-l st\u0103p\u00e2neasc\u0103 \u015fi pe Dumnezeu, oricare-ar fi el.<br \/>\nDar ei sunt orbi, surzi \u015fi mu\u0163i c\u00e2nd e vorba de a accepta un adev\u0103r.<br \/>\nCu o m\u00e2n\u0103 ne \u00eenchin\u0103m de parc\u0103 am c\u00e2nta la mandolin\u0103 \u015fi cu cealalt\u0103 ne aprindem dispera\u0163i \u0163igara. S\u0103 ne satisfacem viciul&#8230; dar viciul e mai presus de p\u0103cat.<br \/>\n\u015ei astfel v\u0103 spun cum va fi \u015fcoala rom\u00e2neasc\u0103 de m\u00e2ine. NU va mai fi! Tot mai mul\u0163i c\u0103rora li s-au deschis min\u0163ile \u015fi au ac\u0163ionat \u00eenainte de \u201eprea t\u00e2rziu\u201d au renun\u0163at la \u015fcoala rom\u00e2neasc\u0103 modern\u0103 \u015fi, mai nou, european\u0103. \u015ei-au luat capul \u00een propriile m\u00e2ini \u015fi \u00eencearc\u0103 s\u0103 fie autodidac\u0163i. Din nefericire pentru unii profesori \u015fi al\u0163i \u00een\u0163elep\u0163i, ei caut\u0103 s\u0103 \u00eenve\u0163e de la oameni din vremuri apuse \u015fi de pe alte meleaguri, pentru ca mai apoi s\u0103 aplice \u00een propria\u00a0\u0163ar\u0103, cu speran\u0163a c\u0103 vor mai putea schimba ceva.<\/p>\n","protected":false},"excerpt":{"rendered":"<p>de criszest Ne \u00eentreb\u0103m adesea, cu oarecare urme de ignoran\u0163\u0103 \u015fi ipocrizie pe chipuri,\u00a0 de ce merg lucrurile a\u015fa de r\u0103u \u00een \u0163ara noastr\u0103. O \u0163ar\u0103 \u00een care Iisus st\u0103 r\u0103stignit \u00een decolteul unei madame cu aer de rafinat\u0103 de\u015ftept\u0103ciune; unde copii de trei ani cer\u015fesc descul\u0163i la\u00a0\u015fase diminea\u0163a \u00een gar\u0103; o femeie schiload\u0103, dar [&hellip;]<\/p>\n","protected":false},"author":1,"featured_media":0,"comment_status":"open","ping_status":"open","sticky":false,"template":"","format":"standard","meta":{"jetpack_post_was_ever_published":false,"_jetpack_newsletter_access":"","_jetpack_dont_email_post_to_subs":false,"_jetpack_newsletter_tier_id":0,"_jetpack_memberships_contains_paywalled_content":false,"_jetpack_memberships_contains_paid_content":false,"footnotes":""},"categories":[55,7],"tags":[1120,297,9],"class_list":["post-675","post","type-post","status-publish","format-standard","hentry","category-articole","category-7","tag-articole","tag-criszest","tag-egophobia-22"],"jetpack_featured_media_url":"","jetpack_sharing_enabled":true,"jetpack_shortlink":"https:\/\/wp.me\/p6DakB-aT","_links":{"self":[{"href":"https:\/\/egophobia.ro\/index.php?rest_route=\/wp\/v2\/posts\/675","targetHints":{"allow":["GET"]}}],"collection":[{"href":"https:\/\/egophobia.ro\/index.php?rest_route=\/wp\/v2\/posts"}],"about":[{"href":"https:\/\/egophobia.ro\/index.php?rest_route=\/wp\/v2\/types\/post"}],"author":[{"embeddable":true,"href":"https:\/\/egophobia.ro\/index.php?rest_route=\/wp\/v2\/users\/1"}],"replies":[{"embeddable":true,"href":"https:\/\/egophobia.ro\/index.php?rest_route=%2Fwp%2Fv2%2Fcomments&post=675"}],"version-history":[{"count":3,"href":"https:\/\/egophobia.ro\/index.php?rest_route=\/wp\/v2\/posts\/675\/revisions"}],"predecessor-version":[{"id":1013,"href":"https:\/\/egophobia.ro\/index.php?rest_route=\/wp\/v2\/posts\/675\/revisions\/1013"}],"wp:attachment":[{"href":"https:\/\/egophobia.ro\/index.php?rest_route=%2Fwp%2Fv2%2Fmedia&parent=675"}],"wp:term":[{"taxonomy":"category","embeddable":true,"href":"https:\/\/egophobia.ro\/index.php?rest_route=%2Fwp%2Fv2%2Fcategories&post=675"},{"taxonomy":"post_tag","embeddable":true,"href":"https:\/\/egophobia.ro\/index.php?rest_route=%2Fwp%2Fv2%2Ftags&post=675"}],"curies":[{"name":"wp","href":"https:\/\/api.w.org\/{rel}","templated":true}]}}