{"id":70,"date":"2009-05-28T08:27:55","date_gmt":"2009-05-28T06:27:55","guid":{"rendered":"http:\/\/egophobia.ro\/revista\/?p=70"},"modified":"2009-09-13T22:29:13","modified_gmt":"2009-09-13T20:29:13","slug":"stele-verzi-16","status":"publish","type":"post","link":"https:\/\/egophobia.ro\/?p=70","title":{"rendered":"Stele verzi 27"},"content":{"rendered":"<p align=justify>Nu dormi mult \u015fi c\u00e2t a dormit se g\u00e2ndi \u00eentruna cum ar putea s\u0103 \u00eembun\u0103t\u0103\u0163easc\u0103 dezastrul de la cin\u0103. Mai mult ca niciodat\u0103 era \u00een somnul s\u0103u de diminea\u0163\u0103 convins c\u0103 totul fusese catastrofal impermeabil la perfec\u0163iune dac\u0103 sentimentele ei, c\u00e2t \u015fi ale lui, recunoscu el c\u00e2nd ie\u015fi \u00een periferiile somnului, au putut s\u0103 \u00eel perturbe at\u00e2t de larg \u00een marja \u015fi a\u015fa generoas\u0103 a \u00eendoielii. P\u0103rea s\u0103 fie deja prea t\u00e2rziu pentru regrete sau \u00eencerc\u0103ri tardive de a \u00eengusta c\u00e2tva consecin\u0163ele dezastrului fiindc\u0103 ea probabil nu va mai vrea s\u0103 \u00eel vad\u0103 vreodat\u0103 \u015fi nici el nu ar fi mai dornic s\u0103 o vad\u0103, \u015fi nu din cauza ru\u015finii pentru felul \u00een care se comportase, ci pentru c\u0103 \u00eenc\u0103 se \u00eendoia dac\u0103 ea chiar a \u015fters pasul dintre ei sau doar i s-a n\u0103z\u0103rit a\u015fa. Se \u00eendoia foarte mult \u015fi peste orizontul \u015fi a\u015fa \u00eendelungat al dubiilor sale personale. De aceea nici nu dormise bine \u015fi c\u00e2nd se scul\u0103 se sim\u0163i ca \u015fi cum \u00een tot timpul somnului \u00eencercase s\u0103 \u00ee\u015fi odihneasc\u0103 \u015fi propriile \u00eendoieli, lucru pe care, \u00ee\u015fi d\u0103du seama, nu \u00eel va reu\u015fi parcurs \u015fi a\u015fa de \u00eendoieli ca niciodat\u0103.<\/p>\n<p><!--more--><\/p>\n<p align=justify>Trebuia s\u0103 se trezeasc\u0103 cur\u00e2nd \u015fi s\u0103 pun\u0103 un cap\u0103t p\u00e2n\u0103 diminea\u0163a somnului fiindc\u0103 nu va mai avea mult \u015fi va fi externat. Din punctul de vedere al autorit\u0103\u0163ilor medicale, era complet vindecat \u015fi prezen\u0163a lui nu mai era \u00een consecin\u0163\u0103 internabil\u0103. \u00cenc\u0103 pu\u0163in \u015fi va fi liber s\u0103 se duc\u0103 \u00een completa s\u0103n\u0103tate pe care o dob\u00e2ndise c\u00e2t petrecuse \u00een spital. Doctorii \u00ee\u015fi f\u0103cuser\u0103 datoria \u015fi \u00eel vindecaser\u0103 de orice cer luminat \u015fi palpit\u00e2nd de stele verzi. Tratamentul a avut succes deplin \u00een nivelarea tuturor stelelor verzi \u00eentr-un cer perfect impermeabil la ele. Deja era un om s\u0103n\u0103tos \u015fi nimic stelar nu ar trebui s\u0103 \u00eel mai deranjeze dac\u0103, cu adev\u0103rat, lucrurile au revenit la normal. Cum va ie\u015fi din spital va s\u0103rb\u0103tori, cu siguran\u0163\u0103, s\u0103n\u0103tatea cerului s\u0103u \u00eenfundat de stele verzi. \u015ei, cu c\u00e2t va fi mai s\u0103n\u0103tos \u00een josul cerului s\u0103u, cu at\u00e2t mai multe stele verzi nu vor mai fi \u00een susul lui.<\/p>\n<p>(va urma)<\/p>\n","protected":false},"excerpt":{"rendered":"<p>Nu dormi mult \u015fi c\u00e2t a dormit se g\u00e2ndi \u00eentruna cum ar putea s\u0103 \u00eembun\u0103t\u0103\u0163easc\u0103 dezastrul de la cin\u0103. Mai mult ca niciodat\u0103 era \u00een somnul s\u0103u de diminea\u0163\u0103 convins c\u0103 totul fusese catastrofal impermeabil la perfec\u0163iune dac\u0103 sentimentele ei, c\u00e2t \u015fi ale lui, recunoscu el c\u00e2nd ie\u015fi \u00een periferiile somnului, au putut s\u0103 \u00eel [&hellip;]<\/p>\n","protected":false},"author":3,"featured_media":0,"comment_status":"closed","ping_status":"open","sticky":false,"template":"","format":"standard","meta":{"jetpack_post_was_ever_published":false,"_jetpack_newsletter_access":"","_jetpack_dont_email_post_to_subs":false,"_jetpack_newsletter_tier_id":0,"_jetpack_memberships_contains_paywalled_content":false,"_jetpack_memberships_contains_paid_content":false,"footnotes":""},"categories":[3],"tags":[6,4,5],"class_list":["post-70","post","type-post","status-publish","format-standard","hentry","category-romanul-online","tag-literatura-virtuala-exclusiv-antuma","tag-patrick-calinescu","tag-roman-online"],"jetpack_featured_media_url":"","jetpack_sharing_enabled":true,"jetpack_shortlink":"https:\/\/wp.me\/p6DakB-18","_links":{"self":[{"href":"https:\/\/egophobia.ro\/index.php?rest_route=\/wp\/v2\/posts\/70","targetHints":{"allow":["GET"]}}],"collection":[{"href":"https:\/\/egophobia.ro\/index.php?rest_route=\/wp\/v2\/posts"}],"about":[{"href":"https:\/\/egophobia.ro\/index.php?rest_route=\/wp\/v2\/types\/post"}],"author":[{"embeddable":true,"href":"https:\/\/egophobia.ro\/index.php?rest_route=\/wp\/v2\/users\/3"}],"replies":[{"embeddable":true,"href":"https:\/\/egophobia.ro\/index.php?rest_route=%2Fwp%2Fv2%2Fcomments&post=70"}],"version-history":[{"count":2,"href":"https:\/\/egophobia.ro\/index.php?rest_route=\/wp\/v2\/posts\/70\/revisions"}],"predecessor-version":[{"id":1600,"href":"https:\/\/egophobia.ro\/index.php?rest_route=\/wp\/v2\/posts\/70\/revisions\/1600"}],"wp:attachment":[{"href":"https:\/\/egophobia.ro\/index.php?rest_route=%2Fwp%2Fv2%2Fmedia&parent=70"}],"wp:term":[{"taxonomy":"category","embeddable":true,"href":"https:\/\/egophobia.ro\/index.php?rest_route=%2Fwp%2Fv2%2Fcategories&post=70"},{"taxonomy":"post_tag","embeddable":true,"href":"https:\/\/egophobia.ro\/index.php?rest_route=%2Fwp%2Fv2%2Ftags&post=70"}],"curies":[{"name":"wp","href":"https:\/\/api.w.org\/{rel}","templated":true}]}}