{"id":725,"date":"2009-06-18T21:59:28","date_gmt":"2009-06-18T19:59:28","guid":{"rendered":"http:\/\/egophobia.ro\/revista\/?p=725"},"modified":"2009-06-19T13:31:22","modified_gmt":"2009-06-19T11:31:22","slug":"eu-%e2%89%a0-eu","status":"publish","type":"post","link":"https:\/\/egophobia.ro\/?p=725","title":{"rendered":"Homo Urbanus Europeanus"},"content":{"rendered":"<p align=right>fotografii de \/ photos by Jean-Marc Caracci<br \/>\npreselec\u0163ia fotografiilor de \/ preselection of the photos C. dada<\/p>\n<p align=justify>\u00cen peregrin\u0103rile sale prin capitalele Europei pentru a-\u015fi realiza proiectul <a href=\"http:\/\/homo.urbanus.free.fr\" target=\"_blank\">Homo Urbanus Europeanus<\/a>, fotograful francez Jean-Marc Caracci a trecut prin Bucure\u015fti, prilej cu care ne-a prezentat munca sa \u015fi ne-a acordat un interviu \u015fi permisiunea de a folosi o selec\u0163ie din fotografiile sale pentru sec\u0163iunea &#8220;imagini&#8221; din EgoPHobia #22. \u00cei mul\u0163umim \u015fi pe aceast\u0103 cale.<!--more--><\/p>\n<p><center><br \/>\n<a href=\"https:\/\/i0.wp.com\/i158.photobucket.com\/albums\/t103\/egophobia\/22\/im\/Belgrade2008-CopyRightJean-MarcCara.jpg\" target=\"_blank\"><img data-recalc-dims=\"1\" decoding=\"async\" src=\"https:\/\/i0.wp.com\/i158.photobucket.com\/albums\/t103\/egophobia\/22\/im\/pic001.jpg?w=812\"><\/a><br \/>\n[Belgrade 2008 &copy; Jean-Marc Caracci]<\/p>\n<p><center><br \/>\n<a href=\"https:\/\/i0.wp.com\/i158.photobucket.com\/albums\/t103\/egophobia\/22\/im\/Berlin2008-CopyRightJean-MarcCaracc.jpg\" target=\"_blank\"><img data-recalc-dims=\"1\" decoding=\"async\" src=\"https:\/\/i0.wp.com\/i158.photobucket.com\/albums\/t103\/egophobia\/22\/im\/pic002.jpg?w=812\"><\/a><br \/>\n[Berlin 2008 &copy; Jean-Marc Caracci]<\/p>\n<p><center><br \/>\n<a href=\"https:\/\/i0.wp.com\/i158.photobucket.com\/albums\/t103\/egophobia\/22\/im\/Bruxelles-2008-CopyRightJean-MarcCa.jpg\" target=\"_blank\"><img data-recalc-dims=\"1\" decoding=\"async\" src=\"https:\/\/i0.wp.com\/i158.photobucket.com\/albums\/t103\/egophobia\/22\/im\/pic003.jpg?w=812\"><\/a><br \/>\n[Bruxelles 2008 &copy; Jean-Marc Caracci]<\/p>\n<p><center><br \/>\n<a href=\"https:\/\/i0.wp.com\/i158.photobucket.com\/albums\/t103\/egophobia\/22\/im\/Bucarest1-2009-CopyRightJean-MarcCa.jpg\" target=\"_blank\"><img data-recalc-dims=\"1\" decoding=\"async\" src=\"https:\/\/i0.wp.com\/i158.photobucket.com\/albums\/t103\/egophobia\/22\/im\/pic004.jpg?w=812\"><\/a><br \/>\n[Bucarest-1 2009 &copy; Jean-Marc Caracci]<\/p>\n<p><center><br \/>\n<a href=\"https:\/\/i0.wp.com\/i158.photobucket.com\/albums\/t103\/egophobia\/22\/im\/Bucarest2-2009-CopyRightJean-MarcCa.jpg\" target=\"_blank\"><img data-recalc-dims=\"1\" decoding=\"async\" src=\"https:\/\/i0.wp.com\/i158.photobucket.com\/albums\/t103\/egophobia\/22\/im\/pic005.jpg?w=812\"><\/a><br \/>\n[Bucarest-2 e 2009 &copy; Jean-Marc Caracci]<\/p>\n<p><center><br \/>\n<a href=\"https:\/\/i0.wp.com\/i158.photobucket.com\/albums\/t103\/egophobia\/22\/im\/Helsinki2008-CopyRightJean-MarcCara.jpg\" target=\"_blank\"><img data-recalc-dims=\"1\" decoding=\"async\" src=\"https:\/\/i0.wp.com\/i158.photobucket.com\/albums\/t103\/egophobia\/22\/im\/pic006.jpg?w=812\"><\/a><br \/>\n[Helsinki 2008 &copy; Jean-Marc Caracci]<\/p>\n<p><center><br \/>\n<a href=\"https:\/\/i0.wp.com\/i158.photobucket.com\/albums\/t103\/egophobia\/22\/im\/Lisbonne2009-CopyRightJean-MarcCara.jpg\" target=\"_blank\"><img data-recalc-dims=\"1\" decoding=\"async\" src=\"https:\/\/i0.wp.com\/i158.photobucket.com\/albums\/t103\/egophobia\/22\/im\/pic007.jpg?w=812\"><\/a><br \/>\n[Lisbonne 2009 &copy; Jean-Marc Caracci]<\/p>\n<p><center><br \/>\n<a href=\"https:\/\/i0.wp.com\/i158.photobucket.com\/albums\/t103\/egophobia\/22\/im\/Ljubljana2008-CopyRightJean-MarcCar.jpg\" target=\"_blank\"><img data-recalc-dims=\"1\" decoding=\"async\" src=\"https:\/\/i0.wp.com\/i158.photobucket.com\/albums\/t103\/egophobia\/22\/im\/pic008.jpg?w=812\"><\/a><br \/>\n[Ljubljana 2008 &copy; Jean-Marc Caracci]<\/p>\n<p><center><br \/>\n<a href=\"https:\/\/i0.wp.com\/i158.photobucket.com\/albums\/t103\/egophobia\/22\/im\/Paris1-2008-CopyRightJean-MarcCarac.jpg\" target=\"_blank\"><img data-recalc-dims=\"1\" decoding=\"async\" src=\"https:\/\/i0.wp.com\/i158.photobucket.com\/albums\/t103\/egophobia\/22\/im\/pic009.jpg?w=812\"><\/a><br \/>\n[Paris-1 2008 &copy; Jean-Marc Caracci]<\/p>\n<p><center><br \/>\n<a href=\"https:\/\/i0.wp.com\/i158.photobucket.com\/albums\/t103\/egophobia\/22\/im\/Paris2-2008-CopyRightJean-MarcCarac.jpg\" target=\"_blank\"><img data-recalc-dims=\"1\" decoding=\"async\" src=\"https:\/\/i0.wp.com\/i158.photobucket.com\/albums\/t103\/egophobia\/22\/im\/pic010.jpg?w=812\"><\/a><br \/>\n[Paris-2 2008 &copy; Jean-Marc Caracci]<\/p>\n<p><center><br \/>\n<a href=\"https:\/\/i0.wp.com\/i158.photobucket.com\/albums\/t103\/egophobia\/22\/im\/Reykjavik2008-CopyRightJean-MarcCar.jpg\" target=\"_blank\"><img data-recalc-dims=\"1\" decoding=\"async\" src=\"https:\/\/i0.wp.com\/i158.photobucket.com\/albums\/t103\/egophobia\/22\/im\/pic011.jpg?w=812\"><\/a><br \/>\n[Reykjavik 2008 &copy; Jean-Marc Caracci]<\/p>\n<p><center><br \/>\n<a href=\"https:\/\/i0.wp.com\/i158.photobucket.com\/albums\/t103\/egophobia\/22\/im\/Riga2007-CopyRightJean-MarcCaracci.jpg\" target=\"_blank\"><img data-recalc-dims=\"1\" decoding=\"async\" src=\"https:\/\/i0.wp.com\/i158.photobucket.com\/albums\/t103\/egophobia\/22\/im\/pic012.jpg?w=812\"><\/a><br \/>\n[Riga 2007 &copy; Jean-Marc Caracci]<\/p>\n<p><center><br \/>\n<a href=\"https:\/\/i0.wp.com\/i158.photobucket.com\/albums\/t103\/egophobia\/22\/im\/Sofia2007-CopyRightJean-MarcCaracci.jpg\" target=\"_blank\"><img data-recalc-dims=\"1\" decoding=\"async\" src=\"https:\/\/i0.wp.com\/i158.photobucket.com\/albums\/t103\/egophobia\/22\/im\/pic013.jpg?w=812\"><\/a><br \/>\n[Sofia 2007 &copy; Jean-Marc Caracci]<\/p>\n<p><center><br \/>\n<a href=\"https:\/\/i0.wp.com\/i158.photobucket.com\/albums\/t103\/egophobia\/22\/im\/Stockholm2008-CopyRightJean-MarcCar.jpg\" target=\"_blank\"><img data-recalc-dims=\"1\" decoding=\"async\" src=\"https:\/\/i0.wp.com\/i158.photobucket.com\/albums\/t103\/egophobia\/22\/im\/pic014.jpg?w=812\"><\/a><br \/>\n[Stockholm 2008 &copy; Jean-Marc Caracci]<\/p>\n<p><center><br \/>\n<a href=\"https:\/\/i0.wp.com\/i158.photobucket.com\/albums\/t103\/egophobia\/22\/im\/Tallinn2008-CopyRightJean-MarcCarac.jpg\" target=\"_blank\"><img data-recalc-dims=\"1\" decoding=\"async\" src=\"https:\/\/i0.wp.com\/i158.photobucket.com\/albums\/t103\/egophobia\/22\/im\/pic015.jpg?w=812\"><\/a><br \/>\n[Tallinn 2008 &copy; Jean-Marc Caracci]<\/p>\n<p align=justify>In his voyage through Europe&#8217;s capitals in order to fulfill his project <a href=\"http:\/\/homo.urbanus.free.fr\" target=\"_blank\">Homo Urbanus Europeanus<\/a>, the French photographer Jean-Marc Caracci visited also Bucharest, giving us the opportunity to know his work, as well as awarding us with an interview and the rights to present you a selection of his photographs for the &#8220;images&#8221; [imagini] section of EgoPHobia #22. We thank him here, too.<\/p>\n","protected":false},"excerpt":{"rendered":"<p>fotografii de \/ photos by Jean-Marc Caracci preselec\u0163ia fotografiilor de \/ preselection of the photos C. dada \u00cen peregrin\u0103rile sale prin capitalele Europei pentru a-\u015fi realiza proiectul Homo Urbanus Europeanus, fotograful francez Jean-Marc Caracci a trecut prin Bucure\u015fti, prilej cu care ne-a prezentat munca sa \u015fi ne-a acordat un interviu \u015fi permisiunea de a folosi [&hellip;]<\/p>\n","protected":false},"author":1,"featured_media":0,"comment_status":"open","ping_status":"open","sticky":false,"template":"","format":"standard","meta":{"jetpack_post_was_ever_published":false,"_jetpack_newsletter_access":"","_jetpack_dont_email_post_to_subs":false,"_jetpack_newsletter_tier_id":0,"_jetpack_memberships_contains_paywalled_content":false,"_jetpack_memberships_contains_paid_content":false,"footnotes":""},"categories":[7,118],"tags":[123,9,120,1127,119],"class_list":["post-725","post","type-post","status-publish","format-standard","hentry","category-7","category-imagini","tag-c-dada","tag-egophobia-22","tag-homo-urbanus-europeanus","tag-imagini","tag-jean-marc-caracci"],"jetpack_featured_media_url":"","jetpack_sharing_enabled":true,"jetpack_shortlink":"https:\/\/wp.me\/p6DakB-bH","_links":{"self":[{"href":"https:\/\/egophobia.ro\/index.php?rest_route=\/wp\/v2\/posts\/725","targetHints":{"allow":["GET"]}}],"collection":[{"href":"https:\/\/egophobia.ro\/index.php?rest_route=\/wp\/v2\/posts"}],"about":[{"href":"https:\/\/egophobia.ro\/index.php?rest_route=\/wp\/v2\/types\/post"}],"author":[{"embeddable":true,"href":"https:\/\/egophobia.ro\/index.php?rest_route=\/wp\/v2\/users\/1"}],"replies":[{"embeddable":true,"href":"https:\/\/egophobia.ro\/index.php?rest_route=%2Fwp%2Fv2%2Fcomments&post=725"}],"version-history":[{"count":9,"href":"https:\/\/egophobia.ro\/index.php?rest_route=\/wp\/v2\/posts\/725\/revisions"}],"predecessor-version":[{"id":732,"href":"https:\/\/egophobia.ro\/index.php?rest_route=\/wp\/v2\/posts\/725\/revisions\/732"}],"wp:attachment":[{"href":"https:\/\/egophobia.ro\/index.php?rest_route=%2Fwp%2Fv2%2Fmedia&parent=725"}],"wp:term":[{"taxonomy":"category","embeddable":true,"href":"https:\/\/egophobia.ro\/index.php?rest_route=%2Fwp%2Fv2%2Fcategories&post=725"},{"taxonomy":"post_tag","embeddable":true,"href":"https:\/\/egophobia.ro\/index.php?rest_route=%2Fwp%2Fv2%2Ftags&post=725"}],"curies":[{"name":"wp","href":"https:\/\/api.w.org\/{rel}","templated":true}]}}