{"id":7532,"date":"2011-09-27T19:21:07","date_gmt":"2011-09-27T17:21:07","guid":{"rendered":"http:\/\/egophobia.ro\/?p=7532"},"modified":"2011-09-27T19:29:41","modified_gmt":"2011-09-27T17:29:41","slug":"poeme-de-claudia-befu","status":"publish","type":"post","link":"https:\/\/egophobia.ro\/?p=7532","title":{"rendered":"Poeme de Claudia Befu"},"content":{"rendered":"<p><strong>o plimbare<\/strong><br \/>\n<br \/>&nbsp;<\/p>\n<p>e o sear\u0103 de toamn\u0103 timpurie<br \/>\nplou\u0103 cu g\u00e2nduri<br \/>\ninund\u0103 trotuarele<br \/>\nfrigul mi-a p\u0103truns jilav la piele<br \/>\nne plimb\u0103m prin ora\u015ful umed \u015fi rece<br \/>\nvitrinele luminate cu haine de firm\u0103<br \/>\n\u00eemi privesc reflexia \u00eentr-o oglind\u0103<br \/>\no iluzie optic\u0103<br \/>\ncare c\u0103l\u0103tore\u015fte cu viteza luminii<br \/>\nsuntem \u00eenchise \u00eentr-un glob de sticl\u0103<br \/>\n\u00een lumea noastr\u0103 prea mic\u0103 \u015fi prea cert\u0103<br \/>\ntrece-un b\u0103iat t\u00e2n\u0103r \u015fi cu p\u0103l\u0103rie<br \/>\nprivirile noastre-l urmeaz\u0103 lung, ca o tren\u0103<br \/>\ncl\u0103dirile sunt \u00eembibate cu ap\u0103<br \/>\nrespira\u0163ia noastr\u0103 se condenseaz\u0103 \u00een aerul rece<br \/>\nsim\u0163urile noastre sunt tot mai fluide<br \/>\nsuntem \u00eentr-un ora\u015f lichid<br \/>\n<br \/>&nbsp;<br \/>\n<strong>gri<\/strong><\/p>\n<p>&nbsp;<br \/>\ne o zi gri<br \/>\nora\u015ful arat\u0103 altfel<br \/>\n\u00een lumina gri<br \/>\ngri<br \/>\nv\u0103d gri<br \/>\nca \u015fi cum a\u015f avea<br \/>\no sit\u0103 deas\u0103 \u00een fa\u0163a ochilor<br \/>\ngriul m\u0103 orbe\u015fte<br \/>\nm\u0103 \u00eenchide \u00een mine<br \/>\ngri<br \/>\ninspir gri<br \/>\nprin pupilele oculare<br \/>\ngriul se infiltreaz\u0103<br \/>\ncu fiecare impuls luminos<br \/>\nreceptat pe retin\u0103<br \/>\nmi se scurge \u00een creier<br \/>\n\u00een vene<br \/>\nca o m\u00e2zg\u0103 groas\u0103<br \/>\ngri<br \/>\nsunt gri<br \/>\nsunt un nor ap\u0103s\u0103tor<br \/>\npe cerul toamnei t\u00e2rzii<\/p>\n<p>&nbsp;<br \/>\n<strong>singur\u0103, \u00een ne\u015ftire<\/strong><br \/>\n<br \/>&nbsp;<\/p>\n<p>m-am \u00eenchis din nou<br \/>\nsimt o \u00eencle\u015ftare \u00een piept<br \/>\natunci c\u00e2nd simt durerea<br \/>\nsimt c\u0103 tr\u0103iesc<br \/>\nm\u0103 t\u0103v\u0103lesc pe jos \u00een urlete<br \/>\nde fericire nu mai \u015ftiu<br \/>\nnimic nu e \u00een jur<br \/>\nam \u00eenceput s\u0103 iubesc<br \/>\ngoliciunea spa\u0163iului care m\u0103 \u00eenconjoar\u0103<br \/>\npuritatea moleculelor pe care le inspir \u00een pl\u0103m\u00e2ni<br \/>\nsunetul ritmic al inimii mele <em>(1)<\/em><br \/>\npupilele fixate pe becul din tavan<br \/>\nr\u0103coarea pl\u0103cut\u0103 a pere\u0163ilor albi \u015fi t\u0103cu\u0163i <em>(2)<\/em><\/p>\n<p>&nbsp;<br \/>\n<em>(1) care pentru o clip\u0103 m\u0103 str\u00e2nge \u00een spate<br \/>\n\u00eemi creaz\u0103 un tremur nervos \u00een mu\u015fchii picioarelor<br \/>\na\u015f vrea s\u0103 plec \u015fi de aici<br \/>\ndin mine<br \/>\ns\u0103 m\u0103 eliberez de toate<br \/>\n(2) \u015fi mi-e fric\u0103 de ea<br \/>\nde singur\u0103tatea aceasta pe care o \u00eembr\u0103\u0163i\u015fez \u00een intimitatea fiin\u0163ei mele<br \/>\nsimt c\u0103-mi violeaz\u0103 dreptul la fericire<br \/>\ncu penetra\u0163ia ei insistent\u0103<br \/>\ngustul ei metalic\/dur<br \/>\nfine\u0163ea supl\u0103 a re\u0163elei \u00een care m\u0103 \u00eenv\u0103luie<br \/>\n\u015fi adorm \u00een uitare<br \/>\nprotejat\u0103 de un zid transparent de nestr\u0103puns<br \/>\n\u00een \u00eenchisoarea mea f\u0103r\u0103 de u\u015fi \u015fi f\u0103r\u0103 de ferestre<\/em><\/p>\n","protected":false},"excerpt":{"rendered":"<p>o plimbare &nbsp; e o sear\u0103 de toamn\u0103 timpurie plou\u0103 cu g\u00e2nduri inund\u0103 trotuarele frigul mi-a p\u0103truns jilav la piele ne plimb\u0103m prin ora\u015ful umed \u015fi rece vitrinele luminate cu haine de firm\u0103 \u00eemi privesc reflexia \u00eentr-o oglind\u0103 o iluzie optic\u0103 care c\u0103l\u0103tore\u015fte cu viteza luminii suntem \u00eenchise \u00eentr-un glob de sticl\u0103 \u00een lumea noastr\u0103 [&hellip;]<\/p>\n","protected":false},"author":5,"featured_media":0,"comment_status":"open","ping_status":"open","sticky":false,"template":"","format":"standard","meta":{"jetpack_post_was_ever_published":false,"_jetpack_newsletter_access":"","_jetpack_dont_email_post_to_subs":false,"_jetpack_newsletter_tier_id":0,"_jetpack_memberships_contains_paywalled_content":false,"_jetpack_memberships_contains_paid_content":false,"footnotes":""},"categories":[739,13],"tags":[783,1153,1114],"class_list":["post-7532","post","type-post","status-publish","format-standard","hentry","category-egophobia-32","category-poezie","tag-claudia-befu","tag-egophobia-32","tag-poezie"],"jetpack_featured_media_url":"","jetpack_sharing_enabled":true,"jetpack_shortlink":"https:\/\/wp.me\/p6DakB-1Xu","_links":{"self":[{"href":"https:\/\/egophobia.ro\/index.php?rest_route=\/wp\/v2\/posts\/7532","targetHints":{"allow":["GET"]}}],"collection":[{"href":"https:\/\/egophobia.ro\/index.php?rest_route=\/wp\/v2\/posts"}],"about":[{"href":"https:\/\/egophobia.ro\/index.php?rest_route=\/wp\/v2\/types\/post"}],"author":[{"embeddable":true,"href":"https:\/\/egophobia.ro\/index.php?rest_route=\/wp\/v2\/users\/5"}],"replies":[{"embeddable":true,"href":"https:\/\/egophobia.ro\/index.php?rest_route=%2Fwp%2Fv2%2Fcomments&post=7532"}],"version-history":[{"count":9,"href":"https:\/\/egophobia.ro\/index.php?rest_route=\/wp\/v2\/posts\/7532\/revisions"}],"predecessor-version":[{"id":7535,"href":"https:\/\/egophobia.ro\/index.php?rest_route=\/wp\/v2\/posts\/7532\/revisions\/7535"}],"wp:attachment":[{"href":"https:\/\/egophobia.ro\/index.php?rest_route=%2Fwp%2Fv2%2Fmedia&parent=7532"}],"wp:term":[{"taxonomy":"category","embeddable":true,"href":"https:\/\/egophobia.ro\/index.php?rest_route=%2Fwp%2Fv2%2Fcategories&post=7532"},{"taxonomy":"post_tag","embeddable":true,"href":"https:\/\/egophobia.ro\/index.php?rest_route=%2Fwp%2Fv2%2Ftags&post=7532"}],"curies":[{"name":"wp","href":"https:\/\/api.w.org\/{rel}","templated":true}]}}