{"id":7810,"date":"2011-11-08T07:06:03","date_gmt":"2011-11-08T05:06:03","guid":{"rendered":"http:\/\/egophobia.ro\/?p=7810"},"modified":"2011-11-09T14:02:23","modified_gmt":"2011-11-09T12:02:23","slug":"ansel-adams-o-viata","status":"publish","type":"post","link":"https:\/\/egophobia.ro\/?p=7810","title":{"rendered":"Ansel Adams &#8211; O via\u0163\u0103"},"content":{"rendered":"<p align=right>de Adrian Grauenfels<\/p>\n<p>&nbsp;<\/p>\n<p align=justify>\n Un t\u00e2n\u0103r de numai 14 ani, \u00eenarmat cu un aparat primitiv de fotografiat, un Kodak no.1, \u00eei scria din Sierra Nevada m\u0103tu\u015fii sale Mary din San Francisco:<br \/>\n &#8220;Drag\u0103 m\u0103tu\u015f\u0103. Sunt \u00een mun\u0163i. \u00cen ritmul \u00een care fac aici poze voi fi cur\u00e2nd pe jant\u0103. Deja am f\u0103cut peste 30&#8221;. Nimic nu l-a \u00eempiedicat s\u0103 continue cu fotografia, timp de 7 decenii p\u00e2n\u0103 la moartea sa \u00een 1984, \u00een v\u00e2rst\u0103 de 82 de ani. Devenise faimos, c\u0103l\u0103torea departe dar mereu se \u00eentorcea \u00een Sierra, acest nobil col\u0163 de P\u0103m\u00e2nt, spunea el, aici g\u0103sesc aventur\u0103, inspira\u0163ie artistic\u0103, prietenie, singur\u0103tate, toate \u00eentre piscurile dantelate de granit \u00eenz\u0103pezite, printre poteci m\u0103turate de z\u0103pad\u0103,admir\u00e2nd reflexiile cerului pe z\u0103pad\u0103. Subiectele sale atrag \u015fi azi c\u0103l\u0103tori \u015fi admiratori \u00een regiunea s\u0103lbatic\u0103 care \u00eei poart\u0103 numele.  Ei vor s\u0103 vad\u0103, ad\u00e2nc \u00een inima Sierrei Nevada ce a v\u0103zut, celebrul fotograf Ansel Adams, acolo.<!--more--><\/p>\n<p align=center>\n<img data-recalc-dims=\"1\" decoding=\"async\" src=\"https:\/\/i0.wp.com\/i158.photobucket.com\/albums\/t103\/egophobia\/33\/ansel-adams\/tetonssnakeriverjpg.jpg?w=600\" align=center >\n<\/p>\n<p align=justify>\n \u00centr-o diminea\u0163\u0103 de August dintr-un nor de praf au ap\u0103rut zeci de c\u0103l\u0103re\u0163i pe marginea lacului O mie de insule, aflat la 3300 metri \u00een\u0103l\u0163ime. Erau recompensa\u0163i de o splendid\u0103 perspectiva \u00een lumina soarelui de diminea\u0163\u0103. Michael, 77 de ani, un internist din Fresno spera s\u0103 g\u0103seasc\u0103 exact unghiul din care Ansel luase o memorabil\u0103 vedere a lacului cu v\u00e2rful Banner \u00een planul doi. &#8220;Am f\u0103cut multe gre\u015feli \u015fi gafe spune Ansel \u00een autobiografia sa, \u00een care pomene\u015fte de lacul O mie de insule, a\u015fa cum \u00eel  \u00eent\u00e2lnise \u00een 1923. \u00cens\u0103 o singur\u0103, unic\u0103 imagine a meritat excursia. \u00cemi amintesc excita\u0163ia acestei scene \u00een care totul se potrivea de minune, rocile, norul, muntele \u015fi timpul de expunere fericit ales. Aceast\u0103 poz\u0103 special\u0103 aducea magie \u015fi atmosfer\u0103 cum nu se cuno\u015fteau \u00een acele zile ale fotografiei aflat\u0103 \u00een fa\u015f\u0103.<br \/>\n&nbsp;<br \/>\nA fost un moment decisiv pentru Ansel care la 21 de ani oscila \u00eentre fotografie \u015fi cariera de pianist. Excursia din 1923 l-a ajutat s\u0103 aleag\u0103 definitiv arta fotografic\u0103, dup\u0103 cum scrie Michael Adams (unicul s\u0103u fiu) care a urm\u0103rit, analizat \u015fi  ref\u0103cut multe din traseele parcurse anterior de Adams.<\/p>\n<p align=center>\n<img data-recalc-dims=\"1\" decoding=\"async\" src=\"https:\/\/i0.wp.com\/i158.photobucket.com\/albums\/t103\/egophobia\/33\/ansel-adams\/Adams_Ansel__Autumn_Moon.jpg?w=600\" align=center >\n<\/p>\n<p align=justify>\nPrima sa vizit\u0103 \u00een Parcul Na\u0163ional Yosemite dateaz\u0103 din 1916, c\u00e2nd entuziasmat de splendoarea parcului Yosemite, t\u00e2n\u0103rul Ansel  scria &#8220;Parc\u0103 ardea cerul peste noi, era glorios&#8230; Era lumin\u0103 pretutindeni&#8230; O er\u0103 nou\u0103 \u00eencepe pentru mine.&#8221;<br \/>\n&nbsp;<br \/>\nSe re\u00eentoarce dup\u0103 un an cu un aparat mai sofisticat \u015fi un trepied. \u00cen timpul iernii se dedic\u0103 \u00eenv\u0103\u0163\u0103m\u00e2ntului, studiaz\u0103 camera obscur\u0103 \u00een atelierul unui fotograf din San Francisco. Avid, citea jurnale despre fotografie \u015fi vizita toate expozi\u0163iile pe teme fotografice. A explorat Sierra Nevada al\u0103turi de un ornitolog pensionar, Francis Holman, at\u00e2t iarna c\u00e2t \u015fi vara, c\u0103p\u0103t\u00e2nd astfel antrenamentul necesar \u00een a lua vederi la mari \u00een\u0103l\u0163imi, \u00een condi\u0163ii climaterice extreme.<br \/>\n&nbsp;<br \/>\n Verile, Ansel pleca cu cortul prin locuri s\u0103lbatice, fotografiind, c\u0103ut\u00e2nd s\u0103 captureze vraja locurilor. Iarna continua s\u0103 c\u00e2nte la pian sau s\u0103 dea lec\u0163ii pe acest instrument. \u00cen 1921 vinde primele fotografii \u00een care descifr\u0103m sensibilitate \u015fi balan\u0163a tonurilor. \u00cen paralel Adams experimenteaz\u0103 tehnicile <em>soft focus<\/em> ini\u0163iate de marele Alfred Stieglitz care \u00eencerca<br \/>\n s\u0103 imite pictura prin fotografie. Anii 30 devin productivi \u015fi prolifici, Adams se concentreaz\u0103 pe detalii, dar produce \u015fi macro fotografii a unor mun\u0163i sau fabrici.<\/p>\n<p align=center>\n<img data-recalc-dims=\"1\" decoding=\"async\" src=\"https:\/\/i0.wp.com\/i158.photobucket.com\/albums\/t103\/egophobia\/33\/ansel-adams\/ansela.jpg?w=600\" align=center >\n<\/p>\n<p align=justify>\n \u00cen 1930 apare prima sa carte, <em>Taos Pueblo<\/em>. \u00cen statul New Mexico, Adams face cuno\u015ftin\u0163\u0103 cu al\u0163i arti\u015fti ai vizualului: pictori\u0163a Georgia O&#8217;Keeffe, fotograful Paul Strand, John Marin. Adams, vorb\u0103re\u0163 \u015fi simpatic, \u00eei cucerea cu piese scurte executate la pian. Strand \u00eel convinge s\u0103 foloseasc\u0103 h\u00e2rtia lucioas\u0103 \u00een loc de cea mat\u0103, intensific\u00e2nd astfel  valorile tonale. \u015eaizeci de fotografii f\u0103cute \u00een Sierra \u00eei sunt expuse la Institutul  Smithsonian, gener\u00e2nd un excelent ecou \u00een Washington Post:<br \/>\n&#8220;Fotografiile sunt portrete ale unor v\u00e2rfuri gigantice care par a fi locuite de zei mitologici.&#8221;<br \/>\n&nbsp;<br \/>\n  Sunt cunoscute eforturile artistului de a proteja natura s\u0103lbatic\u0103 din Valea Yosemite, amenin\u0163at\u0103 de turism, comer\u0163 \u015fi traficul rutier sporit. Ansel tip\u0103re\u015fte c\u0103r\u0163i \u015fi apare \u00een fa\u0163a congresului american pled\u00e2nd vehement pentru salvarea acestor rezerva\u0163ii (Sequoia, John Muir Trail \u015fi Yosemite).<\/p>\n<p align=center>\n<img data-recalc-dims=\"1\" decoding=\"async\" src=\"https:\/\/i0.wp.com\/i158.photobucket.com\/albums\/t103\/egophobia\/33\/ansel-adams\/anseld.jpg?w=600\" align=center >\n<\/p>\n<p align=justify>\n \u00cen 1940 aceste teritorii sunt declarate Parcuri Na\u0163ionale \u015fi devenind protejate prin lege. Scrie Ansel:<br \/>\n&#8220;Valea Yosemite pentru mine este un r\u0103s\u0103rit de soare, pete de verde \u015fi de aur \u00eenl\u0103n\u0163uite \u00eentr-un vast edificiu de piatr\u0103. Nu cunosc sculptur\u0103, pictur\u0103 sau muzic\u0103 care s\u0103 \u00eentreac\u0103 str\u0103lucirea granitului, patina rocilor, a p\u0103durii \u00een lumina lunii, tunetul \u015fi \u015foapta c\u0103derilor de ap\u0103. La \u00eenceput este dominant aspectul colosal al locului, apoi percepem \u015fi sesiz\u0103m complexitatea delicat\u0103 a naturii&#8221;. \u00cen anul 1936 Steglitz \u00eel invit\u0103 s\u0103 apar\u0103 \u00een galeria sa din New York iar \u00een 1939 este numit editor al magazinului US Camera, cel mai popular jurnal dedicat fotografiei, la vremea sa. \u00cen 1941 \u00eel g\u0103sim pred\u00e2nd arta fotografic\u0103 \u00een Los Angeles, iar fotografia sa <em>Moonrise<\/em>  realizat\u0103 \u00eentr-un sat modest, Hernandez, din New Mexico este expus\u0103 la Muzeul de Arta Modern\u0103.  Pentru funda\u0163ia Guggenheim Ansel realizeaz\u0103 fotografii \u00een Parcurile Na\u0163ionale ale Americii. O serie realizat\u0103 \u00een 1946 produce imagini memorabile: Old Faithful Geyser, Marele Teton, Muntele McKinley.  \u00cen ultimii 20 de ani de activitate folose\u015fte intensiv camere Polaroid, Hasselblad  \u015fi nu ezit\u0103 \u00een a monta camere de fotografiat pe acoperi\u015ful cabinei unui camion cu care fotografia peisaje de o larg\u0103 deschidere. Fiul s\u0103u Michael a fost adesea \u00eentrebat dac\u0103 Ansel ar fi luat \u00een considera\u0163ie fotografia digital\u0103, larg practicat\u0103 azi. R\u0103spunsul lui a fost unul pozitiv: &#8220;Tata era fascinat de tehnic\u0103 \u015fi aspectele tehnologice ale meseriei sale. Sunt convins c\u0103 ar fi fost entuziasmat de avantajele fotografiei digitale&#8221;. Privindu-i fotografiile l-am putea judeca gre\u015fit pe Ansel ca fiind un om rece care privea lumea distant \u015fi f\u0103r\u0103 interes pentru umani. \u00cen realitate era un b\u0103rbat plin de umor, inventiv \u015fi \u00eenconjurat de prieteni care au regretat sincer dispari\u0163ia marelui artist fotograf. Doi dintre prietenii s\u0103i buni erau William Turnage, pre\u015fedintele Societ\u0103\u0163ii Geografice, \u015fi Alan Cranston, senator al statului California.<\/p>\n<p align=center>\n<img data-recalc-dims=\"1\" decoding=\"async\" src=\"https:\/\/i0.wp.com\/i158.photobucket.com\/albums\/t103\/egophobia\/33\/ansel-adams\/93225050CD8B397D.jpg?w=600\" align=center >\n<\/p>\n<p align=justify>\n  C\u00e2nd Adams a trecut \u00een alt\u0103 lume, senatorul a \u00eentrebat retoric ce s-ar putea face pentru Ansel?, iar Turnage a venit cu o propunere bine g\u00e2ndit\u0103: \u00eenfiin\u0163area unei noi rezerva\u0163ii s\u0103lbatice numit\u0103 chiar Ansel Adams, \u00een regiunea \u00een care el a fotografiat natura timp de at\u00e2\u0163ia ani.  Cranston, entuziasmat de idee \u015fi cu ajutorul altui senator, republicanul Pete Wilson, reu\u015fesc s\u0103 capete  acordul pre\u015fedintelui Ronald Reagan \u015fi astfel numele rezerva\u0163iei Ansel Adams apare de atunci pe h\u0103r\u0163ile geografice.<br \/>\n&nbsp;<br \/>\n Artistul ar fi fost \u00eenc\u00e2ntat s\u0103 \u015ftie c\u0103 acest petec de rai din Sierra Nevada \u00eei poart\u0103 azi numele. <\/p>\n","protected":false},"excerpt":{"rendered":"<p>de Adrian Grauenfels &nbsp; Un t\u00e2n\u0103r de numai 14 ani, \u00eenarmat cu un aparat primitiv de fotografiat, un Kodak no.1, \u00eei scria din Sierra Nevada m\u0103tu\u015fii sale Mary din San Francisco: &#8220;Drag\u0103 m\u0103tu\u015f\u0103. Sunt \u00een mun\u0163i. \u00cen ritmul \u00een care fac aici poze voi fi cur\u00e2nd pe jant\u0103. Deja am f\u0103cut peste 30&#8221;. Nimic nu [&hellip;]<\/p>\n","protected":false},"author":2,"featured_media":0,"comment_status":"open","ping_status":"open","sticky":false,"template":"","format":"standard","meta":{"jetpack_post_was_ever_published":false,"_jetpack_newsletter_access":"","_jetpack_dont_email_post_to_subs":false,"_jetpack_newsletter_tier_id":0,"_jetpack_memberships_contains_paywalled_content":false,"_jetpack_memberships_contains_paid_content":false,"footnotes":""},"categories":[794,118],"tags":[87,1155,1127],"class_list":["post-7810","post","type-post","status-publish","format-standard","hentry","category-egophobia-33","category-imagini","tag-adrian-grauenfels","tag-egophobia-33","tag-imagini"],"jetpack_featured_media_url":"","jetpack_sharing_enabled":true,"jetpack_shortlink":"https:\/\/wp.me\/p6DakB-21Y","_links":{"self":[{"href":"https:\/\/egophobia.ro\/index.php?rest_route=\/wp\/v2\/posts\/7810","targetHints":{"allow":["GET"]}}],"collection":[{"href":"https:\/\/egophobia.ro\/index.php?rest_route=\/wp\/v2\/posts"}],"about":[{"href":"https:\/\/egophobia.ro\/index.php?rest_route=\/wp\/v2\/types\/post"}],"author":[{"embeddable":true,"href":"https:\/\/egophobia.ro\/index.php?rest_route=\/wp\/v2\/users\/2"}],"replies":[{"embeddable":true,"href":"https:\/\/egophobia.ro\/index.php?rest_route=%2Fwp%2Fv2%2Fcomments&post=7810"}],"version-history":[{"count":10,"href":"https:\/\/egophobia.ro\/index.php?rest_route=\/wp\/v2\/posts\/7810\/revisions"}],"predecessor-version":[{"id":7829,"href":"https:\/\/egophobia.ro\/index.php?rest_route=\/wp\/v2\/posts\/7810\/revisions\/7829"}],"wp:attachment":[{"href":"https:\/\/egophobia.ro\/index.php?rest_route=%2Fwp%2Fv2%2Fmedia&parent=7810"}],"wp:term":[{"taxonomy":"category","embeddable":true,"href":"https:\/\/egophobia.ro\/index.php?rest_route=%2Fwp%2Fv2%2Fcategories&post=7810"},{"taxonomy":"post_tag","embeddable":true,"href":"https:\/\/egophobia.ro\/index.php?rest_route=%2Fwp%2Fv2%2Ftags&post=7810"}],"curies":[{"name":"wp","href":"https:\/\/api.w.org\/{rel}","templated":true}]}}