{"id":83,"date":"2009-05-31T08:13:54","date_gmt":"2009-05-31T06:13:54","guid":{"rendered":"http:\/\/egophobia.ro\/revista\/?p=83"},"modified":"2009-09-13T22:53:12","modified_gmt":"2009-09-13T20:53:12","slug":"stele-verzi-19","status":"publish","type":"post","link":"https:\/\/egophobia.ro\/?p=83","title":{"rendered":"Stele verzi 24"},"content":{"rendered":"<p align=justify>M\u00e2ine plec din spital, \u00eei spuse el f\u0103r\u0103 s\u0103 mai a\u015ftepte s\u0103 o salute \u00eent\u00e2i.<\/p>\n<p align=justify>Deja?<\/p>\n<p align=justify>Ea \u00eel \u00eentreb\u0103 ca \u015fi cum nu ar fi \u015ftiut de la \u00eenceput c\u0103 \u00eentr-o zi va veni \u015fi ziua de m\u00e2ine.<\/p>\n<p align=justify>Sunt externabil, \u00eei r\u0103spunse el pe un ton oficial de parc\u0103 s-ar fi aflat nu \u00een fa\u0163a ei, ci \u00eenaintea unor autorit\u0103\u0163i.<\/p>\n<p><!--more--><\/p>\n<p align=justify>\u00cen\u0163eleg, spuse ea, f\u0103r\u0103 s\u0103 \u00een\u0163eleag\u0103 totu\u015fi nimic.<\/p>\n<p align=justify>Da, agrav\u0103 el \u015fi mai mult lini\u015ftea verbal\u0103 dintre ei.<\/p>\n<p align=justify>\u00censeamn\u0103 c\u0103 nu o s\u0103 ne mai vedem?<\/p>\n<p align=justify>\u00centrebarea ei p\u0103rea s\u0103 aib\u0103 un rost numai dac\u0103 r\u0103spunsul pe care el i l-ar da ar fi unul pe deplinul ei plac.<\/p>\n<p align=justify>Nu \u015ftiu ce \u00eenseamn\u0103 externabilitatea mea, r\u0103spunse savantul din el, lu\u00e2ndu-i locul fiindc\u0103 el nu mai \u015ftia ce s\u0103 spun\u0103 de c\u00e2nd, dintr-o dat\u0103, ea \u00eei r\u0103s\u0103ri \u00een fa\u0163\u0103 ca un cer \u00eenfundat cu stele.<\/p>\n<p align=justify>Dar ai vrea s\u0103 ne mai vedem \u015fi dup\u0103 ce ie\u015fi din spital?<\/p>\n<p align=justify>Ea insist\u0103 \u00een \u00eentreb\u0103rile ei f\u0103r\u0103 rost continu\u00e2nd s\u0103 spere c\u0103, p\u00e2n\u0103 la urm\u0103, el \u00eei va da r\u0103spunsul care s\u0103 o mul\u0163umeasc\u0103 \u015fi \u00een sim\u0163urile marginale.<\/p>\n<p align=justify>Cred c\u0103 a\u015f mai vrea, dar nu sunt sigur dac\u0103 a\u015f mai vrea cu adev\u0103rat, \u00ee\u015fi aminti el de oftica sa originar\u0103.<\/p>\n<p align=justify>Pentru c\u0103 nu \u015ftii cu siguran\u0163\u0103?<\/p>\n<p align=justify>Ce?<\/p>\n<p align=justify>Dac\u0103 te-am b\u0103gat \u00een seam\u0103 sau nu.<\/p>\n<p align=justify>M-ai b\u0103gat \u00een seam\u0103, fire\u015fte, dar \u00een felul t\u0103u special, \u00eencerc\u0103 el s\u0103 extrag\u0103 din savantul lui particular un dram de \u00een\u0163elepciune.<\/p>\n<p align=justify>S\u0103 \u015ftii c\u0103 nu e adev\u0103rat.<\/p>\n<p align=justify>Ce?<\/p>\n<p align=justify>C\u0103 nu te-am b\u0103gat \u00een seam\u0103.<\/p>\n<p align=justify>Oare?<\/p>\n<p align=justify>Da.<\/p>\n<p align=justify>Bine.<\/p>\n<p align=justify>Nu, nu e bine a\u015fa.<\/p>\n<p align=justify>Cum altfel?<\/p>\n<p align=justify>Bine e numai dac\u0103 \u00een\u0163elegi c\u0103 te-am b\u0103gat \u00een seam\u0103. Nu \u015ftiu de ce insi\u015fti c\u0103 nu am fost tot timpul l\u00e2ng\u0103 tine, c\u00e2nd tot timpul nici nu m-am mi\u015fcat din centrul fragmentului meu de banc\u0103. Am fost at\u00e2t de l\u00e2ng\u0103 tine, \u00eenc\u00e2t nici nu m-am putut mi\u015fca c\u0103tre periferiile lui.<\/p>\n<p align=justify>Lui?<\/p>\n<p align=justify>\u00centrebarea sa ar fi putut veni din gelozie, dar nu. Fusese doar neatent fiindc\u0103, \u00een timp ce vorbise, ea \u00eel prinse de m\u00e2n\u0103 din nou, cu mai mult de un singur deget, desfiin\u0163\u00e2nd astfel mai drastic pasul trecut dintre ei, pe care el ar fi vrut, totu\u015fi, s\u0103 \u00eel readuc\u0103 la primele sale dimensiuni.<\/p>\n<p align=justify>Ale fragmentului, z\u00e2mbi ea descentrat.<\/p>\n<p align=justify>Fragmentului?<\/p>\n<p align=justify>Poate c\u0103 deja el \u00eencepuse s\u0103 \u00een\u0163eleag\u0103 despre ce vorbe\u015fte ea, dar voia s\u0103 se r\u0103zbune un pic pe felul \u00een care \u00eel tratase.<\/p>\n<p align=justify>De banc\u0103, \u00eei spuse ea f\u0103r\u0103 s\u0103 ias\u0103 niciun strop din r\u0103bdare.<\/p>\n<p align=justify>Banc\u0103?<\/p>\n<p align=justify>Lui i-ar fi pl\u0103cut s\u0103 se joace \u00een continuare, dar ea \u00eencepu s\u0103 se maturizeze din ce \u00een ce mai rapid.<\/p>\n<p align=justify>\u015etii prea bine ce vreau s\u0103 spun. Nu mai \u00eentreba f\u0103r\u0103 rost, c\u00e2nd nu are rost s\u0103 \u00eentrebi f\u0103r\u0103 rost, repet\u0103 ea f\u0103r\u0103 rost c\u0103 el nu trebuia s\u0103 mai \u00eentrebe f\u0103r\u0103 rost lucruri pe care le \u015ftia dinainte.<\/p>\n<p align=justify>Se pare c\u0103 nu \u015ftiu deloc bine, insist\u0103 el s\u0103 r\u0103m\u00e2n\u0103 ofuscat din cauza probabil\u0103 a unei p\u0103reri.<\/p>\n<p align=justify>Vrei s\u0103 \u00ee\u0163i jur c\u0103 nu m-am mi\u015fcat de l\u00e2ng\u0103 tine niciun centimetru?<\/p>\n<p align=justify>Ce e un centimetru \u00een compara\u0163ie cu mine?<\/p>\n<p align=justify>Niciun centimetru, te asigur, \u00eel asigur\u0103 ea.<\/p>\n<p align=justify>Poate c\u0103 niciun centimetru, dar centimetrii \u00eenceteaz\u0103 s\u0103 mai conteze dup\u0103 ce au dep\u0103\u015fit un metru.<\/p>\n<p align=justify>S\u0103 l\u0103s\u0103m prostiile, \u00eei spuse ea.<\/p>\n<p align=justify>Scuz\u0103-m\u0103, se scuz\u0103 el, dar c\u00e2teodat\u0103 simt c\u0103 mai este \u00een mine o persoan\u0103, ciudat\u0103, te asigur, o asigur\u0103 el, care m\u0103 preia \u015fi vorbe\u015fte \u00een numele meu lucruri pe care eu nici nu le pot g\u00e2ndi.<\/p>\n<p align=justify>S\u0103 revenim mai bine la subiectul dinainte, propuse ea \u015fi el accept\u0103 pe loc.<\/p>\n<p align=justify>Accept pe loc, \u00eei confirm\u0103 el dup\u0103 aceea.<\/p>\n<p align=justify>Sau, \u015fi mai bine, s\u0103 vorbim despre ce voiai de fapt s\u0103 vorbim.<\/p>\n<p align=justify>Da, fu el de acord.<\/p>\n<p align=justify>\u015ei eu sunt de acord cu tine.<\/p>\n<p align=justify>E\u015fti de acord cu tine.<\/p>\n<p align=justify>A\u015fa am \u015fi spus.<\/p>\n<p align=justify>Stai! V\u0103 c\u0103 ne pierdem din noi \u00een vizaviile discu\u0163iei pe care ar trebui s\u0103 o avem cu adev\u0103rat.<\/p>\n<p align=justify>Serios?<\/p>\n<p align=justify>Da.<\/p>\n<p align=justify>\u015ei ce am putea face pentru a nu ne mai pierde \u00eenc\u0103 o dat\u0103 \u00een vizaviile ei?<\/p>\n<p align=justify>S\u0103 nu ne mai \u00eentrerupem, cred.<\/p>\n<p align=justify>\u015ei s\u0103 nu mai \u0163inem cont cine c\u00e2nd vorbe\u015fte?<\/p>\n<p align=justify>Bun\u0103 ideea. S\u0103 ne depersonaliz\u0103m \u015fi s\u0103 uit\u0103m pe moment cine suntem cu adev\u0103rat.<\/p>\n<p align=justify>\u015ei s\u0103 ne concentr\u0103m doar asupra adev\u0103rului pe care am\u00e2ndoi \u00eel c\u0103ut\u0103m.<\/p>\n<p align=justify>Da, a\u015fa ar trebui s\u0103 facem plus c\u0103, dac\u0103 am fi r\u0103mas prizonierii propriilor noastre identit\u0103\u0163i, adev\u0103rul poate c\u0103 ar fi continuat s\u0103 ni se refuze \u015fi am fi r\u0103mas f\u0103r\u0103 rost \u00een vizaviile discu\u0163iei noastre.<\/p>\n<p align=justify>\u015etiu c\u0103 ai dori s\u0103 aduci o completare. Adu-o p\u00e2n\u0103 nu o aduc eu pe a mea.<\/p>\n<p align=justify>Da.<\/p>\n<p align=justify>Bine.<\/p>\n<p align=justify>Adev\u0103rul nu este a\u015fa de u\u015for de g\u0103sit. C\u00e2teodat\u0103 e greu s\u0103 \u00eei dai de urm\u0103 chiar \u015fi c\u00e2nd te abandonezi total lui \u015fi ui\u0163i complet de tine \u015fi nu mai \u015ftii nimic dec\u00e2t c\u0103 trebuie s\u0103 \u00eel g\u0103se\u015fti cu orice chip \u015fi dac\u0103 g\u0103sirea lui pur \u015fi simplu te-ar ruina identitar.<\/p>\n<p align=justify>\u015ei tu vrei s\u0103 vii cu un plus \u00een plusul meu \u015fi am de g\u00e2nd s\u0103 \u0163i-l ascult.<\/p>\n<p align=justify>Bine.<\/p>\n<p align=justify>Da.<\/p>\n<p align=justify>Adev\u0103rul ar trebui g\u0103sit chiar dac\u0103, dup\u0103 ce l-ai g\u0103sit, nu mai e\u015fti persoana de la \u00eenceputul c\u0103ut\u0103rilor. \u015ei, dac\u0103 nu mai e\u015fti tu, \u015fi e\u015fti altul, cel pu\u0163in e\u015fti cu sufletul \u00eemp\u0103cat c\u0103 ai, \u00een sf\u00e2r\u015fit, adev\u0103rul \u00een m\u00e2n\u0103, iar m\u00e2na ta proprie, satisf\u0103cut\u0103, o ai \u00een pumnii cu care ai amenin\u0163at c\u0103 \u00ee\u0163i vei lua via\u0163a dac\u0103 nu dai, \u00een cel mai scurt timp, de adev\u0103r.<\/p>\n<p align=justify>Ai perfect\u0103 dreptate.<\/p>\n<p align=justify>Am. Dar \u015fi tu ai.<\/p>\n<p align=justify>Ce?<\/p>\n<p align=justify>Dreptate perfect\u0103.<\/p>\n<p align=justify>Da, \u015fi eu am. F\u0103r\u0103 simetria drept\u0103\u0163ii nici nu ne-am putea aventura de altfel \u00een c\u0103utarea adev\u0103rului.<\/p>\n<p align=justify>Corect.<\/p>\n<p align=justify>Crezi?<\/p>\n<p align=justify>Cred.<\/p>\n<p align=justify>Atunci \u015fi eu cred la fel.<\/p>\n<p align=justify>Am\u00e2ndoi credem \u00een aceea\u015fi manier\u0103.<\/p>\n<p align=justify>\u015ei \u00een acela\u015fi fel.<\/p>\n<p align=justify>Da.<\/p>\n<p align=justify>Sper s\u0103 \u015fi credem, \u00een maniera noastr\u0103 comun\u0103, \u015fi \u00een acela\u015fi lucru.<\/p>\n<p align=justify>\u00cen adev\u0103rul pe care \u00eel c\u0103ut\u0103m.<\/p>\n<p align=justify>\u00centocmai.<\/p>\n<p align=justify>Sper \u015fi eu.<\/p>\n<p align=justify>\u015ei speratul v\u0103d c\u0103 \u00eel \u00eemp\u0103rt\u0103\u015fim.<\/p>\n<p align=justify>\u00cel.<\/p>\n<p align=justify>E bine s\u0103 fim at\u00e2t de identici?<\/p>\n<p align=justify>\u00cencepi s\u0103 te \u00eengrijorezi c\u0103, dup\u0103 ce ne-am suspendat adev\u0103ratele identit\u0103\u0163i pentru a putea g\u0103si mai u\u015for adev\u0103rul, ni le-am putea \u015fi anula complet dac\u0103 mergem \u00een continuare pe acela\u015fi drum?<\/p>\n<p align=justify>M\u0103.<\/p>\n<p align=justify>De ce?<\/p>\n<p align=justify>Fiindc\u0103 una e s\u0103 ai o identitate pe care \u0163i-o ascunzi temporar, p\u00e2n\u0103 c\u00e2nd nu mai trebuie s\u0103 faci astfel, \u015fi alta e ca aceast\u0103 strategie s\u0103 \u00ee\u0163i cam anuleze cu totul identitatea \u015fi s\u0103 r\u0103m\u00e2i, \u00eentre identit\u0103\u0163i, cu niciuna a ta \u015fi numai a ta.<\/p>\n<p align=justify>Imposibil s\u0103 se \u00eent\u00e2mple a\u015fa.<\/p>\n<p align=justify>De ce?<\/p>\n<p align=justify>Pentru c\u0103 \u00een tot timpul \u00een care \u00ee\u0163i suspenzi identitatea tot tu e\u015fti.<\/p>\n<p align=justify>Cum a\u015fa?<\/p>\n<p align=justify>Simplu.<\/p>\n<p align=justify>Zi-mi \u015fi mie.<\/p>\n<p align=justify>\u00ce\u0163i.<\/p>\n<p align=justify>Ascult.<\/p>\n<p align=justify>Bine.<\/p>\n<p align=justify>Da.<\/p>\n<p align=justify>Tu r\u0103m\u00e2i tot tu fiindc\u0103 tu nu e\u015fti tot una cu identitatea ta, ea f\u0103c\u00e2nd parte din tine, dar nu \u015fi prelu\u00e2ndu-te pe tine \u00een totalitate. A\u015fa c\u0103 grosul r\u0103m\u00e2ne acela\u015fi \u015fi numai o mic\u0103 parte, ce nu poate influen\u0163a grosul t\u0103u, e suspendat.<\/p>\n<p align=justify>Totu\u015fi&#8230;<\/p>\n<p align=justify>Ca s\u0103 nu mai spun c\u0103 a suspenda nu \u00eenseamn\u0103 nicidecum a anula, ci doar a \u00eentrerupe temporar ceva.<\/p>\n<p align=justify>Totu\u015fi&#8230;<\/p>\n<p align=justify>\u015ei nicio \u00eentrerupere temporar\u0103, o dat\u0103 sf\u00e2r\u015fit\u0103, nu poate modifica ce a fost temporar \u00eentrerupt. Totul revine la normal, exact \u00een modul \u00een care normalul era \u00eenainte de a fi \u00eentrerupt. \u015ei dup\u0103 \u00eentrerupere totul continu\u0103 \u00een aceea\u015fi manier\u0103.<\/p>\n<p align=justify>\u015ei crezi c\u0103 nu las\u0103 nici urme? Urmele suspend\u0103rii?<br \/>\nNu, \u015fi dac\u0103 \u015ftii cum s\u0103 le elimini din identitatea ta proasp\u0103t reinstituit\u0103 \u00een tine.<\/p>\n<p align=justify>Elimini?<\/p>\n<p align=justify>Da.<\/p>\n<p align=justify>\u015ei cum s\u0103 o fac?<\/p>\n<p align=justify>Nu trebuie \u00eenc\u0103.<\/p>\n<p align=justify>De ce?<\/p>\n<p align=justify>Fiindc\u0103 nu \u0163i-ai suspendat identitatea cu adev\u0103rat. Ai r\u0103mas tot timpul tu.<\/p>\n<p align=justify>Crezi?<\/p>\n<p align=justify>Cred.<\/p>\n<p align=justify>Ce te face s\u0103 crezi a\u015fa ceva?<\/p>\n<p align=justify>Faptul c\u0103 nu ai renun\u0163at niciodat\u0103 la ce te caracterizeaz\u0103 mai mult \u015fi mai mult.<\/p>\n<p align=justify>Adic\u0103?<\/p>\n<p align=justify>Dorin\u0163a ta nest\u0103vilit\u0103 de a vorbi cu mine.<\/p>\n<p align=justify>\u0162i-e foame?<\/p>\n<p align=justify>Mi-e.<\/p>\n<p align=justify>\u015ei vrei s\u0103 m\u00e2nc\u0103m?<\/p>\n<p align=justify>Am\u00e2ndoi?<\/p>\n<p align=justify>Da.<\/p>\n<p align=justify>Cum a\u015fa?<\/p>\n<p align=justify>Ca s\u0103 ne restabilim identit\u0103\u0163ile \u015fi s\u0103 \u015ftim din nou cine trebuia de fapt s\u0103 m\u0103n\u00e2nce \u015fi cine trebuia dintre noi s\u0103 fie servit&#8230;<\/p>\n<p align=justify>&#8230; \u015fi cine trebuie s\u0103 fie pacientul \u015fi cine trebuie s\u0103 fie buc\u0103t\u0103reasa de la cantin\u0103?<\/p>\n<p align=justify>Exact.<\/p>\n<p align=justify>\u015ei cine, mai ales, trebuie s\u0103 \u015ftie adev\u0103rul \u015fi cine trebuie s\u0103 \u00eel spun\u0103?<\/p>\n<p align=justify>\u015ei \u00eenc\u0103 ceva.<\/p>\n<p align=justify>Ce?<\/p>\n<p align=justify>\u015ei cine dintre noi este femeia \u015fi cine este b\u0103rbatul pentru a \u015fti c\u00e2nd o s\u0103 ne \u00eent\u00e2lnim urm\u0103toarea dat\u0103 cine \u00eei face curte cui \u015fi cui \u00eei este dor de cine.<\/p>\n<p align=justify>Deocamdat\u0103 s\u0103 m\u00e2nc\u0103m \u015fi s\u0103 intr\u0103m \u00een noi \u00een\u015fine.<\/p>\n<p align=justify>Fiindc\u0103 prea mult am stat \u00een afara noastr\u0103.<\/p>\n<p align=justify>\u015ei poate am \u015fi uitat cine suntem.<\/p>\n<p align=justify>De uitat, nu am uitat. Eu sunt eu \u015fi mi-e foame.<\/p>\n<p align=justify>\u015ei eu sunt eu \u015fi mi-e foame.<\/p>\n<p align=justify>De aceea noi suntem noi \u015fi ne este foame.<\/p>\n<p align=justify>Poft\u0103 bun\u0103, atunci.<\/p>\n<p align=justify>Atunci, poft\u0103 bun\u0103.<\/p>\n<p>(va urma)<\/p>\n","protected":false},"excerpt":{"rendered":"<p>M\u00e2ine plec din spital, \u00eei spuse el f\u0103r\u0103 s\u0103 mai a\u015ftepte s\u0103 o salute \u00eent\u00e2i. Deja? Ea \u00eel \u00eentreb\u0103 ca \u015fi cum nu ar fi \u015ftiut de la \u00eenceput c\u0103 \u00eentr-o zi va veni \u015fi ziua de m\u00e2ine. Sunt externabil, \u00eei r\u0103spunse el pe un ton oficial de parc\u0103 s-ar fi aflat nu \u00een fa\u0163a [&hellip;]<\/p>\n","protected":false},"author":3,"featured_media":0,"comment_status":"closed","ping_status":"open","sticky":false,"template":"","format":"standard","meta":{"jetpack_post_was_ever_published":false,"_jetpack_newsletter_access":"","_jetpack_dont_email_post_to_subs":false,"_jetpack_newsletter_tier_id":0,"_jetpack_memberships_contains_paywalled_content":false,"_jetpack_memberships_contains_paid_content":false,"footnotes":""},"categories":[3],"tags":[6,4,5],"class_list":["post-83","post","type-post","status-publish","format-standard","hentry","category-romanul-online","tag-literatura-virtuala-exclusiv-antuma","tag-patrick-calinescu","tag-roman-online"],"jetpack_featured_media_url":"","jetpack_sharing_enabled":true,"jetpack_shortlink":"https:\/\/wp.me\/p6DakB-1l","_links":{"self":[{"href":"https:\/\/egophobia.ro\/index.php?rest_route=\/wp\/v2\/posts\/83","targetHints":{"allow":["GET"]}}],"collection":[{"href":"https:\/\/egophobia.ro\/index.php?rest_route=\/wp\/v2\/posts"}],"about":[{"href":"https:\/\/egophobia.ro\/index.php?rest_route=\/wp\/v2\/types\/post"}],"author":[{"embeddable":true,"href":"https:\/\/egophobia.ro\/index.php?rest_route=\/wp\/v2\/users\/3"}],"replies":[{"embeddable":true,"href":"https:\/\/egophobia.ro\/index.php?rest_route=%2Fwp%2Fv2%2Fcomments&post=83"}],"version-history":[{"count":3,"href":"https:\/\/egophobia.ro\/index.php?rest_route=\/wp\/v2\/posts\/83\/revisions"}],"predecessor-version":[{"id":1608,"href":"https:\/\/egophobia.ro\/index.php?rest_route=\/wp\/v2\/posts\/83\/revisions\/1608"}],"wp:attachment":[{"href":"https:\/\/egophobia.ro\/index.php?rest_route=%2Fwp%2Fv2%2Fmedia&parent=83"}],"wp:term":[{"taxonomy":"category","embeddable":true,"href":"https:\/\/egophobia.ro\/index.php?rest_route=%2Fwp%2Fv2%2Fcategories&post=83"},{"taxonomy":"post_tag","embeddable":true,"href":"https:\/\/egophobia.ro\/index.php?rest_route=%2Fwp%2Fv2%2Ftags&post=83"}],"curies":[{"name":"wp","href":"https:\/\/api.w.org\/{rel}","templated":true}]}}