{"id":8490,"date":"2012-05-20T00:41:21","date_gmt":"2012-05-19T22:41:21","guid":{"rendered":"http:\/\/egophobia.ro\/?p=8490"},"modified":"2012-05-19T23:54:50","modified_gmt":"2012-05-19T21:54:50","slug":"saul-leiter-adeptul-fericirii","status":"publish","type":"post","link":"https:\/\/egophobia.ro\/?p=8490","title":{"rendered":"Saul Leiter, adeptul fericirii"},"content":{"rendered":"<p align=right>de Adrian Grauenfels<\/p>\n<p>&nbsp;<\/p>\n<p align=justify>\n<em>&#8220;Admit c\u0103 nu-s un adept al s\u0103r\u0103ciei. Am respect pentru vechile no\u0163iuni de frumuse\u0163e chiar dac\u0103 unora apar a fi demodat. Colegii mei care imortalizeaz\u0103 mizeria uman\u0103, cred c\u0103 rezolva o problem\u0103 serioas\u0103. Nu cred c\u0103 aceast\u0103 mizerie este mai profund\u0103 dec\u00e2t fericirea&#8221;.<\/em><\/p>\n<p>Saul Leiter s-a n\u0103scut \u00een anul 1923 \u00een USA \u00een statul Pennsylvania. Tat\u0103l s\u0103u studia Talmudul, iar Saul a \u00eenceput \u015fi el studii rabinice. La 12 ani cap\u0103t\u0103 de la mama sa o camer\u0103 de luat vederi, act care \u00eel apropie de fotografie at\u00e2t de mult \u00eenc\u00e2t la v\u00e2rsta de 23 de ani p\u0103r\u0103se\u015fte studiile teologice ca s\u0103 plece la New York pentru a deveni artist.<!--more--><\/p>\n<p><img data-recalc-dims=\"1\" decoding=\"async\" src=\"https:\/\/i0.wp.com\/i158.photobucket.com\/albums\/t103\/egophobia\/34\/Saul.jpg?w=600\" ><\/p>\n<p>Richard Dart, un pictor expresionist \u00eel \u00eencurajeaz\u0103 s\u0103 urmeze cursuri de fotografie \u015fi cur\u00e2nd Saul face rost de un Leica de 35 mm cu care (din 1948) \u00eencepe s\u0103 fac\u0103 fotografii color. \u00cempreun\u0103 cu al\u0163i arti\u015fti pun bazele unui curent numit de Jane Livingstone &#8220;\u015ecoala New York-ez\u0103 de fotografie&#8221;. Primele fotografii alb-negru arat\u0103 fantastica sa afinitate cu mediul, la care mai t\u00e2rziu ad\u0103ug\u0103 culoare. Geniul t\u00e2n\u0103rului \u00eel determin\u0103 pe celebrul fotograf Edward Steichen s\u0103-l invite la o expozi\u0163ie de fotografie deschis\u0103 la Muzeul de Arta Modern\u0103 (MOMA) \u00een 1935. Din anii &#8217;50 Leiter lucreaz\u0103 ca fotograf de mod\u0103 \u015fi apare frecvent \u00een revistele Elle, Vogue, Queen, Show etc.<\/p>\n<p><img data-recalc-dims=\"1\" decoding=\"async\" src=\"https:\/\/i0.wp.com\/i158.photobucket.com\/albums\/t103\/egophobia\/34\/leiter1.jpg?w=600\" ><\/p>\n<p>\u00cen timpul liber artistul prefer\u0103 s\u0103 se plimbe prin Paris \u015fi New York lu\u00e2nd fotografii de pl\u0103cere. Unele negative alb-negru au fost refolosite mai t\u00e2rziu \u00een unice m\u0103rturii ale acestor dou\u0103 mari ora\u015fe. Contribu\u0163ia lui Leiter la dezvoltarea artei fotografice este enorm\u0103 \u015fi unic\u0103. El folose\u015fte forme abstracte \u015fi compozi\u0163ii inovative av\u00e2nd calit\u0103\u0163i picturale. Calitatea lucr\u0103rilor \u00eel plaseaz\u0103 printre cei mai vesti\u0163i participan\u0163ii la \u015ecoal\u0103 New York-ez\u0103 contemporan\u0103, despre care editorul Martin Harrison scrie \u00een cartea <em>Saul Leiter Early Color<\/em> <\/p>\n<p><img data-recalc-dims=\"1\" decoding=\"async\" src=\"https:\/\/i0.wp.com\/i158.photobucket.com\/albums\/t103\/egophobia\/34\/saulleitercreativeshootinspirationengagement10.jpg?w=600\" ><\/p>\n<p>Sensibilitatea fotografului Leiter \u00eel deta\u015feaz\u0103 departe de confrunt\u0103rile viscerale, morbide, de nelini\u015ftea urbanului a\u015fa cum o vedem la Robert Frank sau William Klein. \u00centr-adev\u0103r, camera este o alternativ\u0103 prin care artistul \u00eencadreaz\u0103 \u015fi prive\u015fte realitatea. El caut\u0103 momentele de lini\u015fte, de omenie \u00een v\u00e2rtejul metropolei New York. Leiter produce imagini pastorale, unice, \u00een condi\u0163iile cele mai neprielnice fotografiei.<\/p>\n<p><img data-recalc-dims=\"1\" decoding=\"async\" src=\"https:\/\/i0.wp.com\/i158.photobucket.com\/albums\/t103\/egophobia\/34\/Harlem1960.jpg?w=600\" ><\/p>\n<p>Timp de ani Leiter lucreaz\u0103 ca fotograf dar \u015fi ca pictor. Dezvoltase o tehnic\u0103 aparte \u00een care aplica nudurilor fotografiate straturi succesive de gua\u015fe \u015fi acuarel\u0103. O alt\u0103 carte publicat\u0103 de Harrison discut\u0103 cu entuziasm aspecte ale fotografiei de mod\u0103 dup\u0103 anul 1945. Ca urmare, galerii \u015fi prestigioase colec\u0163ii de art\u0103 achizi\u0163ioneaz\u0103 pe Leiter.<\/p>\n<p><img data-recalc-dims=\"1\" decoding=\"async\" src=\"https:\/\/i0.wp.com\/i158.photobucket.com\/albums\/t103\/egophobia\/34\/tumblr_ltsf6vCJjD1qdwo7go1_1280.jpg?w=600\" ><\/p>\n<p>MOMA \u00eel prezint\u0103 de dou\u0103 ori \u00een anii &#8217;50, iar \u00een 1957 are loc o conferin\u0163\u0103 despre fotografia experimental\u0103 cuprinz\u00e2nd \u015fi o expozi\u0163ie a 20 de fotografii color semnate de Leiter. \u00cen anul 2008, Funda\u0163ia Cartier-Bresson organizeaz\u0103 la Paris prima sa mare expozi\u0163ie european\u0103. Un etaj este dedicat fotografiei alb-negru, alt etaj celei \u00een culori. La 88 de ani Leiter este \u00eenc\u0103 activ. L-am \u00eent\u00e2lnit la Amsterdam \u00eentr-o minunat\u0103 expozi\u0163ie numit\u0103 <em>Reflec\u0163ii din New York<\/em> deschis\u0103 la muzeul de istorie evreiasc\u0103 al ora\u015fului. G\u0103sim acolo o distins\u0103 retrospectiv\u0103 cu lucr\u0103ri alb-negru \u00eenso\u0163ite de recente fotografii color, pictur\u0103, mod\u0103 \u015fi fotografie urban\u0103. \u00cen prospectul expozi\u0163iei Leiter scrie: &#8220;O mare parte din via\u0163\u0103 am fost ignorat. Dar eram fericit, s\u0103 fi neluat \u00een seam\u0103 este un privilegiu. Cred c\u0103 astfel am \u00eenv\u0103\u0163at s\u0103 v\u0103d ce nu vedeau ceilal\u0163i \u015fi nu reac\u0163ionau la situa\u0163ii. Simplu spus, eu am privit spontan lumea, f\u0103r\u0103 vreo alt\u0103 preg\u0103tire.&#8221;<\/p>\n<p><img data-recalc-dims=\"1\" decoding=\"async\" src=\"https:\/\/i0.wp.com\/i158.photobucket.com\/albums\/t103\/egophobia\/34\/FootonEl1954.jpg?w=600\" ><\/p>\n<p>La conferin\u0163a de pres\u0103 Leiter admite c\u0103 foarte des achizi\u0163iona filme expirate, adora s\u0103 fie surprins de schimb\u0103rile neprev\u0103zute \u00een culoare. Despre Robert Frank povestea amuzat c\u0103 la o cafea acesta i-ar fi declarat c\u0103 pleac\u0103 \u00een Elve\u0163ia pentru c\u0103 &#8220;\u00een America nu mai e nimic interesant de fotografiat&#8221;. Apoi a produs splendida serie <em>The Americans<\/em>.<\/p>\n<p>F\u0103r\u0103 \u00eendoial\u0103 c\u0103 Leiter r\u0103m\u00e2ne un artist liric al frumosului dus p\u00e2n\u0103 la abstract, \u00een reflec\u0163ia \u015fi umbra unui fr\u0103m\u00e2ntat secol XX.<\/p>\n","protected":false},"excerpt":{"rendered":"<p>de Adrian Grauenfels &nbsp; &#8220;Admit c\u0103 nu-s un adept al s\u0103r\u0103ciei. Am respect pentru vechile no\u0163iuni de frumuse\u0163e chiar dac\u0103 unora apar a fi demodat. Colegii mei care imortalizeaz\u0103 mizeria uman\u0103, cred c\u0103 rezolva o problem\u0103 serioas\u0103. Nu cred c\u0103 aceast\u0103 mizerie este mai profund\u0103 dec\u00e2t fericirea&#8221;. Saul Leiter s-a n\u0103scut \u00een anul 1923 \u00een [&hellip;]<\/p>\n","protected":false},"author":2,"featured_media":0,"comment_status":"open","ping_status":"open","sticky":false,"template":"","format":"standard","meta":{"jetpack_post_was_ever_published":false,"_jetpack_newsletter_access":"","_jetpack_dont_email_post_to_subs":false,"_jetpack_newsletter_tier_id":0,"_jetpack_memberships_contains_paywalled_content":false,"_jetpack_memberships_contains_paid_content":false,"footnotes":""},"categories":[817,118],"tags":[87,1157,1127,879],"class_list":["post-8490","post","type-post","status-publish","format-standard","hentry","category-egophobia-34","category-imagini","tag-adrian-grauenfels","tag-egophobia-34","tag-imagini","tag-saul-leiter"],"jetpack_featured_media_url":"","jetpack_sharing_enabled":true,"jetpack_shortlink":"https:\/\/wp.me\/p6DakB-2cW","_links":{"self":[{"href":"https:\/\/egophobia.ro\/index.php?rest_route=\/wp\/v2\/posts\/8490","targetHints":{"allow":["GET"]}}],"collection":[{"href":"https:\/\/egophobia.ro\/index.php?rest_route=\/wp\/v2\/posts"}],"about":[{"href":"https:\/\/egophobia.ro\/index.php?rest_route=\/wp\/v2\/types\/post"}],"author":[{"embeddable":true,"href":"https:\/\/egophobia.ro\/index.php?rest_route=\/wp\/v2\/users\/2"}],"replies":[{"embeddable":true,"href":"https:\/\/egophobia.ro\/index.php?rest_route=%2Fwp%2Fv2%2Fcomments&post=8490"}],"version-history":[{"count":2,"href":"https:\/\/egophobia.ro\/index.php?rest_route=\/wp\/v2\/posts\/8490\/revisions"}],"predecessor-version":[{"id":8492,"href":"https:\/\/egophobia.ro\/index.php?rest_route=\/wp\/v2\/posts\/8490\/revisions\/8492"}],"wp:attachment":[{"href":"https:\/\/egophobia.ro\/index.php?rest_route=%2Fwp%2Fv2%2Fmedia&parent=8490"}],"wp:term":[{"taxonomy":"category","embeddable":true,"href":"https:\/\/egophobia.ro\/index.php?rest_route=%2Fwp%2Fv2%2Fcategories&post=8490"},{"taxonomy":"post_tag","embeddable":true,"href":"https:\/\/egophobia.ro\/index.php?rest_route=%2Fwp%2Fv2%2Ftags&post=8490"}],"curies":[{"name":"wp","href":"https:\/\/api.w.org\/{rel}","templated":true}]}}